{"id":36267,"date":"2023-04-16T00:36:00","date_gmt":"2023-04-16T03:36:00","guid":{"rendered":"http:\/\/www.rtvnoticias.com.ar\/?p=36267"},"modified":"2023-04-15T10:42:23","modified_gmt":"2023-04-15T13:42:23","slug":"neuquen-y-rio-negro-eligen-gobernador-quienes-son-los-candidatos","status":"publish","type":"post","link":"http:\/\/www.rtvnoticias.com.ar\/?p=36267","title":{"rendered":"Neuqu\u00e9n y R\u00edo Negro eligen gobernador: qui\u00e9nes son los candidatos"},"content":{"rendered":"\n<p class=\"has-text-align-center\"><strong>Ser\u00e1 mediante el sistema de voto electr\u00f3nico. Los comicios se celebran este domingo y se elige, adem\u00e1s, vicegobernador, diputados, intendentes y consejeros escolares.<\/strong><\/p>\n\n\n\n<p>La provincia de R\u00edo Negro elegir\u00e1 este domingo gobernador, 46 diputados provinciales y 22 intendentes, luego de que la jurisdicci\u00f3n opt\u00f3 por desdoblar sus comicios locales de los nacionales.<\/p>\n\n\n\n<p>Con un padr\u00f3n de 589.251 electores y 1.785 mesas habilitadas para votar, R\u00edo Negro se encamina a renovar autoridades dado que la gobernadora actual, Arabela Carreras, decidi\u00f3 no ir en b\u00fasqueda de un nuevo mandato.<\/p>\n\n\n\n<p>Las alianzas pol\u00edticas que se presentan para competir son: Juntos Somos R\u00edo Negro, Nos Une R\u00edo Negro, Podemos Proyectar R\u00edo Negro, Cambia R\u00edo Negro, Alianza Vamos con Todos, Unidad para la Victoria, Frente de Izquierda, Movimiento Al Socialismo (MAS), Somos Unidad Popular y Social, y Primero R\u00edo Negro.<\/p>\n\n\n\n<p>El oficialista Juntos Somos R\u00edo Negro buscar\u00e1 mantener la administraci\u00f3n de la provincia durante otros cuatro a\u00f1os con la candidatura a gobernador del actual senador nacional Alberto Weretilneck, quien ya estuvo a cargo del Ejecutivo rionegrino desde 2012 hasta 2019.<\/p>\n\n\n\n<p>El senador nacional tiene como compa\u00f1ero de f\u00f3rmula al actual intendente de Viedma, Pedro Pessati, quienes tambi\u00e9n encabezar\u00e1n las boletas de Nos Une R\u00edo Negro y de la Uni\u00f3n C\u00edvica Radical.<\/p>\n\n\n\n<p>Por Cambia R\u00edo Negro, referenciada a nivel nacional con Juntos por el Cambio (JxC), se presentar\u00e1 como candidato a gobernador el actual diputado nacional del PRO, An\u00edbal Tortoriello, junto a su compa\u00f1ero de f\u00f3rmula Juan Pablo \u00c1lvarez Guerrero.<\/p>\n\n\n\n<p>En tanto, la Alianza Vamos con Todos propone a la ex diputada nacional Silvia Horne como candidata a gobernadora junto al abogado barilochense, Leandro Costa Brutten.<\/p>\n\n\n\n<p>Por Unidad para la Victoria se presentar\u00e1 como candidato a gobernador Gustavo Casas, actual delegado de Vialidad Nacional, acompa\u00f1ado de Luisa Villarroel, mientras que el ex sacerdote Rafael Zamaro y Marcela Roca, se postulan como gobernador y vice de Somos Unidad Popular y Social.<\/p>\n\n\n\n<p>Podemos Proyectar R\u00edo Negro tendr\u00e1 como candidato a gobernador a Gabriel Di Tullio, quien lleva como compa\u00f1ero de f\u00f3rmula a Hugo Cecchini.<\/p>\n\n\n\n<p>En el caso de la izquierda, se presentan Gabriel Musa y Cecilia Carrasco, por el \u00abFrente de Izquierda\u00bb, mientras que Aurelio V\u00e1zquez y Dora Rivera har\u00e1n lo propio por el \u00abMAS\u00bb.<\/p>\n\n\n\n<p>El frente \u00abPrimero R\u00edo Negro\u00bb, referenciados a nivel nacional con el diputado libertario y precandidato presidencial Javier Milei, postula para la gobernaci\u00f3n a Ariel Rivero junto a la escribana barilochense Sylvia Astuena como su compa\u00f1era de f\u00f3rmula.<\/p>\n\n\n\n<p>Por su parte, los vecinos de Cipoletti palpitan la elecci\u00f3n con \u00abtranquilidad\u00bb y una de ellas dijo a Cadena 3 que a diferencia de otras elecciones \u00abno hubo actos masivos, sino que se desarrollan dentro de los locales\u00bb.<\/p>\n\n\n\n<p>\u00abTiene que ver con las preocupaciones, no est\u00e1n tan pendientes de la elecci\u00f3n. Ya los conocemos, no necesitamos que nos digan mucho las propuestas\u00bb, afirm\u00f3 la mujer.<\/p>\n\n\n\n<p>M\u00e1s de 546 mil neuquinos elegir\u00e1n el domingo gobernador, entre seis f\u00f3rmulas que se presentan para conducir la provincia, donde tambi\u00e9n se votar\u00e1 35 diputados, intendente, concejales, integrantes de comisiones municipales, presidentes de comisiones de fomento y consejeros escolares en sus 52 comunas, bajo la modalidad de Boleta \u00danica Electr\u00f3nica.<\/p>\n\n\n\n<p>El Movimiento Popular Neuquino (MPN), que gobierna desde hace 60 a\u00f1os la provincia, postula como candidato a gobernador para suceder a Omar Gutierrez al actual vicegobernador Marcos Koopmann, junto a la exvicegobernadora de la gesti\u00f3n de Jorge Sapag, Ana Pech\u00e9n, acompa\u00f1ados por 9 listas colectoras..<\/p>\n\n\n\n<p>En tanto, el exvicegobernador y actual diputado nacional por el MPN, Rolando Figueroa, se presenta como el principal competidor de Koopmann, por Desarrollo Ciudadano y Comunidad, que ir\u00e1n como listas espejo, acompa\u00f1ado por la actual intendenta de Plottier, Gloria Ruiz, con siete colectoras.<\/p>\n\n\n\n<p>El Frente de Todos (FdT), que cont\u00f3 con el apoyo de funcionarios nacionales como los ministros de Obras P\u00fablicas y del Interior, Gabriel Katopodis y Eduardo \u00abWado\u00bb de Pedro, respectivamente, postula como gobernador al exintendente de Cutral C\u00f3 y parlamentario del Mercosur, Ram\u00f3n Rioseco, acompa\u00f1ado por la actual diputada provincial Ayel\u00e9n Guti\u00e9rrez para la vicegobernaci\u00f3n, con cuatro colectoras.<\/p>\n\n\n\n<p>Juntos por el Cambio (JxC), la \u00fanica propuesta que no present\u00f3 f\u00f3rmula mixta para la gobernaci\u00f3n, impulsa como gobernador al diputado nacional Pablo Cervi (UCR), acompa\u00f1ado por el exdiputado provincial, Jorge Taylor.<\/p>\n\n\n\n<p>Cervi, quien recibi\u00f3 el respaldo de la l\u00edder de la Coalici\u00f3n C\u00edvica (CC), Elisa Carri\u00f3, asegur\u00f3 que \u00aba partir del 16 de abril la historia empieza a cambiar\u00bb y dijo en su campa\u00f1a que \u00aben la calle los neuquinos me dicen que est\u00e1n cansados de un modelo de gesti\u00f3n agotado, que no redunda en beneficios para la gente de a pie\u00bb.<\/p>\n\n\n\n<p>A su vez, el Frente de Izquierda y de Trabajadores Unidad (FIT Unidad), que recibi\u00f3 el apoyo de la diputada nacional y precandidata a presidenta Myriam Bregman, lleva como candidata a gobernadora a la docente, referente gremial y exdiputada provincial, Patricia Jure, con el referente obrero de Zan\u00f3n y exdiputado, Ra\u00fal Godoy, como vice.<\/p>\n\n\n\n<p>Por su parte, Cumplir, que tiene como referente a nivel nacional al diputado Javier Milei, postula como gobernador al empresario de medios Carlos Egu\u00eda, acompa\u00f1ado por la empresaria inmobiliaria Catalina Uleri para la vicegobernaci\u00f3n.<\/p>\n\n\n\n<p>En estas elecciones tambi\u00e9n se renovar\u00e1 por completo la Legislatura unicameral, integrada por 35 diputados titulares y 18 suplentes, por lo que nueve diputados quedar\u00e1n sin banca por imposibilidad de renovar su mandato.<\/p>\n\n\n\n<p>Adem\u00e1s, se elegir\u00e1 intendente municipal y concejales en 13 municipios de segunda categor\u00eda y en cinco de primera categor\u00eda, miembros de 10 comisiones municipales, presidentes de 21 comisiones de fomento y consejeros escolares para los 14 distritos.<\/p>\n\n\n\n<p>Para la elecci\u00f3n se dispondr\u00e1 de 1.712 mesas distribuidas en 331 establecimientos ubicados en toda la provincia.<\/p>\n\n\n\n<p>El voto ser\u00e1 electr\u00f3nico, por lo que estima que los resultados de los comicios se conocer\u00e1n en corto plazo tras la votaci\u00f3n.<\/p>\n<div class=\"sharedaddy sd-sharing-enabled\"><div class=\"robots-nocontent sd-block sd-social sd-social-icon sd-sharing\"><h3 class=\"sd-title\">Comparte esto:<\/h3><div class=\"sd-content\"><ul><li class=\"share-twitter\"><a rel=\"nofollow noopener noreferrer\" data-shared=\"sharing-twitter-36267\" class=\"share-twitter sd-button share-icon no-text\" href=\"http:\/\/www.rtvnoticias.com.ar\/?p=36267&amp;share=twitter\" target=\"_blank\" title=\"Haz clic para compartir en Twitter\"><span><\/span><span class=\"sharing-screen-reader-text\">Haz clic para compartir en Twitter (Se abre en una ventana nueva)<\/span><\/a><\/li><li class=\"share-facebook\"><a rel=\"nofollow noopener noreferrer\" data-shared=\"sharing-facebook-36267\" class=\"share-facebook sd-button share-icon no-text\" href=\"http:\/\/www.rtvnoticias.com.ar\/?p=36267&amp;share=facebook\" target=\"_blank\" title=\"Haz clic para compartir en Facebook\"><span><\/span><span class=\"sharing-screen-reader-text\">Haz clic para compartir en Facebook (Se abre en una ventana nueva)<\/span><\/a><\/li><li class=\"share-jetpack-whatsapp\"><a rel=\"nofollow noopener noreferrer\" data-shared=\"\" class=\"share-jetpack-whatsapp sd-button share-icon no-text\" href=\"http:\/\/www.rtvnoticias.com.ar\/?p=36267&amp;share=jetpack-whatsapp\" target=\"_blank\" title=\"Haz clic para compartir en WhatsApp\"><span><\/span><span class=\"sharing-screen-reader-text\">Haz clic para compartir en WhatsApp (Se abre en una ventana nueva)<\/span><\/a><\/li><li class=\"share-telegram\"><a rel=\"nofollow noopener noreferrer\" data-shared=\"\" class=\"share-telegram sd-button share-icon no-text\" href=\"http:\/\/www.rtvnoticias.com.ar\/?p=36267&amp;share=telegram\" target=\"_blank\" title=\"Haz clic para compartir en Telegram\"><span><\/span><span class=\"sharing-screen-reader-text\">Haz clic para compartir en Telegram (Se abre en una ventana nueva)<\/span><\/a><\/li><li class=\"share-end\"><\/li><\/ul><\/div><\/div><\/div>","protected":false},"excerpt":{"rendered":"<p>Ser\u00e1 mediante el sistema de voto electr\u00f3nico. Los comicios se celebran este domingo y se elige, adem\u00e1s, vicegobernador, diputados, intendentes y consejeros escolares. La provincia<\/p>\n<div class=\"sharedaddy sd-sharing-enabled\"><div class=\"robots-nocontent sd-block sd-social sd-social-icon sd-sharing\"><h3 class=\"sd-title\">Comparte esto:<\/h3><div class=\"sd-content\"><ul><li class=\"share-twitter\"><a rel=\"nofollow noopener noreferrer\" data-shared=\"sharing-twitter-36267\" class=\"share-twitter sd-button share-icon no-text\" href=\"http:\/\/www.rtvnoticias.com.ar\/?p=36267&amp;share=twitter\" target=\"_blank\" title=\"Haz clic para compartir en Twitter\"><span><\/span><span class=\"sharing-screen-reader-text\">Haz clic para compartir en Twitter (Se abre en una ventana nueva)<\/span><\/a><\/li><li class=\"share-facebook\"><a rel=\"nofollow noopener noreferrer\" data-shared=\"sharing-facebook-36267\" class=\"share-facebook sd-button share-icon no-text\" href=\"http:\/\/www.rtvnoticias.com.ar\/?p=36267&amp;share=facebook\" target=\"_blank\" title=\"Haz clic para compartir en Facebook\"><span><\/span><span class=\"sharing-screen-reader-text\">Haz clic para compartir en Facebook (Se abre en una ventana nueva)<\/span><\/a><\/li><li class=\"share-jetpack-whatsapp\"><a rel=\"nofollow noopener noreferrer\" data-shared=\"\" class=\"share-jetpack-whatsapp sd-button share-icon no-text\" href=\"http:\/\/www.rtvnoticias.com.ar\/?p=36267&amp;share=jetpack-whatsapp\" target=\"_blank\" title=\"Haz clic para compartir en WhatsApp\"><span><\/span><span class=\"sharing-screen-reader-text\">Haz clic para compartir en WhatsApp (Se abre en una ventana nueva)<\/span><\/a><\/li><li class=\"share-telegram\"><a rel=\"nofollow noopener noreferrer\" data-shared=\"\" class=\"share-telegram sd-button share-icon no-text\" href=\"http:\/\/www.rtvnoticias.com.ar\/?p=36267&amp;share=telegram\" target=\"_blank\" title=\"Haz clic para compartir en Telegram\"><span><\/span><span class=\"sharing-screen-reader-text\">Haz clic para compartir en Telegram (Se abre en una ventana nueva)<\/span><\/a><\/li><li class=\"share-end\"><\/li><\/ul><\/div><\/div><\/div>","protected":false},"author":7,"featured_media":36268,"comment_status":"closed","ping_status":"closed","sticky":false,"template":"","format":"standard","meta":{"spay_email":"","jetpack_publicize_message":"","jetpack_is_tweetstorm":false,"jetpack_publicize_feature_enabled":true},"categories":[5],"tags":[],"jetpack_featured_media_url":"http:\/\/www.rtvnoticias.com.ar\/wp-content\/uploads\/2023\/04\/voto-electronico.jpg","jetpack_publicize_connections":[],"jetpack_sharing_enabled":true,"_links":{"self":[{"href":"http:\/\/www.rtvnoticias.com.ar\/index.php?rest_route=\/wp\/v2\/posts\/36267"}],"collection":[{"href":"http:\/\/www.rtvnoticias.com.ar\/index.php?rest_route=\/wp\/v2\/posts"}],"about":[{"href":"http:\/\/www.rtvnoticias.com.ar\/index.php?rest_route=\/wp\/v2\/types\/post"}],"author":[{"embeddable":true,"href":"http:\/\/www.rtvnoticias.com.ar\/index.php?rest_route=\/wp\/v2\/users\/7"}],"replies":[{"embeddable":true,"href":"http:\/\/www.rtvnoticias.com.ar\/index.php?rest_route=%2Fwp%2Fv2%2Fcomments&post=36267"}],"version-history":[{"count":1,"href":"http:\/\/www.rtvnoticias.com.ar\/index.php?rest_route=\/wp\/v2\/posts\/36267\/revisions"}],"predecessor-version":[{"id":36269,"href":"http:\/\/www.rtvnoticias.com.ar\/index.php?rest_route=\/wp\/v2\/posts\/36267\/revisions\/36269"}],"wp:featuredmedia":[{"embeddable":true,"href":"http:\/\/www.rtvnoticias.com.ar\/index.php?rest_route=\/wp\/v2\/media\/36268"}],"wp:attachment":[{"href":"http:\/\/www.rtvnoticias.com.ar\/index.php?rest_route=%2Fwp%2Fv2%2Fmedia&parent=36267"}],"wp:term":[{"taxonomy":"category","embeddable":true,"href":"http:\/\/www.rtvnoticias.com.ar\/index.php?rest_route=%2Fwp%2Fv2%2Fcategories&post=36267"},{"taxonomy":"post_tag","embeddable":true,"href":"http:\/\/www.rtvnoticias.com.ar\/index.php?rest_route=%2Fwp%2Fv2%2Ftags&post=36267"}],"curies":[{"name":"wp","href":"https:\/\/api.w.org\/{rel}","templated":true}]}}