{"id":36270,"date":"2023-04-16T00:50:00","date_gmt":"2023-04-16T03:50:00","guid":{"rendered":"http:\/\/www.rtvnoticias.com.ar\/?p=36270"},"modified":"2023-04-15T10:53:06","modified_gmt":"2023-04-15T13:53:06","slug":"el-gobierno-atribuyo-la-inflacion-a-la-guerra-y-la-sequia-y-aseguro-que-bajara","status":"publish","type":"post","link":"http:\/\/www.rtvnoticias.com.ar\/?p=36270","title":{"rendered":"El Gobierno atribuy\u00f3 la inflaci\u00f3n a la guerra y la sequ\u00eda y asegur\u00f3 que bajar\u00e1"},"content":{"rendered":"\n<p>La portavoz Gabriela Cerruti atribuy\u00f3 el 7,7% de inflaci\u00f3n registrado durante mes de marzo al \u00abpeor momento del impacto de la guerra\u00bb en Ucrania en los precios internacionales y a la sequ\u00eda que azota al pa\u00eds. \u00abNos duele, nos ocupa, c\u00f3mo afecta la vida cotidiana y a cada familia\u00bb, indic\u00f3 al respecto.<\/p>\n\n\n\n<p>Sus declaraciones llegaron minutos despu\u00e9s de que el Indec oficializara el incremento en los precios de marzo, y registrara una inflaci\u00f3n interanual de 104,3%. \u00abEl n\u00famero que vemos hoy representa el peor momento del impacto de la guerra en los precios internacionales y la peor sequ\u00eda de la historia en el pa\u00eds\u00bb, argument\u00f3 la portavoz a trav\u00e9s de sus redes sociales.<\/p>\n\n\n\n<p>El \u00edndice de marzo gener\u00f3 una oleada de cr\u00edticas de parte de la oposici\u00f3n que apunt\u00f3 contra la administraci\u00f3n de Alberto Fern\u00e1ndez, y el ministro de Econom\u00eda, Sergio Massa. A su parte, la vocera presidencial revel\u00f3 que el Gobierno redobla esfuerzos en la tarea y prometi\u00f3 una reducci\u00f3n del \u00edndice para los pr\u00f3ximos meses.<\/p>\n\n\n\n<p>\u00abEstamos redoblando esfuerzos, convencidos de que el camino es sostener el crecimiento y el orden que estamos logrando\u00bb, indic\u00f3, y agreg\u00f3: \u00abSabemos que la mayor\u00eda de los an\u00e1lisis nos muestran que este fue el peor momento y que comenz\u00f3 una tendencia a la baja que esperamos ver reflejada pr\u00f3ximamente\u00bb.<\/p>\n\n\n\n<p>Se trata de una de las deudas pendientes que reconocen desde la gesti\u00f3n de Alberto Fern\u00e1ndez junto con la p\u00e9rdida del poder adquisitivo del salario, aunque responsabilizan al expresidente Mauricio Macri por haber sentado las bases de la problem\u00e1tica. El espiral de precios se increment\u00f3 producto a las presiones estacionales que suelen ser habituales en el mes y no cede en la antesala de la campa\u00f1a electoral.<\/p>\n\n\n\n<p><strong>Datos oficiales<\/strong><\/p>\n\n\n\n<p>Seg\u00fan los datos del Indec, las mayores subas se registraron en el rubro Alimentos y bebidas no alcoh\u00f3licas (9,3%) con incidencia de todas las regiones, especialmente en Carnes y derivados. Tambi\u00e9n se destacaron subas en Verduras, tub\u00e9rculos y legumbres, leche, productos l\u00e1cteos y huevos, y frutas.<\/p>\n\n\n\n<p>Aunque el incremento que destac\u00f3 en el mes fue en Educaci\u00f3n (29,1%), atribuido a las subas en todos los niveles educativos al inicio del ciclo lectivo.<\/p>\n\n\n\n<p>El ministro de Econom\u00eda se encuentra en Washington, Estados Unidos, en plena negociaci\u00f3n con funcionarios del Fondo Monetario Internacional (FMI) y el Banco Mundial, y al momento no hizo declaraciones al respecto.<\/p>\n<div class=\"sharedaddy sd-sharing-enabled\"><div class=\"robots-nocontent sd-block sd-social sd-social-icon sd-sharing\"><h3 class=\"sd-title\">Comparte esto:<\/h3><div class=\"sd-content\"><ul><li class=\"share-twitter\"><a rel=\"nofollow noopener noreferrer\" data-shared=\"sharing-twitter-36270\" class=\"share-twitter sd-button share-icon no-text\" href=\"http:\/\/www.rtvnoticias.com.ar\/?p=36270&amp;share=twitter\" target=\"_blank\" title=\"Haz clic para compartir en Twitter\"><span><\/span><span class=\"sharing-screen-reader-text\">Haz clic para compartir en Twitter (Se abre en una ventana nueva)<\/span><\/a><\/li><li class=\"share-facebook\"><a rel=\"nofollow noopener noreferrer\" data-shared=\"sharing-facebook-36270\" class=\"share-facebook sd-button share-icon no-text\" href=\"http:\/\/www.rtvnoticias.com.ar\/?p=36270&amp;share=facebook\" target=\"_blank\" title=\"Haz clic para compartir en Facebook\"><span><\/span><span class=\"sharing-screen-reader-text\">Haz clic para compartir en Facebook (Se abre en una ventana nueva)<\/span><\/a><\/li><li class=\"share-jetpack-whatsapp\"><a rel=\"nofollow noopener noreferrer\" data-shared=\"\" class=\"share-jetpack-whatsapp sd-button share-icon no-text\" href=\"http:\/\/www.rtvnoticias.com.ar\/?p=36270&amp;share=jetpack-whatsapp\" target=\"_blank\" title=\"Haz clic para compartir en WhatsApp\"><span><\/span><span class=\"sharing-screen-reader-text\">Haz clic para compartir en WhatsApp (Se abre en una ventana nueva)<\/span><\/a><\/li><li class=\"share-telegram\"><a rel=\"nofollow noopener noreferrer\" data-shared=\"\" class=\"share-telegram sd-button share-icon no-text\" href=\"http:\/\/www.rtvnoticias.com.ar\/?p=36270&amp;share=telegram\" target=\"_blank\" title=\"Haz clic para compartir en Telegram\"><span><\/span><span class=\"sharing-screen-reader-text\">Haz clic para compartir en Telegram (Se abre en una ventana nueva)<\/span><\/a><\/li><li class=\"share-end\"><\/li><\/ul><\/div><\/div><\/div>","protected":false},"excerpt":{"rendered":"<p>La portavoz Gabriela Cerruti atribuy\u00f3 el 7,7% de inflaci\u00f3n registrado durante mes de marzo al \u00abpeor momento del impacto de la guerra\u00bb en Ucrania en<\/p>\n<div class=\"sharedaddy sd-sharing-enabled\"><div class=\"robots-nocontent sd-block sd-social sd-social-icon sd-sharing\"><h3 class=\"sd-title\">Comparte esto:<\/h3><div class=\"sd-content\"><ul><li class=\"share-twitter\"><a rel=\"nofollow noopener noreferrer\" data-shared=\"sharing-twitter-36270\" class=\"share-twitter sd-button share-icon no-text\" href=\"http:\/\/www.rtvnoticias.com.ar\/?p=36270&amp;share=twitter\" target=\"_blank\" title=\"Haz clic para compartir en Twitter\"><span><\/span><span class=\"sharing-screen-reader-text\">Haz clic para compartir en Twitter (Se abre en una ventana nueva)<\/span><\/a><\/li><li class=\"share-facebook\"><a rel=\"nofollow noopener noreferrer\" data-shared=\"sharing-facebook-36270\" class=\"share-facebook sd-button share-icon no-text\" href=\"http:\/\/www.rtvnoticias.com.ar\/?p=36270&amp;share=facebook\" target=\"_blank\" title=\"Haz clic para compartir en Facebook\"><span><\/span><span class=\"sharing-screen-reader-text\">Haz clic para compartir en Facebook (Se abre en una ventana nueva)<\/span><\/a><\/li><li class=\"share-jetpack-whatsapp\"><a rel=\"nofollow noopener noreferrer\" data-shared=\"\" class=\"share-jetpack-whatsapp sd-button share-icon no-text\" href=\"http:\/\/www.rtvnoticias.com.ar\/?p=36270&amp;share=jetpack-whatsapp\" target=\"_blank\" title=\"Haz clic para compartir en WhatsApp\"><span><\/span><span class=\"sharing-screen-reader-text\">Haz clic para compartir en WhatsApp (Se abre en una ventana nueva)<\/span><\/a><\/li><li class=\"share-telegram\"><a rel=\"nofollow noopener noreferrer\" data-shared=\"\" class=\"share-telegram sd-button share-icon no-text\" href=\"http:\/\/www.rtvnoticias.com.ar\/?p=36270&amp;share=telegram\" target=\"_blank\" title=\"Haz clic para compartir en Telegram\"><span><\/span><span class=\"sharing-screen-reader-text\">Haz clic para compartir en Telegram (Se abre en una ventana nueva)<\/span><\/a><\/li><li class=\"share-end\"><\/li><\/ul><\/div><\/div><\/div>","protected":false},"author":7,"featured_media":36271,"comment_status":"closed","ping_status":"closed","sticky":false,"template":"","format":"standard","meta":{"spay_email":"","jetpack_publicize_message":"","jetpack_is_tweetstorm":false,"jetpack_publicize_feature_enabled":true},"categories":[5],"tags":[],"jetpack_featured_media_url":"http:\/\/www.rtvnoticias.com.ar\/wp-content\/uploads\/2023\/04\/cerruti.jpg","jetpack_publicize_connections":[],"jetpack_sharing_enabled":true,"_links":{"self":[{"href":"http:\/\/www.rtvnoticias.com.ar\/index.php?rest_route=\/wp\/v2\/posts\/36270"}],"collection":[{"href":"http:\/\/www.rtvnoticias.com.ar\/index.php?rest_route=\/wp\/v2\/posts"}],"about":[{"href":"http:\/\/www.rtvnoticias.com.ar\/index.php?rest_route=\/wp\/v2\/types\/post"}],"author":[{"embeddable":true,"href":"http:\/\/www.rtvnoticias.com.ar\/index.php?rest_route=\/wp\/v2\/users\/7"}],"replies":[{"embeddable":true,"href":"http:\/\/www.rtvnoticias.com.ar\/index.php?rest_route=%2Fwp%2Fv2%2Fcomments&post=36270"}],"version-history":[{"count":1,"href":"http:\/\/www.rtvnoticias.com.ar\/index.php?rest_route=\/wp\/v2\/posts\/36270\/revisions"}],"predecessor-version":[{"id":36272,"href":"http:\/\/www.rtvnoticias.com.ar\/index.php?rest_route=\/wp\/v2\/posts\/36270\/revisions\/36272"}],"wp:featuredmedia":[{"embeddable":true,"href":"http:\/\/www.rtvnoticias.com.ar\/index.php?rest_route=\/wp\/v2\/media\/36271"}],"wp:attachment":[{"href":"http:\/\/www.rtvnoticias.com.ar\/index.php?rest_route=%2Fwp%2Fv2%2Fmedia&parent=36270"}],"wp:term":[{"taxonomy":"category","embeddable":true,"href":"http:\/\/www.rtvnoticias.com.ar\/index.php?rest_route=%2Fwp%2Fv2%2Fcategories&post=36270"},{"taxonomy":"post_tag","embeddable":true,"href":"http:\/\/www.rtvnoticias.com.ar\/index.php?rest_route=%2Fwp%2Fv2%2Ftags&post=36270"}],"curies":[{"name":"wp","href":"https:\/\/api.w.org\/{rel}","templated":true}]}}