{"id":36274,"date":"2023-04-17T10:28:49","date_gmt":"2023-04-17T13:28:49","guid":{"rendered":"http:\/\/www.rtvnoticias.com.ar\/?p=36274"},"modified":"2023-04-17T10:28:52","modified_gmt":"2023-04-17T13:28:52","slug":"sorpresa-en-neuquen-el-opositor-figueroa-rompio-60-anos-de-hegemonia-del-mpn","status":"publish","type":"post","link":"http:\/\/www.rtvnoticias.com.ar\/?p=36274","title":{"rendered":"Sorpresa en Neuqu\u00e9n: el opositor Figueroa rompi\u00f3 60 a\u00f1os de hegemon\u00eda del MPN"},"content":{"rendered":"\n<p class=\"has-text-align-center\"><strong>El exvicegobernador, que se alej\u00f3 del oficialismo provincial y form\u00f3 una alianza a ambos lados de la grieta, obtuvo el 35,55% de los votos. Marcos Koopmann, del Movimiento Popular Neuquino, logr\u00f3 el 32,93%.<\/strong><\/p>\n\n\n\n<p>El diputado nacional y candidato a gobernador opositor, Rolando Figueroa, se impuso este domingo en las elecciones de Neuqu\u00e9n y cort\u00f3 con la hegemon\u00eda del Movimiento Popular Neuquino (MPN), que no perd\u00eda desde hace 60 a\u00f1os en esa provincia patag\u00f3nica.<\/p>\n\n\n\n<p>Figueroa, un exgobernador que arm\u00f3 una coalici\u00f3n con sectores del PRO, la UCR y el peronismo, le sac\u00f3 tres puntos de diferencia al postulante del oficialismo Marcos Koopmann, impulsado por el gobernador actual, Omar Guti\u00e9rrez.<\/p>\n\n\n\n<p>Escrutadas el 96,87 por ciento de las mesas, Figueroa sumaba el 35,55 por ciento de los votos, mientras que Koopmann obten\u00eda el 32,93 por ciento.<\/p>\n\n\n\n<p>Con este resultado, Figueroa se queda con la gobernaci\u00f3n por los pr\u00f3ximos cuatro a\u00f1os.<\/p>\n\n\n\n<p>\u00abHoy dimos un gran paso, si se confirma esto para dejar un sistema feudal\u00bb, afirm\u00f3 el concejal de la capital Juan Pel\u00e1ez, en di\u00e1logo con Canal 7 de Neuqu\u00e9n.<\/p>\n\n\n\n<p>Los principales referentes de Juntos por el Cambio celebraron la victoria de Rolando Figueroa.<\/p>\n\n\n\n<p>El expresidente Mauricio Macri destac\u00f3 el \u00abhist\u00f3rico triunfo\u00bb de Figueroa sobre el Movimiento Popular Neuquino (MPN), espacio que ten\u00eda total hegemon\u00eda en la provincia desde hace 60 a\u00f1os.<\/p>\n\n\n\n<p>\u00abComo nos mostraron los muchachos de la Selecci\u00f3n en Qatar, estoy m\u00e1s convencido que nunca de que estamos ante un cambio de era. Felicitaciones, Rolo Figueroa, por este hist\u00f3rico triunfo!!!\u00bb, public\u00f3 Macri en su cuenta de la red social Twitter.<\/p>\n\n\n\n<p>Por el su parte, el jefe de Gobierno porte\u00f1o, Horacio Rodr\u00edguez Larreta, afirm\u00f3 que Figueroa podr\u00e1 \u00abcambiar Neuqu\u00e9n con transformaciones necesarias\u00bb.<\/p>\n\n\n\n<p>El diputado nacional Rolando Figueroa, que cont\u00f3 con el respaldo de figuras nacionales de Juntos por el Cambio como Mauricio Macri, fue parte del Movimiento Popular Neuquino, pero en estos comicios decidi\u00f3 romper con el partido y conformar el frente Comunidad.<\/p>\n\n\n\n<p>En 2018, hab\u00eda competido por la candidatura a gobernador contra Guti\u00e9rrez, fue vicegobernador y ahora ocupa una banca en la C\u00e1mara baja desde 2021.<\/p>\n\n\n\n<p><strong>Amplio triunfo del MPN en la capital provincial<br><\/strong>El actual intendente de la ciudad de Neuqu\u00e9n y candidato del Movimiento Popular Neuquino (MPN), Mariano Gaido, fue reelegido este domingo con el 42,40 por ciento de los votos, seg\u00fan indican los resultados del escrutinio provisorio.<\/p>\n\n\n\n<p>Su inmediato competidor, Juan Pel\u00e1ez, de Comunidad, consigui\u00f3 el 23,38 por ciento de los votos y reconoci\u00f3 que llam\u00f3 a Gaido para felicitarlo por la victoria.<\/p>\n\n\n\n<p>En tercer lugar, qued\u00f3 Jos\u00e9 Luis Artaza, del partido libertario Cumplir, con el 10,11 por ciento y, en el cuarto puesto, se ubic\u00f3 Ang\u00e9lica Lagunas, del Frente de Izquierda Unidad, con el 5,09 por ciento.<\/p>\n\n\n\n<p>Por su parte, la representante de Kolina, Soledad Salaburu, qued\u00f3 quinta, con el 2,98 por ciento, mientras que, en la sexta posici\u00f3n, se ubic\u00f3 Valeria Todero, de Juntos por el Cambio, con el 2,78 por ciento de los sufragios.<\/p>\n\n\n\n<p>El Frente de Todos, con Daniel Figueroa, obtuvo el 2,69 por ciento y la candidata de Libre del Sur, Cecilia Maletti, cosech\u00f3 el 2,29 por ciento. El Socialismo, con Lucas Ruiz, obtuvo el 0,96 por ciento de los votos.<\/p>\n\n\n\n<p>Mariano Gaido, del MPN, dio la nota y fue reelegido en la capital neuquina.<br>El triunfo de Gaido se produjo en la jornada en la que su fuerza perdi\u00f3 la gobernaci\u00f3n despu\u00e9s de 60 a\u00f1os de administraci\u00f3n ininterrumpida a manos Rolando Figueroa, con su sello Comunidad.<\/p>\n\n\n\n<p>El legislador nacional, que arm\u00f3 una coalici\u00f3n con sectores del PRO, la UCR y el peronismo, le sac\u00f3 tres puntos de diferencia al postulante del oficialismo Marcos Koopmann, impulsado por el gobernador actual, Omar Guti\u00e9rrez.<\/p>\n\n\n\n<p><strong>Juntos por el Cambio se qued\u00f3 con el triunfo en Trelew<br><\/strong>Gerardo Merino, de Juntos por el Cambio, gan\u00f3 este domingo a la noche las elecciones de intendente de la ciudad chubutense de Trelew, con el 32,26 por ciento de los votos, escrutadas el 95,42 por ciento de las mesas habilitadas, se inform\u00f3 oficialmente.<\/p>\n\n\n\n<p>Merino fue seguido por el candidato del Frente de Todos, Emanuel Coli\u00f1ir, con el 15,76 por ciento, y, en tercer lugar, se encontraba Gustavo Mac Karthy, por la Libertad Independiente Chubutense, con el 15,06 por ciento de los sufragios.<\/p>\n\n\n\n<p>La elecci\u00f3n cont\u00f3 con la asistencia del 68% del padr\u00f3n electoral de 88.388 electores.<\/p>\n\n\n\n<p>Merino sostuvo: \u201cEste resultado refleja lo que ven\u00edamos percibiendo durante la campa\u00f1a respecto a que la gente quer\u00eda un cambio\u00bb.<\/p>\n\n\n\n<p>Desde la dirigencia de Juntos por el Cambio, felicitaron a Merino a trav\u00e9s de las redes sociales, entre ellos los precandidatos presidenciales Horacio Rodr\u00edguez Larreta, Patricia Bullrich y Gerardo Morales.<\/p>\n\n\n\n<p>El candidato Mac Karthy reconoci\u00f3 el triunfo de Merino y sostuvo: \u00abLa gente requiri\u00f3 un cambio, lo manifest\u00f3 en las urnas y ahora estamos para colaborar\u00bb.<\/p>\n\n\n\n<p>Las 262 mesas electorales que fueron habilitadas para elegir intendente y 10 concejales en Trelew, la segunda ciudad de Chubut en cantidad de habitantes, cerraron, a las 18, las urnas dispuestas en las 47 escuelas con un 65 por ciento de asistencia del padr\u00f3n.<\/p>\n\n\n\n<p>Las alianzas electorales que disputaban la intendencia son el Frente de Todos (FdT), Juntos por el Cambio (JxC), Frente Unidad de Izquierda, Por la Libertad Independiente Chubutense y el Frente por Trelew.<\/p>\n\n\n\n<p>Actualmente, gobierna la ciudad el intendente Adri\u00e1n Maderna, del Frente por Chubut, quien reconoci\u00f3 el triunfo del candidato de Juntos por el Cambio, pidi\u00f3 \u00abno dramatizar una elecci\u00f3n\u00bb y record\u00f3 que \u00abel pueblo decidi\u00f3 que ganemos en otras oportunidades\u00bb.<\/p>\n\n\n\n<p>Maderna hab\u00eda apoyado la candidatura de la diputada provincial Leila Lloyd Jones, del partido municipal Somos Trelew, que se ubic\u00f3 en cuarto lugar, muy lejos de las proyecciones.<\/p>\n\n\n\n<p>De acuerdo con los resultados electorales difundidos por el Tribunal Electoral Municipal que comenz\u00f3 a cargar datos desde las 21, el Concejo Deliberante quedar\u00e1 integrado por seis ediles para JxC y las cuatro bancas restantes ser\u00e1n repartidas por sistema D&#8217;Hont entre el Frente de Todos, el Partido Independiente (aliado de Milei) y Somos Trelew.<\/p>\n\n\n\n<p>Las condiciones meteorol\u00f3gicas acompa\u00f1aron a lo largo de la jornada con una temperatura ambiente agradable, que lleg\u00f3 a los 19 grados, con cielo despejado y sin viento.<\/p>\n\n\n\n<p>Trelew ten\u00eda a 88.388 vecinos en condiciones de votar, entre ellos 1.434 en el padr\u00f3n de extranjeros.<\/p>\n<div class=\"sharedaddy sd-sharing-enabled\"><div class=\"robots-nocontent sd-block sd-social sd-social-icon sd-sharing\"><h3 class=\"sd-title\">Comparte esto:<\/h3><div class=\"sd-content\"><ul><li class=\"share-twitter\"><a rel=\"nofollow noopener noreferrer\" data-shared=\"sharing-twitter-36274\" class=\"share-twitter sd-button share-icon no-text\" href=\"http:\/\/www.rtvnoticias.com.ar\/?p=36274&amp;share=twitter\" target=\"_blank\" title=\"Haz clic para compartir en Twitter\"><span><\/span><span class=\"sharing-screen-reader-text\">Haz clic para compartir en Twitter (Se abre en una ventana nueva)<\/span><\/a><\/li><li class=\"share-facebook\"><a rel=\"nofollow noopener noreferrer\" data-shared=\"sharing-facebook-36274\" class=\"share-facebook sd-button share-icon no-text\" href=\"http:\/\/www.rtvnoticias.com.ar\/?p=36274&amp;share=facebook\" target=\"_blank\" title=\"Haz clic para compartir en Facebook\"><span><\/span><span class=\"sharing-screen-reader-text\">Haz clic para compartir en Facebook (Se abre en una ventana nueva)<\/span><\/a><\/li><li class=\"share-jetpack-whatsapp\"><a rel=\"nofollow noopener noreferrer\" data-shared=\"\" class=\"share-jetpack-whatsapp sd-button share-icon no-text\" href=\"http:\/\/www.rtvnoticias.com.ar\/?p=36274&amp;share=jetpack-whatsapp\" target=\"_blank\" title=\"Haz clic para compartir en WhatsApp\"><span><\/span><span class=\"sharing-screen-reader-text\">Haz clic para compartir en WhatsApp (Se abre en una ventana nueva)<\/span><\/a><\/li><li class=\"share-telegram\"><a rel=\"nofollow noopener noreferrer\" data-shared=\"\" class=\"share-telegram sd-button share-icon no-text\" href=\"http:\/\/www.rtvnoticias.com.ar\/?p=36274&amp;share=telegram\" target=\"_blank\" title=\"Haz clic para compartir en Telegram\"><span><\/span><span class=\"sharing-screen-reader-text\">Haz clic para compartir en Telegram (Se abre en una ventana nueva)<\/span><\/a><\/li><li class=\"share-end\"><\/li><\/ul><\/div><\/div><\/div>","protected":false},"excerpt":{"rendered":"<p>El exvicegobernador, que se alej\u00f3 del oficialismo provincial y form\u00f3 una alianza a ambos lados de la grieta, obtuvo el 35,55% de los votos. Marcos<\/p>\n<div class=\"sharedaddy sd-sharing-enabled\"><div class=\"robots-nocontent sd-block sd-social sd-social-icon sd-sharing\"><h3 class=\"sd-title\">Comparte esto:<\/h3><div class=\"sd-content\"><ul><li class=\"share-twitter\"><a rel=\"nofollow noopener noreferrer\" data-shared=\"sharing-twitter-36274\" class=\"share-twitter sd-button share-icon no-text\" href=\"http:\/\/www.rtvnoticias.com.ar\/?p=36274&amp;share=twitter\" target=\"_blank\" title=\"Haz clic para compartir en Twitter\"><span><\/span><span class=\"sharing-screen-reader-text\">Haz clic para compartir en Twitter (Se abre en una ventana nueva)<\/span><\/a><\/li><li class=\"share-facebook\"><a rel=\"nofollow noopener noreferrer\" data-shared=\"sharing-facebook-36274\" class=\"share-facebook sd-button share-icon no-text\" href=\"http:\/\/www.rtvnoticias.com.ar\/?p=36274&amp;share=facebook\" target=\"_blank\" title=\"Haz clic para compartir en Facebook\"><span><\/span><span class=\"sharing-screen-reader-text\">Haz clic para compartir en Facebook (Se abre en una ventana nueva)<\/span><\/a><\/li><li class=\"share-jetpack-whatsapp\"><a rel=\"nofollow noopener noreferrer\" data-shared=\"\" class=\"share-jetpack-whatsapp sd-button share-icon no-text\" href=\"http:\/\/www.rtvnoticias.com.ar\/?p=36274&amp;share=jetpack-whatsapp\" target=\"_blank\" title=\"Haz clic para compartir en WhatsApp\"><span><\/span><span class=\"sharing-screen-reader-text\">Haz clic para compartir en WhatsApp (Se abre en una ventana nueva)<\/span><\/a><\/li><li class=\"share-telegram\"><a rel=\"nofollow noopener noreferrer\" data-shared=\"\" class=\"share-telegram sd-button share-icon no-text\" href=\"http:\/\/www.rtvnoticias.com.ar\/?p=36274&amp;share=telegram\" target=\"_blank\" title=\"Haz clic para compartir en Telegram\"><span><\/span><span class=\"sharing-screen-reader-text\">Haz clic para compartir en Telegram (Se abre en una ventana nueva)<\/span><\/a><\/li><li class=\"share-end\"><\/li><\/ul><\/div><\/div><\/div>","protected":false},"author":7,"featured_media":36275,"comment_status":"closed","ping_status":"closed","sticky":false,"template":"","format":"standard","meta":{"spay_email":"","jetpack_publicize_message":"","jetpack_is_tweetstorm":false,"jetpack_publicize_feature_enabled":true},"categories":[5],"tags":[],"jetpack_featured_media_url":"http:\/\/www.rtvnoticias.com.ar\/wp-content\/uploads\/2023\/04\/rolando-figueroa.jpg","jetpack_publicize_connections":[],"jetpack_sharing_enabled":true,"_links":{"self":[{"href":"http:\/\/www.rtvnoticias.com.ar\/index.php?rest_route=\/wp\/v2\/posts\/36274"}],"collection":[{"href":"http:\/\/www.rtvnoticias.com.ar\/index.php?rest_route=\/wp\/v2\/posts"}],"about":[{"href":"http:\/\/www.rtvnoticias.com.ar\/index.php?rest_route=\/wp\/v2\/types\/post"}],"author":[{"embeddable":true,"href":"http:\/\/www.rtvnoticias.com.ar\/index.php?rest_route=\/wp\/v2\/users\/7"}],"replies":[{"embeddable":true,"href":"http:\/\/www.rtvnoticias.com.ar\/index.php?rest_route=%2Fwp%2Fv2%2Fcomments&post=36274"}],"version-history":[{"count":1,"href":"http:\/\/www.rtvnoticias.com.ar\/index.php?rest_route=\/wp\/v2\/posts\/36274\/revisions"}],"predecessor-version":[{"id":36276,"href":"http:\/\/www.rtvnoticias.com.ar\/index.php?rest_route=\/wp\/v2\/posts\/36274\/revisions\/36276"}],"wp:featuredmedia":[{"embeddable":true,"href":"http:\/\/www.rtvnoticias.com.ar\/index.php?rest_route=\/wp\/v2\/media\/36275"}],"wp:attachment":[{"href":"http:\/\/www.rtvnoticias.com.ar\/index.php?rest_route=%2Fwp%2Fv2%2Fmedia&parent=36274"}],"wp:term":[{"taxonomy":"category","embeddable":true,"href":"http:\/\/www.rtvnoticias.com.ar\/index.php?rest_route=%2Fwp%2Fv2%2Fcategories&post=36274"},{"taxonomy":"post_tag","embeddable":true,"href":"http:\/\/www.rtvnoticias.com.ar\/index.php?rest_route=%2Fwp%2Fv2%2Ftags&post=36274"}],"curies":[{"name":"wp","href":"https:\/\/api.w.org\/{rel}","templated":true}]}}