{"id":36277,"date":"2023-04-17T10:35:56","date_gmt":"2023-04-17T13:35:56","guid":{"rendered":"http:\/\/www.rtvnoticias.com.ar\/?p=36277"},"modified":"2023-04-17T10:35:59","modified_gmt":"2023-04-17T13:35:59","slug":"rio-negro-weretilneck-gano-con-comodidad-y-vuelve-al-poder-por-tercera-vez","status":"publish","type":"post","link":"http:\/\/www.rtvnoticias.com.ar\/?p=36277","title":{"rendered":"R\u00edo Negro: Weretilneck gan\u00f3 con comodidad y vuelve al poder por tercera vez"},"content":{"rendered":"\n<p>El senador nacional y candidato por Juntos Somos R\u00edo Negro, Alberto Weretilneck, se proclam\u00f3 este domingo a la noche como nuevo gobernador de la provincia y expres\u00f3 que est\u00e1 \u201cmuy satisfecho\u00bb con los resultados electorales, al obtener \u00abcasi una ventaja de 22 puntos\u201d.<\/p>\n\n\n\n<p>As\u00ed lo asegur\u00f3 Weretilneck en conferencia de prensa desde Cipolletti, donde se mostr\u00f3 acompa\u00f1ado del senador nacional Martin Do\u00f1ate, entre otros funcionarios provinciales.<\/p>\n\n\n\n<p>\u201cPrimero, quiero agradecer al pueblo por esta jornada en los 40 a\u00f1os de democracia\u201d, indic\u00f3 al empezar el discurso.<\/p>\n\n\n\n<p>Y continu\u00f3 agradeciendo \u00aba quienes confiaron en nosotros, en el gran acuerdo rionegrino y nos aceptaron este planteo de dejar atr\u00e1s las diferencias y enfrentamientos y planteamos un proyecto de R\u00edo Negro de futuro\u201d.<\/p>\n\n\n\n<p>\u201cQuiero agradecer al partido Juntos (Somos Rio Negro) y tambi\u00e9n a la figura de Martin Do\u00f1ate en Nos Une R\u00edo Negro, integrado por el Partido Justicialista y Nuevo Encuentro, y a los integrantes de la Uni\u00f3n C\u00edvica Radical\u201d, agreg\u00f3 Weretilneck.<\/p>\n\n\n\n<p>Tambi\u00e9n manifest\u00f3: \u00abEstamos muy satisfechos sacando casi una ventaja de 22 puntos, una clara diferencia concreta. Hemos triunfado en pr\u00e1cticamente en todas las comisiones de fomento y las localidades m\u00e1s importantes, como es en Cipolletti, Viedma, Choele Choel, Villa Regina, El Bols\u00f3n, entre otras\u201d.<\/p>\n\n\n\n<p>\u201cEntre los tres partidos integrantes del gran acuerdo rionegrino, hemos triunfado en el 100 por cien de comisiones fomento y municipios, lo cual habla de la fortaleza de este proyecto\u201d, destac\u00f3.<\/p>\n\n\n\n<p>Se tratar\u00e1 de la tercera gesti\u00f3n de Weretilneck frente al Ejecutivo provincial, con dos mandatos previos ejercidos, entre 2012 y 2019.<\/p>\n\n\n\n<p>Escrutado el 82,74 por ciento de las mesas, Weretilneck superaba el 40 por ciento de los votos, gracias a la alianza entre la coalici\u00f3n Juntos Somos R\u00edo Negro y Nos Une Rio Negro, que sumaban 124.439 votos.<\/p>\n\n\n\n<p>En tanto, An\u00edbal Tortoriello, de Cambia R\u00edo Negro, alineado con Juntos por el Cambio (JxC), contaba con el 24,31 por ciento de los sufragios.<\/p>\n\n\n\n<p>Por su parte, Silvia Horne, de Vamos Con Todos, lograba 20.411 votos (10,75 por ciento), mientras que Ariel Rivero (Primero R\u00edo Negro), aliado del sector libertario de Javier Milei, obten\u00eda 16.086 sufragios (9,41 por ciento).<\/p>\n\n\n\n<p>El gobernador electo debe la gran diferencia de votos a la sumatoria de listas que llevan su nombre, lograda a trav\u00e9s de la alianza con el senador Martin Do\u00f1ate.<\/p>\n\n\n\n<p><\/p>\n<div class=\"sharedaddy sd-sharing-enabled\"><div class=\"robots-nocontent sd-block sd-social sd-social-icon sd-sharing\"><h3 class=\"sd-title\">Comparte esto:<\/h3><div class=\"sd-content\"><ul><li class=\"share-twitter\"><a rel=\"nofollow noopener noreferrer\" data-shared=\"sharing-twitter-36277\" class=\"share-twitter sd-button share-icon no-text\" href=\"http:\/\/www.rtvnoticias.com.ar\/?p=36277&amp;share=twitter\" target=\"_blank\" title=\"Haz clic para compartir en Twitter\"><span><\/span><span class=\"sharing-screen-reader-text\">Haz clic para compartir en Twitter (Se abre en una ventana nueva)<\/span><\/a><\/li><li class=\"share-facebook\"><a rel=\"nofollow noopener noreferrer\" data-shared=\"sharing-facebook-36277\" class=\"share-facebook sd-button share-icon no-text\" href=\"http:\/\/www.rtvnoticias.com.ar\/?p=36277&amp;share=facebook\" target=\"_blank\" title=\"Haz clic para compartir en Facebook\"><span><\/span><span class=\"sharing-screen-reader-text\">Haz clic para compartir en Facebook (Se abre en una ventana nueva)<\/span><\/a><\/li><li class=\"share-jetpack-whatsapp\"><a rel=\"nofollow noopener noreferrer\" data-shared=\"\" class=\"share-jetpack-whatsapp sd-button share-icon no-text\" href=\"http:\/\/www.rtvnoticias.com.ar\/?p=36277&amp;share=jetpack-whatsapp\" target=\"_blank\" title=\"Haz clic para compartir en WhatsApp\"><span><\/span><span class=\"sharing-screen-reader-text\">Haz clic para compartir en WhatsApp (Se abre en una ventana nueva)<\/span><\/a><\/li><li class=\"share-telegram\"><a rel=\"nofollow noopener noreferrer\" data-shared=\"\" class=\"share-telegram sd-button share-icon no-text\" href=\"http:\/\/www.rtvnoticias.com.ar\/?p=36277&amp;share=telegram\" target=\"_blank\" title=\"Haz clic para compartir en Telegram\"><span><\/span><span class=\"sharing-screen-reader-text\">Haz clic para compartir en Telegram (Se abre en una ventana nueva)<\/span><\/a><\/li><li class=\"share-end\"><\/li><\/ul><\/div><\/div><\/div>","protected":false},"excerpt":{"rendered":"<p>El senador nacional y candidato por Juntos Somos R\u00edo Negro, Alberto Weretilneck, se proclam\u00f3 este domingo a la noche como nuevo gobernador de la provincia<\/p>\n<div class=\"sharedaddy sd-sharing-enabled\"><div class=\"robots-nocontent sd-block sd-social sd-social-icon sd-sharing\"><h3 class=\"sd-title\">Comparte esto:<\/h3><div class=\"sd-content\"><ul><li class=\"share-twitter\"><a rel=\"nofollow noopener noreferrer\" data-shared=\"sharing-twitter-36277\" class=\"share-twitter sd-button share-icon no-text\" href=\"http:\/\/www.rtvnoticias.com.ar\/?p=36277&amp;share=twitter\" target=\"_blank\" title=\"Haz clic para compartir en Twitter\"><span><\/span><span class=\"sharing-screen-reader-text\">Haz clic para compartir en Twitter (Se abre en una ventana nueva)<\/span><\/a><\/li><li class=\"share-facebook\"><a rel=\"nofollow noopener noreferrer\" data-shared=\"sharing-facebook-36277\" class=\"share-facebook sd-button share-icon no-text\" href=\"http:\/\/www.rtvnoticias.com.ar\/?p=36277&amp;share=facebook\" target=\"_blank\" title=\"Haz clic para compartir en Facebook\"><span><\/span><span class=\"sharing-screen-reader-text\">Haz clic para compartir en Facebook (Se abre en una ventana nueva)<\/span><\/a><\/li><li class=\"share-jetpack-whatsapp\"><a rel=\"nofollow noopener noreferrer\" data-shared=\"\" class=\"share-jetpack-whatsapp sd-button share-icon no-text\" href=\"http:\/\/www.rtvnoticias.com.ar\/?p=36277&amp;share=jetpack-whatsapp\" target=\"_blank\" title=\"Haz clic para compartir en WhatsApp\"><span><\/span><span class=\"sharing-screen-reader-text\">Haz clic para compartir en WhatsApp (Se abre en una ventana nueva)<\/span><\/a><\/li><li class=\"share-telegram\"><a rel=\"nofollow noopener noreferrer\" data-shared=\"\" class=\"share-telegram sd-button share-icon no-text\" href=\"http:\/\/www.rtvnoticias.com.ar\/?p=36277&amp;share=telegram\" target=\"_blank\" title=\"Haz clic para compartir en Telegram\"><span><\/span><span class=\"sharing-screen-reader-text\">Haz clic para compartir en Telegram (Se abre en una ventana nueva)<\/span><\/a><\/li><li class=\"share-end\"><\/li><\/ul><\/div><\/div><\/div>","protected":false},"author":7,"featured_media":36278,"comment_status":"closed","ping_status":"closed","sticky":false,"template":"","format":"standard","meta":{"spay_email":"","jetpack_publicize_message":"","jetpack_is_tweetstorm":false,"jetpack_publicize_feature_enabled":true},"categories":[5],"tags":[],"jetpack_featured_media_url":"http:\/\/www.rtvnoticias.com.ar\/wp-content\/uploads\/2023\/04\/weretelnik.jpg","jetpack_publicize_connections":[],"jetpack_sharing_enabled":true,"_links":{"self":[{"href":"http:\/\/www.rtvnoticias.com.ar\/index.php?rest_route=\/wp\/v2\/posts\/36277"}],"collection":[{"href":"http:\/\/www.rtvnoticias.com.ar\/index.php?rest_route=\/wp\/v2\/posts"}],"about":[{"href":"http:\/\/www.rtvnoticias.com.ar\/index.php?rest_route=\/wp\/v2\/types\/post"}],"author":[{"embeddable":true,"href":"http:\/\/www.rtvnoticias.com.ar\/index.php?rest_route=\/wp\/v2\/users\/7"}],"replies":[{"embeddable":true,"href":"http:\/\/www.rtvnoticias.com.ar\/index.php?rest_route=%2Fwp%2Fv2%2Fcomments&post=36277"}],"version-history":[{"count":1,"href":"http:\/\/www.rtvnoticias.com.ar\/index.php?rest_route=\/wp\/v2\/posts\/36277\/revisions"}],"predecessor-version":[{"id":36279,"href":"http:\/\/www.rtvnoticias.com.ar\/index.php?rest_route=\/wp\/v2\/posts\/36277\/revisions\/36279"}],"wp:featuredmedia":[{"embeddable":true,"href":"http:\/\/www.rtvnoticias.com.ar\/index.php?rest_route=\/wp\/v2\/media\/36278"}],"wp:attachment":[{"href":"http:\/\/www.rtvnoticias.com.ar\/index.php?rest_route=%2Fwp%2Fv2%2Fmedia&parent=36277"}],"wp:term":[{"taxonomy":"category","embeddable":true,"href":"http:\/\/www.rtvnoticias.com.ar\/index.php?rest_route=%2Fwp%2Fv2%2Fcategories&post=36277"},{"taxonomy":"post_tag","embeddable":true,"href":"http:\/\/www.rtvnoticias.com.ar\/index.php?rest_route=%2Fwp%2Fv2%2Ftags&post=36277"}],"curies":[{"name":"wp","href":"https:\/\/api.w.org\/{rel}","templated":true}]}}