{"id":36295,"date":"2023-04-18T09:48:35","date_gmt":"2023-04-18T12:48:35","guid":{"rendered":"http:\/\/www.rtvnoticias.com.ar\/?p=36295"},"modified":"2023-04-18T09:48:38","modified_gmt":"2023-04-18T12:48:38","slug":"el-gobierno-oficializo-el-aumento-en-la-tarjeta-alimentar-cuales-son-los-nuevos-montos","status":"publish","type":"post","link":"http:\/\/www.rtvnoticias.com.ar\/?p=36295","title":{"rendered":"El Gobierno oficializ\u00f3 el aumento en la Tarjeta Alimentar: cu\u00e1les son los nuevos montos"},"content":{"rendered":"\n<p>El Gobierno oficializ\u00f3 este martes el aumento del 35% de los montos de la Tarjeta Alimentar para los beneficiarios del \u201cPlan Argentina contra el hambre\u201d.<\/p>\n\n\n\n<p>La medida fue publicada en la Resoluci\u00f3n 700\/2023 del Bolet\u00edn Oficial, de modo que ratific\u00f3 lo anunciado por el ministro de Econom\u00eda, Sergio Massa; y su par de Desarrollo Social, Victoria Tolosa Paz, el pasado 11 de abril.<\/p>\n\n\n\n<p>Estos \u201caumentos en las prestaciones sufragadas a trav\u00e9s de la Tarjeta Alimentar, destinada a familias en situaci\u00f3n de vulnerabilidad social\u201d comenzar\u00e1n a liquidarse \u201ca partir de la liquidaci\u00f3n a efectivizarse en el mes de mayo de 2023\u201d, se\u00f1ala el texto.<\/p>\n\n\n\n<p>Esta iniciativa suma $121 mil millones a la inversi\u00f3n ya dispuesta del Estado nacional para garantizar la seguridad alimentaria de ni\u00f1os, ni\u00f1as y adolescentes.<\/p>\n\n\n\n<p>Antes de esta suba, el Gobierno hab\u00eda otorgado una actualizaci\u00f3n del 40% en noviembre del a\u00f1o pasado. As\u00ed, este es el primer incremento del a\u00f1o.<\/p>\n\n\n\n<p>Los nuevos montos de la Tarjeta Alimentar para mayo de 2023 son:<\/p>\n\n\n\n<p>-$17.000 para las familias con un hijo\/a de 0 a 14 a\u00f1os que accedan a la Asignaci\u00f3n Universal por Hijo, Asignaci\u00f3n Universal por Hijo con Discapacidad, Asignaci\u00f3n por Embarazo o Pensi\u00f3n para madre de 7 o m\u00e1s hijos\/as.<\/p>\n\n\n\n<p>-$26.000 para familias con dos hijos\/as de 0 a 14 a\u00f1os con la Asignaci\u00f3n Universal por Hijo, Asignaci\u00f3n Universal por Hijo con Discapacidad o Pensi\u00f3n para madre de 7 o m\u00e1s hijos\/as.<\/p>\n\n\n\n<p>-$34.000 para familias con tres hijos o m\u00e1s de 0 a 14 a\u00f1os de edad que cobren la Asignaci\u00f3n Universal por Hijo, Asignaci\u00f3n Universal por Hijo con Discapacidad o Pensi\u00f3n para madre de 7 o m\u00e1s hijos\/as.<\/p>\n\n\n\n<p>A la tarjeta alimentar pueden acceder aquellos beneficiarios de las siguientes prestaciones:<\/p>\n\n\n\n<p>-Asignaci\u00f3n Universal por Hija\/o con hijas\/os de hasta 14 a\u00f1os inclusive.<\/p>\n\n\n\n<p>-Asignaci\u00f3n Universal por Embarazo.<\/p>\n\n\n\n<p>-Asignaci\u00f3n Universal por Hija\/o, sin l\u00edmite de edad.<\/p>\n\n\n\n<p>-Pensi\u00f3n No Contributiva para Madre de 7 hijas\/os.<\/p>\n<div class=\"sharedaddy sd-sharing-enabled\"><div class=\"robots-nocontent sd-block sd-social sd-social-icon sd-sharing\"><h3 class=\"sd-title\">Comparte esto:<\/h3><div class=\"sd-content\"><ul><li class=\"share-twitter\"><a rel=\"nofollow noopener noreferrer\" data-shared=\"sharing-twitter-36295\" class=\"share-twitter sd-button share-icon no-text\" href=\"http:\/\/www.rtvnoticias.com.ar\/?p=36295&amp;share=twitter\" target=\"_blank\" title=\"Haz clic para compartir en Twitter\"><span><\/span><span class=\"sharing-screen-reader-text\">Haz clic para compartir en Twitter (Se abre en una ventana nueva)<\/span><\/a><\/li><li class=\"share-facebook\"><a rel=\"nofollow noopener noreferrer\" data-shared=\"sharing-facebook-36295\" class=\"share-facebook sd-button share-icon no-text\" href=\"http:\/\/www.rtvnoticias.com.ar\/?p=36295&amp;share=facebook\" target=\"_blank\" title=\"Haz clic para compartir en Facebook\"><span><\/span><span class=\"sharing-screen-reader-text\">Haz clic para compartir en Facebook (Se abre en una ventana nueva)<\/span><\/a><\/li><li class=\"share-jetpack-whatsapp\"><a rel=\"nofollow noopener noreferrer\" data-shared=\"\" class=\"share-jetpack-whatsapp sd-button share-icon no-text\" href=\"http:\/\/www.rtvnoticias.com.ar\/?p=36295&amp;share=jetpack-whatsapp\" target=\"_blank\" title=\"Haz clic para compartir en WhatsApp\"><span><\/span><span class=\"sharing-screen-reader-text\">Haz clic para compartir en WhatsApp (Se abre en una ventana nueva)<\/span><\/a><\/li><li class=\"share-telegram\"><a rel=\"nofollow noopener noreferrer\" data-shared=\"\" class=\"share-telegram sd-button share-icon no-text\" href=\"http:\/\/www.rtvnoticias.com.ar\/?p=36295&amp;share=telegram\" target=\"_blank\" title=\"Haz clic para compartir en Telegram\"><span><\/span><span class=\"sharing-screen-reader-text\">Haz clic para compartir en Telegram (Se abre en una ventana nueva)<\/span><\/a><\/li><li class=\"share-end\"><\/li><\/ul><\/div><\/div><\/div>","protected":false},"excerpt":{"rendered":"<p>El Gobierno oficializ\u00f3 este martes el aumento del 35% de los montos de la Tarjeta Alimentar para los beneficiarios del \u201cPlan Argentina contra el hambre\u201d.<\/p>\n<div class=\"sharedaddy sd-sharing-enabled\"><div class=\"robots-nocontent sd-block sd-social sd-social-icon sd-sharing\"><h3 class=\"sd-title\">Comparte esto:<\/h3><div class=\"sd-content\"><ul><li class=\"share-twitter\"><a rel=\"nofollow noopener noreferrer\" data-shared=\"sharing-twitter-36295\" class=\"share-twitter sd-button share-icon no-text\" href=\"http:\/\/www.rtvnoticias.com.ar\/?p=36295&amp;share=twitter\" target=\"_blank\" title=\"Haz clic para compartir en Twitter\"><span><\/span><span class=\"sharing-screen-reader-text\">Haz clic para compartir en Twitter (Se abre en una ventana nueva)<\/span><\/a><\/li><li class=\"share-facebook\"><a rel=\"nofollow noopener noreferrer\" data-shared=\"sharing-facebook-36295\" class=\"share-facebook sd-button share-icon no-text\" href=\"http:\/\/www.rtvnoticias.com.ar\/?p=36295&amp;share=facebook\" target=\"_blank\" title=\"Haz clic para compartir en Facebook\"><span><\/span><span class=\"sharing-screen-reader-text\">Haz clic para compartir en Facebook (Se abre en una ventana nueva)<\/span><\/a><\/li><li class=\"share-jetpack-whatsapp\"><a rel=\"nofollow noopener noreferrer\" data-shared=\"\" class=\"share-jetpack-whatsapp sd-button share-icon no-text\" href=\"http:\/\/www.rtvnoticias.com.ar\/?p=36295&amp;share=jetpack-whatsapp\" target=\"_blank\" title=\"Haz clic para compartir en WhatsApp\"><span><\/span><span class=\"sharing-screen-reader-text\">Haz clic para compartir en WhatsApp (Se abre en una ventana nueva)<\/span><\/a><\/li><li class=\"share-telegram\"><a rel=\"nofollow noopener noreferrer\" data-shared=\"\" class=\"share-telegram sd-button share-icon no-text\" href=\"http:\/\/www.rtvnoticias.com.ar\/?p=36295&amp;share=telegram\" target=\"_blank\" title=\"Haz clic para compartir en Telegram\"><span><\/span><span class=\"sharing-screen-reader-text\">Haz clic para compartir en Telegram (Se abre en una ventana nueva)<\/span><\/a><\/li><li class=\"share-end\"><\/li><\/ul><\/div><\/div><\/div>","protected":false},"author":7,"featured_media":27559,"comment_status":"closed","ping_status":"closed","sticky":false,"template":"","format":"standard","meta":{"spay_email":"","jetpack_publicize_message":"","jetpack_is_tweetstorm":false,"jetpack_publicize_feature_enabled":true},"categories":[5],"tags":[],"jetpack_featured_media_url":"http:\/\/www.rtvnoticias.com.ar\/wp-content\/uploads\/2021\/06\/tarjeta-alimentar.jpg","jetpack_publicize_connections":[],"jetpack_sharing_enabled":true,"_links":{"self":[{"href":"http:\/\/www.rtvnoticias.com.ar\/index.php?rest_route=\/wp\/v2\/posts\/36295"}],"collection":[{"href":"http:\/\/www.rtvnoticias.com.ar\/index.php?rest_route=\/wp\/v2\/posts"}],"about":[{"href":"http:\/\/www.rtvnoticias.com.ar\/index.php?rest_route=\/wp\/v2\/types\/post"}],"author":[{"embeddable":true,"href":"http:\/\/www.rtvnoticias.com.ar\/index.php?rest_route=\/wp\/v2\/users\/7"}],"replies":[{"embeddable":true,"href":"http:\/\/www.rtvnoticias.com.ar\/index.php?rest_route=%2Fwp%2Fv2%2Fcomments&post=36295"}],"version-history":[{"count":1,"href":"http:\/\/www.rtvnoticias.com.ar\/index.php?rest_route=\/wp\/v2\/posts\/36295\/revisions"}],"predecessor-version":[{"id":36296,"href":"http:\/\/www.rtvnoticias.com.ar\/index.php?rest_route=\/wp\/v2\/posts\/36295\/revisions\/36296"}],"wp:featuredmedia":[{"embeddable":true,"href":"http:\/\/www.rtvnoticias.com.ar\/index.php?rest_route=\/wp\/v2\/media\/27559"}],"wp:attachment":[{"href":"http:\/\/www.rtvnoticias.com.ar\/index.php?rest_route=%2Fwp%2Fv2%2Fmedia&parent=36295"}],"wp:term":[{"taxonomy":"category","embeddable":true,"href":"http:\/\/www.rtvnoticias.com.ar\/index.php?rest_route=%2Fwp%2Fv2%2Fcategories&post=36295"},{"taxonomy":"post_tag","embeddable":true,"href":"http:\/\/www.rtvnoticias.com.ar\/index.php?rest_route=%2Fwp%2Fv2%2Ftags&post=36295"}],"curies":[{"name":"wp","href":"https:\/\/api.w.org\/{rel}","templated":true}]}}