{"id":36297,"date":"2023-04-18T10:00:52","date_gmt":"2023-04-18T13:00:52","guid":{"rendered":"http:\/\/www.rtvnoticias.com.ar\/?p=36297"},"modified":"2023-04-18T10:00:55","modified_gmt":"2023-04-18T13:00:55","slug":"vacunacion-antirrabica-por-la-confirmacion-de-un-murcielago-con-rabia","status":"publish","type":"post","link":"http:\/\/www.rtvnoticias.com.ar\/?p=36297","title":{"rendered":"Vacunaci\u00f3n antirr\u00e1bica por la confirmaci\u00f3n de un murci\u00e9lago con rabia"},"content":{"rendered":"\n<p>Ante la aparici\u00f3n de un murci\u00e9lago que arroj\u00f3 un resultado positivo para el virus de la rabia, la Municipalidad de General Pico, a trav\u00e9s de la Direcci\u00f3n de Zoonosis y Vectores, realizar\u00e1 campa\u00f1as de prevenci\u00f3n que comprender\u00e1n a sectores de distintos barrios piquenses.<\/p>\n\n\n\n<p>En este sentido, y de acuerdo con lo que el protocolo de salud indica, se llevar\u00e1 a cabo una jornada de vacunaci\u00f3n en los 200 metros a la redonda del lugar donde se encontr\u00f3 la muestra. La cobertura total, seg\u00fan dicho protocolo, abarca la zona comprendida por las calles 26, 24, 101 y 109.<\/p>\n\n\n\n<p>Al respecto, Mat\u00edas Calmels, director del \u00e1rea antes mencionado, explic\u00f3: \u201cEl d\u00eda mi\u00e9rcoles 19, a partir de las 11:00 y hasta las 14:00 horas, vamos a estar recorriendo los domicilios comprendidos entre calles 22 a 18, y de 101 a 109. Luego, el jueves 20, en el mismo horario, aquellos comprendidos entre las calles 22 a 26, y de 101 a 109 para hacer la vacunaci\u00f3n de aquellos animales que no tengan actualizado su calendario anual contra la rabia\u201d.<\/p>\n\n\n\n<p>En este sentido, Calmels agreg\u00f3: \u201cLes pedimos a las y los vecinos que hicieron la vacunaci\u00f3n en el segundo semestre de 2022 que tengan a disposici\u00f3n el certificado emitido por el m\u00e9dico veterinario o por el municipio con el fin de agilizar el proceso\u201d.<\/p>\n\n\n\n<p><strong>Recomendaciones<\/strong><\/p>\n\n\n\n<p>Ante la presencia diurna de un murci\u00e9lago se recomienda NO MANIPULARLO NI TOCARLO. Se sugiere taparlo con un recipiente y comunicarse inmediatamente con un m\u00e9dico veterinario o con la Direcci\u00f3n de Zoonosis al 434903 int. 223 o al 02302 15534142.<\/p>\n\n\n\n<p><strong>Vacunaci\u00f3n antirr\u00e1bica<\/strong><\/p>\n\n\n\n<p>Las dosis contra el virus de la rabia deben aplicarse a partir de los 4 meses de vida del animal, una vez al a\u00f1o y durante toda su vida.<\/p>\n\n\n\n<div class=\"wp-block-image\"><figure class=\"aligncenter size-large is-resized\"><img data-attachment-id=\"36298\" data-permalink=\"http:\/\/www.rtvnoticias.com.ar\/?attachment_id=36298\" data-orig-file=\"http:\/\/www.rtvnoticias.com.ar\/wp-content\/uploads\/2023\/04\/Flyer-jornada-de-vacunacion-19-4.jpg\" data-orig-size=\"709,1260\" data-comments-opened=\"0\" data-image-meta=\"{&quot;aperture&quot;:&quot;0&quot;,&quot;credit&quot;:&quot;&quot;,&quot;camera&quot;:&quot;&quot;,&quot;caption&quot;:&quot;&quot;,&quot;created_timestamp&quot;:&quot;0&quot;,&quot;copyright&quot;:&quot;&quot;,&quot;focal_length&quot;:&quot;0&quot;,&quot;iso&quot;:&quot;0&quot;,&quot;shutter_speed&quot;:&quot;0&quot;,&quot;title&quot;:&quot;Flyer jornada de vacunacion&quot;,&quot;orientation&quot;:&quot;1&quot;}\" data-image-title=\"Flyer jornada de vacunacion\" data-image-description=\"\" data-image-caption=\"\" data-medium-file=\"http:\/\/www.rtvnoticias.com.ar\/wp-content\/uploads\/2023\/04\/Flyer-jornada-de-vacunacion-19-4-169x300.jpg\" data-large-file=\"http:\/\/www.rtvnoticias.com.ar\/wp-content\/uploads\/2023\/04\/Flyer-jornada-de-vacunacion-19-4-576x1024.jpg\" decoding=\"async\" loading=\"lazy\" src=\"http:\/\/www.rtvnoticias.com.ar\/wp-content\/uploads\/2023\/04\/Flyer-jornada-de-vacunacion-19-4-576x1024.jpg\" alt=\"\" class=\"wp-image-36298\" width=\"297\" height=\"528\" srcset=\"http:\/\/www.rtvnoticias.com.ar\/wp-content\/uploads\/2023\/04\/Flyer-jornada-de-vacunacion-19-4-576x1024.jpg 576w, http:\/\/www.rtvnoticias.com.ar\/wp-content\/uploads\/2023\/04\/Flyer-jornada-de-vacunacion-19-4-169x300.jpg 169w, http:\/\/www.rtvnoticias.com.ar\/wp-content\/uploads\/2023\/04\/Flyer-jornada-de-vacunacion-19-4.jpg 709w\" sizes=\"(max-width: 297px) 100vw, 297px\" \/><\/figure><\/div>\n\n\n\n<p><\/p>\n<div class=\"sharedaddy sd-sharing-enabled\"><div class=\"robots-nocontent sd-block sd-social sd-social-icon sd-sharing\"><h3 class=\"sd-title\">Comparte esto:<\/h3><div class=\"sd-content\"><ul><li class=\"share-twitter\"><a rel=\"nofollow noopener noreferrer\" data-shared=\"sharing-twitter-36297\" class=\"share-twitter sd-button share-icon no-text\" href=\"http:\/\/www.rtvnoticias.com.ar\/?p=36297&amp;share=twitter\" target=\"_blank\" title=\"Haz clic para compartir en Twitter\"><span><\/span><span class=\"sharing-screen-reader-text\">Haz clic para compartir en Twitter (Se abre en una ventana nueva)<\/span><\/a><\/li><li class=\"share-facebook\"><a rel=\"nofollow noopener noreferrer\" data-shared=\"sharing-facebook-36297\" class=\"share-facebook sd-button share-icon no-text\" href=\"http:\/\/www.rtvnoticias.com.ar\/?p=36297&amp;share=facebook\" target=\"_blank\" title=\"Haz clic para compartir en Facebook\"><span><\/span><span class=\"sharing-screen-reader-text\">Haz clic para compartir en Facebook (Se abre en una ventana nueva)<\/span><\/a><\/li><li class=\"share-jetpack-whatsapp\"><a rel=\"nofollow noopener noreferrer\" data-shared=\"\" class=\"share-jetpack-whatsapp sd-button share-icon no-text\" href=\"http:\/\/www.rtvnoticias.com.ar\/?p=36297&amp;share=jetpack-whatsapp\" target=\"_blank\" title=\"Haz clic para compartir en WhatsApp\"><span><\/span><span class=\"sharing-screen-reader-text\">Haz clic para compartir en WhatsApp (Se abre en una ventana nueva)<\/span><\/a><\/li><li class=\"share-telegram\"><a rel=\"nofollow noopener noreferrer\" data-shared=\"\" class=\"share-telegram sd-button share-icon no-text\" href=\"http:\/\/www.rtvnoticias.com.ar\/?p=36297&amp;share=telegram\" target=\"_blank\" title=\"Haz clic para compartir en Telegram\"><span><\/span><span class=\"sharing-screen-reader-text\">Haz clic para compartir en Telegram (Se abre en una ventana nueva)<\/span><\/a><\/li><li class=\"share-end\"><\/li><\/ul><\/div><\/div><\/div>","protected":false},"excerpt":{"rendered":"<p>Ante la aparici\u00f3n de un murci\u00e9lago que arroj\u00f3 un resultado positivo para el virus de la rabia, la Municipalidad de General Pico, a trav\u00e9s de<\/p>\n<div class=\"sharedaddy sd-sharing-enabled\"><div class=\"robots-nocontent sd-block sd-social sd-social-icon sd-sharing\"><h3 class=\"sd-title\">Comparte esto:<\/h3><div class=\"sd-content\"><ul><li class=\"share-twitter\"><a rel=\"nofollow noopener noreferrer\" data-shared=\"sharing-twitter-36297\" class=\"share-twitter sd-button share-icon no-text\" href=\"http:\/\/www.rtvnoticias.com.ar\/?p=36297&amp;share=twitter\" target=\"_blank\" title=\"Haz clic para compartir en Twitter\"><span><\/span><span class=\"sharing-screen-reader-text\">Haz clic para compartir en Twitter (Se abre en una ventana nueva)<\/span><\/a><\/li><li class=\"share-facebook\"><a rel=\"nofollow noopener noreferrer\" data-shared=\"sharing-facebook-36297\" class=\"share-facebook sd-button share-icon no-text\" href=\"http:\/\/www.rtvnoticias.com.ar\/?p=36297&amp;share=facebook\" target=\"_blank\" title=\"Haz clic para compartir en Facebook\"><span><\/span><span class=\"sharing-screen-reader-text\">Haz clic para compartir en Facebook (Se abre en una ventana nueva)<\/span><\/a><\/li><li class=\"share-jetpack-whatsapp\"><a rel=\"nofollow noopener noreferrer\" data-shared=\"\" class=\"share-jetpack-whatsapp sd-button share-icon no-text\" href=\"http:\/\/www.rtvnoticias.com.ar\/?p=36297&amp;share=jetpack-whatsapp\" target=\"_blank\" title=\"Haz clic para compartir en WhatsApp\"><span><\/span><span class=\"sharing-screen-reader-text\">Haz clic para compartir en WhatsApp (Se abre en una ventana nueva)<\/span><\/a><\/li><li class=\"share-telegram\"><a rel=\"nofollow noopener noreferrer\" data-shared=\"\" class=\"share-telegram sd-button share-icon no-text\" href=\"http:\/\/www.rtvnoticias.com.ar\/?p=36297&amp;share=telegram\" target=\"_blank\" title=\"Haz clic para compartir en Telegram\"><span><\/span><span class=\"sharing-screen-reader-text\">Haz clic para compartir en Telegram (Se abre en una ventana nueva)<\/span><\/a><\/li><li class=\"share-end\"><\/li><\/ul><\/div><\/div><\/div>","protected":false},"author":7,"featured_media":36299,"comment_status":"closed","ping_status":"closed","sticky":false,"template":"","format":"standard","meta":{"spay_email":"","jetpack_publicize_message":"","jetpack_is_tweetstorm":false,"jetpack_publicize_feature_enabled":true},"categories":[3],"tags":[],"jetpack_featured_media_url":"http:\/\/www.rtvnoticias.com.ar\/wp-content\/uploads\/2023\/04\/Antirrabica.jpg","jetpack_publicize_connections":[],"jetpack_sharing_enabled":true,"_links":{"self":[{"href":"http:\/\/www.rtvnoticias.com.ar\/index.php?rest_route=\/wp\/v2\/posts\/36297"}],"collection":[{"href":"http:\/\/www.rtvnoticias.com.ar\/index.php?rest_route=\/wp\/v2\/posts"}],"about":[{"href":"http:\/\/www.rtvnoticias.com.ar\/index.php?rest_route=\/wp\/v2\/types\/post"}],"author":[{"embeddable":true,"href":"http:\/\/www.rtvnoticias.com.ar\/index.php?rest_route=\/wp\/v2\/users\/7"}],"replies":[{"embeddable":true,"href":"http:\/\/www.rtvnoticias.com.ar\/index.php?rest_route=%2Fwp%2Fv2%2Fcomments&post=36297"}],"version-history":[{"count":1,"href":"http:\/\/www.rtvnoticias.com.ar\/index.php?rest_route=\/wp\/v2\/posts\/36297\/revisions"}],"predecessor-version":[{"id":36300,"href":"http:\/\/www.rtvnoticias.com.ar\/index.php?rest_route=\/wp\/v2\/posts\/36297\/revisions\/36300"}],"wp:featuredmedia":[{"embeddable":true,"href":"http:\/\/www.rtvnoticias.com.ar\/index.php?rest_route=\/wp\/v2\/media\/36299"}],"wp:attachment":[{"href":"http:\/\/www.rtvnoticias.com.ar\/index.php?rest_route=%2Fwp%2Fv2%2Fmedia&parent=36297"}],"wp:term":[{"taxonomy":"category","embeddable":true,"href":"http:\/\/www.rtvnoticias.com.ar\/index.php?rest_route=%2Fwp%2Fv2%2Fcategories&post=36297"},{"taxonomy":"post_tag","embeddable":true,"href":"http:\/\/www.rtvnoticias.com.ar\/index.php?rest_route=%2Fwp%2Fv2%2Ftags&post=36297"}],"curies":[{"name":"wp","href":"https:\/\/api.w.org\/{rel}","templated":true}]}}