{"id":36314,"date":"2023-04-19T08:46:14","date_gmt":"2023-04-19T11:46:14","guid":{"rendered":"http:\/\/www.rtvnoticias.com.ar\/?p=36314"},"modified":"2023-04-19T08:46:16","modified_gmt":"2023-04-19T11:46:16","slug":"en-un-acto-multitudinario-verna-le-pidio-a-la-militancia-que-voten-por-el-peronismo-y-por-pico","status":"publish","type":"post","link":"http:\/\/www.rtvnoticias.com.ar\/?p=36314","title":{"rendered":"En un acto multitudinario, Verna le pidi\u00f3 a la militancia que voten por el peronismo y por Pico"},"content":{"rendered":"\n<p>El l\u00edder de la L\u00ednea Plural, Carlos Verna, encabez\u00f3 durante la tarde de este martes un multitudinario encuentro en el que convoc\u00f3 a la militancia de este espacio en General Pico.<\/p>\n\n\n\n<p>En el predio del Centro de Empleados de Comercio (CEC), calle 108 entre 29 y 31, el l\u00edder de la l\u00ednea y dos veces gobernador de la provincia de La Pampa hizo su reaparici\u00f3n en un acto p\u00fablico luego de 3 a\u00f1os, 4 meses y 8 d\u00edas. En esta ocasi\u00f3n estuvo acompa\u00f1ado por la candidata a vicegobernadora Alicia Mayoral; la candidata a intendenta a de la ciudad de General Pico, Fernanda Alonso; el candidato a vice intendente, Alberto Campo; y los candidatos a diputados provinciales, Hern\u00e1n P\u00e9rez Araujo y Daniel Lovera.<br>Ni bien hizo su ingreso el l\u00edder de la Plural fue recibido con una ovaci\u00f3n por la militancia que colm\u00f3 las instalaciones del CEC, lo que provoc\u00f3 en Carlos Verna una emoci\u00f3n indisimulable, la misma que se pod\u00eda observar en quienes desde hace tiempo esperaban ansiosos su retorno a los actos p\u00fablicos y m\u00e1s a\u00fan en su ciudad.<\/p>\n\n\n\n<p>El encuentro fue motorizado por el propio ex gobernador con el objetivo de analizar los lineamentos de cara a las elecciones del pr\u00f3ximo 14 de mayo. Verna traz\u00f3 un panorama del contexto nacional e inst\u00f3 a los militantes a visitar casa por casa para remarcarles a los vecinos lo realizado tanto administraci\u00f3n provincial como por la municipal.<\/p>\n\n\n\n<p>La primera en tomar la palabra fue la candidata a renovar el cargo de la intendencia local, Fernanda Alonso, quien agradeci\u00f3 la presencia de la militancia, del Jefe de la l\u00ednea. Le sigui\u00f3 en la palabra Alicia Mayoral qui\u00e9n dijo \u201cGracias Carlos por estar ac\u00e1, nos llenas de energ\u00eda\u201d.<\/p>\n\n\n\n<p>Breves fueron las dos alocuciones iniciales para dar paso a las palabras del l\u00edder plural quien comenz\u00f3 diciendo: \u201cLa verdad que los extra\u00f1e, espero que Ustedes tambi\u00e9n\u201d.<\/p>\n\n\n\n<p>Enseguida cont\u00f3 que su aparici\u00f3n p\u00fablica coincidi\u00f3 con una mejora en su estado de salud y llev\u00f3 tranquilidad a los y las presentes: \u201cLa enfermedad esta remitida\u201d, confirm\u00f3 y cont\u00f3 que los \u00faltimos resultados de sus estudios fueron m\u00e1s que positivos.<\/p>\n\n\n\n<p>Inicialmente reflexion\u00f3 sobre las \u00faltimas elecciones legislativas y en un contexto general sostuvo que, \u201cLa raz\u00f3n por la que se perdi\u00f3 es porque los candidatos viven en una sola ciudad y se olvidaron de La Pampa federal y se olvidaron de Pico\u201d.<\/p>\n\n\n\n<p>Y subray\u00f3 con \u00e9nfasis que salgan a buscar el voto: \u201cNo tenemos nada que ver con la inflaci\u00f3n, con el d\u00f3lar a 420 pesos, con la macroeconom\u00eda, el 14 de mayo vamos a defender los candidatos provinciales y locales\u201d.<\/p>\n\n\n\n<p><strong>\u201cQueremos que Sergio siga gestionando\u201d<br><\/strong>Verna le habl\u00f3 con el coraz\u00f3n a la militancia pero tambi\u00e9n bajando l\u00ednea para los 26 d\u00edas finales de campa\u00f1a que tendr\u00e1 su ep\u00edlogo el 14 de mayo. Enumer\u00f3 las obras que el gobierno provincial ha llevado adelante en estos casi 4 a\u00f1os de: \u201cSergio ha demostrado capacidad de gesti\u00f3n. Queremos que Ziliotto siga gestionando, conoce la provincia y merece la oportunidad de volver a ser gobernador\u201d.<\/p>\n\n\n\n<p><strong>\u201cAlicia siempre ha sido fiel cuando otros no ayudaban\u201d<br><\/strong>El l\u00edder de la L\u00ednea Plural se deshizo en elogios para la candidata a vicegobernadora a quien defini\u00f3 como una amiga leal: \u201c\u00bfQui\u00e9n de ustedes no conoce a la Flaca Mayoral?, siempre las patas metidas en el barro de los barrios. Siempre ha sido fiel cuando otros no ayudaban\u201d.<\/p>\n\n\n\n<p>Y enseguida insisti\u00f3 con el apoyo al binomio Ziliotto-Mayoral: \u201cAcompa\u00f1emos la f\u00f3rmula porque Alicia va a representar los intereses de General Pico a nivel provincial\u201d.<\/p>\n\n\n\n<p><strong>\u201cFernanda tiene gesti\u00f3n\u201d<br><\/strong>Al momento de hablar sobre la f\u00f3rmula local integrada por Alonso-Alberto Campo y pedir el apoyo para el 14 de mayo, dijo: \u201cFernanda tiene gesti\u00f3n, ha realizado la repavimentaci\u00f3n de 270 cuadras en la sector c\u00e9ntrico, la iluminaci\u00f3n led que realmente ha embellecido la ciudad y ha tenido respuestas a cada planteo que le hacen. Por eso les pido que la volvamos a acompa\u00f1ar\u201d.<\/p>\n\n\n\n<p><strong>\u201c\u00bfQui\u00e9n no conoce Campito?\u201d<br><\/strong>Carlos Verna sigui\u00f3 con el pedido de apoyo a la f\u00f3rmula local y lleg\u00f3 el turno de Alberto Campo, el candidato a vice intendente: Qui\u00e9n no lo conoce a Campito, est\u00e1 cerca de la gente es una de sus cualidades y siempre resolviendo cada planteo de los vecinos, caminando la calle\u201d.<\/p>\n\n\n\n<p><strong>\u201cQueremos a Lovera en la C\u00e1mara para que den todo lo que le corresponde a Pico\u201d<br><\/strong>En la mesa central quedaban los candidatos a diputados provinciales Daniel Lovera y Hern\u00e1n P\u00e9rez Araujo. Sobre el primero el exgobernador record\u00f3 desde cuando viene la larga amistad y enfatiz\u00f3: \u201cQueremos a Lovera en la C\u00e1mara para que den todo lo que le corresponde a Pico\u201d.<\/p>\n\n\n\n<p>Al referirse a P\u00e9rez Araujo destac\u00f3 su labor en la segunda gesti\u00f3n de la administraci\u00f3n Verna y explic\u00f3 porque estaba en esta ciudad el \u00fanico de los candidatos que no pertenece a Pico: \u201ces el primero de la lista de candidatos a la legislatura provincial, sabemos de su compromiso\u201d.<\/p>\n\n\n\n<p><strong>\u201cVayamos a cada casa, llevemos el voto provincial y local\u201d, pidi\u00f3 insistentemente Verna a la militancia<br><\/strong>\u201cLos convoco a ustedes a los militantes a los que han ganado todas las elecciones a llevar el voto, porque es cierto se gana con gesti\u00f3n y con redes pero m\u00e1s se gana hablando con la gente\u201d, fue parte del primer mensaje del l\u00edder de la L\u00ednea Plural.<\/p>\n\n\n\n<p>Inmediatamente agreg\u00f3: \u201cPara que tengamos una ciudad que crezca en educaci\u00f3n, en servicios, que se queden nuestros hijos y los hijos de nuestros hijos. Por eso necesitamos de Ziliotto, la flaca Mayoral, Fernanda y Campito\u201d.<\/p>\n\n\n\n<p>Sobre el final el mensaje fue tan contundente como incentivador: \u201cVoten por el peronismo pero tambi\u00e9n por Pico. Necesitamos ganar las elecciones para que Pico crezca, ganando nos sentaremos en la mesa del poder, sino no tendremos lugar. Hay que ganar las elecciones para que Pico crezca\u201d.<\/p>\n\n\n\n<p>\u201cLos quiero con todo el coraz\u00f3n\u201d, cerr\u00f3 su discurso Carlos Verna, donde se mezclaron la emoci\u00f3n del l\u00edder de la L\u00ednea Plural, la ovaci\u00f3n interminable de la militancia y la marca peronista.<\/p>\n<div class=\"sharedaddy sd-sharing-enabled\"><div class=\"robots-nocontent sd-block sd-social sd-social-icon sd-sharing\"><h3 class=\"sd-title\">Comparte esto:<\/h3><div class=\"sd-content\"><ul><li class=\"share-twitter\"><a rel=\"nofollow noopener noreferrer\" data-shared=\"sharing-twitter-36314\" class=\"share-twitter sd-button share-icon no-text\" href=\"http:\/\/www.rtvnoticias.com.ar\/?p=36314&amp;share=twitter\" target=\"_blank\" title=\"Haz clic para compartir en Twitter\"><span><\/span><span class=\"sharing-screen-reader-text\">Haz clic para compartir en Twitter (Se abre en una ventana nueva)<\/span><\/a><\/li><li class=\"share-facebook\"><a rel=\"nofollow noopener noreferrer\" data-shared=\"sharing-facebook-36314\" class=\"share-facebook sd-button share-icon no-text\" href=\"http:\/\/www.rtvnoticias.com.ar\/?p=36314&amp;share=facebook\" target=\"_blank\" title=\"Haz clic para compartir en Facebook\"><span><\/span><span class=\"sharing-screen-reader-text\">Haz clic para compartir en Facebook (Se abre en una ventana nueva)<\/span><\/a><\/li><li class=\"share-jetpack-whatsapp\"><a rel=\"nofollow noopener noreferrer\" data-shared=\"\" class=\"share-jetpack-whatsapp sd-button share-icon no-text\" href=\"http:\/\/www.rtvnoticias.com.ar\/?p=36314&amp;share=jetpack-whatsapp\" target=\"_blank\" title=\"Haz clic para compartir en WhatsApp\"><span><\/span><span class=\"sharing-screen-reader-text\">Haz clic para compartir en WhatsApp (Se abre en una ventana nueva)<\/span><\/a><\/li><li class=\"share-telegram\"><a rel=\"nofollow noopener noreferrer\" data-shared=\"\" class=\"share-telegram sd-button share-icon no-text\" href=\"http:\/\/www.rtvnoticias.com.ar\/?p=36314&amp;share=telegram\" target=\"_blank\" title=\"Haz clic para compartir en Telegram\"><span><\/span><span class=\"sharing-screen-reader-text\">Haz clic para compartir en Telegram (Se abre en una ventana nueva)<\/span><\/a><\/li><li class=\"share-end\"><\/li><\/ul><\/div><\/div><\/div>","protected":false},"excerpt":{"rendered":"<p>El l\u00edder de la L\u00ednea Plural, Carlos Verna, encabez\u00f3 durante la tarde de este martes un multitudinario encuentro en el que convoc\u00f3 a la militancia<\/p>\n<div class=\"sharedaddy sd-sharing-enabled\"><div class=\"robots-nocontent sd-block sd-social sd-social-icon sd-sharing\"><h3 class=\"sd-title\">Comparte esto:<\/h3><div class=\"sd-content\"><ul><li class=\"share-twitter\"><a rel=\"nofollow noopener noreferrer\" data-shared=\"sharing-twitter-36314\" class=\"share-twitter sd-button share-icon no-text\" href=\"http:\/\/www.rtvnoticias.com.ar\/?p=36314&amp;share=twitter\" target=\"_blank\" title=\"Haz clic para compartir en Twitter\"><span><\/span><span class=\"sharing-screen-reader-text\">Haz clic para compartir en Twitter (Se abre en una ventana nueva)<\/span><\/a><\/li><li class=\"share-facebook\"><a rel=\"nofollow noopener noreferrer\" data-shared=\"sharing-facebook-36314\" class=\"share-facebook sd-button share-icon no-text\" href=\"http:\/\/www.rtvnoticias.com.ar\/?p=36314&amp;share=facebook\" target=\"_blank\" title=\"Haz clic para compartir en Facebook\"><span><\/span><span class=\"sharing-screen-reader-text\">Haz clic para compartir en Facebook (Se abre en una ventana nueva)<\/span><\/a><\/li><li class=\"share-jetpack-whatsapp\"><a rel=\"nofollow noopener noreferrer\" data-shared=\"\" class=\"share-jetpack-whatsapp sd-button share-icon no-text\" href=\"http:\/\/www.rtvnoticias.com.ar\/?p=36314&amp;share=jetpack-whatsapp\" target=\"_blank\" title=\"Haz clic para compartir en WhatsApp\"><span><\/span><span class=\"sharing-screen-reader-text\">Haz clic para compartir en WhatsApp (Se abre en una ventana nueva)<\/span><\/a><\/li><li class=\"share-telegram\"><a rel=\"nofollow noopener noreferrer\" data-shared=\"\" class=\"share-telegram sd-button share-icon no-text\" href=\"http:\/\/www.rtvnoticias.com.ar\/?p=36314&amp;share=telegram\" target=\"_blank\" title=\"Haz clic para compartir en Telegram\"><span><\/span><span class=\"sharing-screen-reader-text\">Haz clic para compartir en Telegram (Se abre en una ventana nueva)<\/span><\/a><\/li><li class=\"share-end\"><\/li><\/ul><\/div><\/div><\/div>","protected":false},"author":7,"featured_media":36315,"comment_status":"closed","ping_status":"closed","sticky":false,"template":"","format":"standard","meta":{"spay_email":"","jetpack_publicize_message":"","jetpack_is_tweetstorm":false,"jetpack_publicize_feature_enabled":true},"categories":[4],"tags":[],"jetpack_featured_media_url":"http:\/\/www.rtvnoticias.com.ar\/wp-content\/uploads\/2023\/04\/Carlos-Verna-en-Pico-.jpg","jetpack_publicize_connections":[],"jetpack_sharing_enabled":true,"_links":{"self":[{"href":"http:\/\/www.rtvnoticias.com.ar\/index.php?rest_route=\/wp\/v2\/posts\/36314"}],"collection":[{"href":"http:\/\/www.rtvnoticias.com.ar\/index.php?rest_route=\/wp\/v2\/posts"}],"about":[{"href":"http:\/\/www.rtvnoticias.com.ar\/index.php?rest_route=\/wp\/v2\/types\/post"}],"author":[{"embeddable":true,"href":"http:\/\/www.rtvnoticias.com.ar\/index.php?rest_route=\/wp\/v2\/users\/7"}],"replies":[{"embeddable":true,"href":"http:\/\/www.rtvnoticias.com.ar\/index.php?rest_route=%2Fwp%2Fv2%2Fcomments&post=36314"}],"version-history":[{"count":1,"href":"http:\/\/www.rtvnoticias.com.ar\/index.php?rest_route=\/wp\/v2\/posts\/36314\/revisions"}],"predecessor-version":[{"id":36316,"href":"http:\/\/www.rtvnoticias.com.ar\/index.php?rest_route=\/wp\/v2\/posts\/36314\/revisions\/36316"}],"wp:featuredmedia":[{"embeddable":true,"href":"http:\/\/www.rtvnoticias.com.ar\/index.php?rest_route=\/wp\/v2\/media\/36315"}],"wp:attachment":[{"href":"http:\/\/www.rtvnoticias.com.ar\/index.php?rest_route=%2Fwp%2Fv2%2Fmedia&parent=36314"}],"wp:term":[{"taxonomy":"category","embeddable":true,"href":"http:\/\/www.rtvnoticias.com.ar\/index.php?rest_route=%2Fwp%2Fv2%2Fcategories&post=36314"},{"taxonomy":"post_tag","embeddable":true,"href":"http:\/\/www.rtvnoticias.com.ar\/index.php?rest_route=%2Fwp%2Fv2%2Ftags&post=36314"}],"curies":[{"name":"wp","href":"https:\/\/api.w.org\/{rel}","templated":true}]}}