{"id":36317,"date":"2023-04-19T08:59:25","date_gmt":"2023-04-19T11:59:25","guid":{"rendered":"http:\/\/www.rtvnoticias.com.ar\/?p=36317"},"modified":"2023-04-19T08:59:28","modified_gmt":"2023-04-19T11:59:28","slug":"felices-pascuas-la-casa-esta-en-orden-la-historia-detras-de-la-frase-celebre-de-raul-alfonsin","status":"publish","type":"post","link":"http:\/\/www.rtvnoticias.com.ar\/?p=36317","title":{"rendered":"\u201cFelices Pascuas, la casa est\u00e1 en orden\u201d: la historia detr\u00e1s de la frase c\u00e9lebre de Ra\u00fal Alfons\u00edn"},"content":{"rendered":"\n<p>El 19 de abril de 1987, tras la rendici\u00f3n de Aldo Rico y los Carapintadas que se hab\u00edan sublevado en Campo de Mayo, el Presidente brind\u00f3 un recordado discurso en el balc\u00f3n de la Casa Rosada. TN reconstruy\u00f3 toda la secuencia con sus protagonistas.<\/p>\n\n\n\n<p>El 19 de abril de 1987, el entonces presidente argentino sali\u00f3 al balc\u00f3n de la Casa Rosada y expres\u00f3 una frase que, seg\u00fan allegados, busc\u00f3 mostrar que se hab\u00eda evitado una masacre.<\/p>\n\n\n\n<p>\u201cVoy a hablar ahora\u201d. Ra\u00fal Alfons\u00edn baj\u00f3 del helic\u00f3ptero reci\u00e9n aterrizado en el techo. Se acomod\u00f3 el pelo alborotado por el giro de la h\u00e9lice. Descendi\u00f3 hasta el primer piso, esquiv\u00f3 a la muchedumbre de una Casa de Gobierno revolucionada y, sin rodeos ni concili\u00e1bulos, sali\u00f3 al balc\u00f3n y solt\u00f3 las palabras que se clavaron para siempre en la memoria colectiva de la pol\u00edtica nacional.<\/p>\n\n\n\n<p>\u201cCompatriotas, felices Pascuas. Los hombres amotinados han depuesto su actitud. La casa est\u00e1 en orden y no hay sangre en la Argentina\u201d.<\/p>\n\n\n\n<p>Era el 19 de abril de 1987 y el Presidente ven\u00eda de atravesar los cuatro d\u00edas m\u00e1s dif\u00edciles del Gobierno elegido por voto popular en diciembre de 1983. El pa\u00eds viv\u00eda una democracia joven que era necesario cuidar luego de m\u00e1s de medio siglo de golpes de Estado, y Alfons\u00edn estaba decidido a ser el padre de esa democracia. Lo supo en el inicio de aquella Semana Santa, cuando interrumpi\u00f3 su descanso en Chascom\u00fas y volvi\u00f3 de urgencia a la Ciudad de Buenos Aires ante la amenaza producida por la insurrecci\u00f3n de unos 300 militares carapintadas en la Escuela de Infanter\u00eda de Campo de Mayo.<\/p>\n\n\n\n<p>\u201cMire, Presidente, esto es m\u00e1s serio de lo que pens\u00e1bamos\u201d. Desde su ciudad natal, Alfons\u00edn escuch\u00f3 la voz de Horacio Jaunarena -ministro de Defensa de la Naci\u00f3n en aquel entonces- al otro lado del tel\u00e9fono y se paraliz\u00f3.<\/p>\n\n\n\n<p><strong>La sociedad y la pol\u00edtica, unidas en defensa de la democracia<br><\/strong>Los carapintadas, liderados por el teniente coronel Aldo Rico y entre quienes hab\u00eda varios h\u00e9roes de Malvinas, cuestionaban los juicios impulsados por el Gobierno de la Uni\u00f3n C\u00edvica Radical en torno a las violaciones a los derechos humanos cometidas durante el llamado \u201cProceso de Reorganizaci\u00f3n Nacional\u201d, y pretend\u00edan adem\u00e1s cambiar los altos mandos del Ej\u00e9rcito.<\/p>\n\n\n\n<p>Ernesto Barreiro, un militar de C\u00f3rdoba, encendi\u00f3 la mecha del mot\u00edn al no presentarse al juicio que afrontaba como imputado por torturas y asesinatos cometidos en el centro clandestino de detenci\u00f3n La Perla. Y junto a otros 130 compa\u00f1eros tom\u00f3 el Comando de Infanter\u00eda de la ciudad mediterr\u00e1nea.<\/p>\n\n\n\n<p>Dos horas antes del discurso final, Alfons\u00edn hab\u00eda hablado en el mismo balc\u00f3n ante una Plaza de Mayo llena. Lo rodeaban funcionarios de su gesti\u00f3n, tales los casos del propio Jaunarena, Facundo Su\u00e1rez Lastra y Leopoldo Moreau; y otros dirigentes del partido gobernante, pero tambi\u00e9n referentes peronistas como Antonio Cafiero, Carlos Grosso, Vicente Saadi y Jos\u00e9 Luis Manzano.<\/p>\n\n\n\n<p>Era una situaci\u00f3n in\u00e9dita hasta entonces: frente a lo que se asum\u00eda como una amenaza de un nuevo golpe de Estado, la pol\u00edtica argentina hab\u00eda constituido una suerte de frente monol\u00edtico en defensa de la democracia. Y la sociedad en su conjunto parec\u00eda dispuesta a ser due\u00f1a de su propio destino e impedir la asonada carapintada.<\/p>\n\n\n\n<p>\u201cUstedes y yo, todos en la Argentina, saben lo que estamos arriesgando. Es mucho m\u00e1s que un absurdo golpe de Estado. Estamos arriesgando un futuro nuestro y el de nuestros hijos. Estamos arriesgando sangre derramada entre hermanos. He tomado una decisi\u00f3n. Dentro de unos minutos, saldr\u00e9 personalmente a Campo de Mayo a intimar la rendici\u00f3n de los sediciosos\u201d, anunci\u00f3 Alfons\u00edn, y le hizo un pedido a la multitud: \u201cEsp\u00e9renme ac\u00e1, y si Dios quiere y nos acompa\u00f1a, dentro de un rato vendr\u00e9 con las soluciones\u201d.<\/p>\n\n\n\n<p>\u201cHoras antes de la rendici\u00f3n hab\u00eda una tensi\u00f3n tremenda\u201d, recuerda Jaunarena en di\u00e1logo con TN. \u201cEra s\u00e1bado a la noche y yo estaba en Campo de Mayo tratando de rendirlo a (Aldo) Rico. Y era una carrera contra el tiempo, porque si Rico no se rend\u00eda, \u00edbamos a tener un problema muy serio\u201d.<\/p>\n\n\n\n<p>Jaunarena alude a la multitud de civiles que hab\u00edan formado un cerco alrededor de Campo de Mayo: \u201cEstaban ah\u00ed nom\u00e1s, a 200 metros. Si esa gente derribaba el alambrado y Rico respond\u00eda con tiros, iba a ser una masacre. Por eso Alfons\u00edn dice aquello de que \u2018la casa est\u00e1 en orden y no hubo sangre en la Argentina\u2019\u201d.<\/p>\n\n\n\n<p>Durante la noche del s\u00e1bado, el exministro hab\u00eda tenido una reuni\u00f3n con Rico en la Escuela de Infanter\u00eda. \u201cAh\u00ed le dije: \u2018Mire, no s\u00e9 cu\u00e1nto tiempo le puedo garantizar que la gente no le invada la unidad militar. \u00c9l me respondi\u00f3 que iba a deponer las armas la ma\u00f1ana siguiente, y yo le dije que volver\u00eda. Me pidi\u00f3 tiempo para contener a su bando, y me pidi\u00f3 algo m\u00e1s: que el Presidente se presentara ese mismo domingo en Campo de Mayo\u201d.<\/p>\n\n\n\n<p>Alfons\u00edn ven\u00eda teniendo reiteradas conversaciones con el teniente coronel Julio Hang, edec\u00e1n presidencial y quien conoc\u00eda muy bien a Aldo Rico. \u201cQuiero que usted est\u00e9 d\u00eda y noche conmigo hasta que solucionemos este problema\u201d, le encomend\u00f3 el Presidente no bien volvi\u00f3 de Chascom\u00fas.<\/p>\n\n\n\n<p>\u201cDorm\u00ed en la Casa Rosada con \u00e9l durante toda la Semana Santa. Recuerdo muy bien que en el Patio de las Palmeras me pregunt\u00f3 si lo conoc\u00eda a Rico\u201d, relata Hang a TN. \u201cMe pregunt\u00f3 si yo hab\u00eda trabajado con \u00e9l. Le dije que s\u00ed, que ambos \u00e9ramos instructores en el Colegio Militar y hab\u00edamos hecho un curso de contraguerrilla en el norte\u201d.<\/p>\n\n\n\n<p>Alfons\u00edn escuch\u00f3 la descripci\u00f3n con mucha atenci\u00f3n: \u201cLe coment\u00e9 que Rico era un soldado muy prestigioso y respetado, que hab\u00eda tenido actos heroicos en Malvinas. De teniente coronel para abajo, todos lo reconoc\u00edan como un l\u00edder natural. Se lo dije para que supiera con qui\u00e9n estaba tratando\u201d.<\/p>\n\n\n\n<p>Cuenta Hang que algo pas\u00f3 el s\u00e1bado a la noche luego de la reuni\u00f3n entre el jefe de la sublevaci\u00f3n y el ministro de Defensa: \u201cA Rico le dijeron que la ida de Jaunarena a Campo de Mayo a la ma\u00f1ana siguiente iba a ser una traici\u00f3n. Entonces, cuando Jaunarena va, se encuentra con Rico y los suyos armados en una situaci\u00f3n de mucha tensi\u00f3n\u201d.<\/p>\n\n\n\n<p>\u201cCuando fui el domingo temprano, me recibi\u00f3 con seis oficiales armados y me dijo que yo lo hab\u00eda enga\u00f1ado\u201c, rememora Jaunarena. Y sigue: \u201cMe reprochaba que yo le hab\u00eda asegurado que el Gobierno no pod\u00eda darle una amnist\u00eda y el intendente de San Isidro (Melchor Posse) le hab\u00eda dicho que s\u00ed, aunque despu\u00e9s lo neg\u00f3. Lo \u00fanico que Rico aceptaba, en definitiva, era la palabra del Presidente\u201d.<\/p>\n\n\n\n<p><strong>Un llamado y una decisi\u00f3n: \u201cMe voy a Campo de Mayo\u201d<br><\/strong>Alfons\u00edn estaba reunido en su despacho con el canciller Dante Caputo cuando recibi\u00f3 el nuevo llamado del ministro de Defensa. \u201cLe dije que era conveniente que asumiera el riesgo de presentarse personalmente en la Escuela de Infanter\u00eda\u201d, recuerda Jaunarena.<\/p>\n\n\n\n<p>El Presidente golpe\u00f3 el escritorio, se levant\u00f3 de la silla y apur\u00f3 la decisi\u00f3n que ya ven\u00eda rondando en su conciencia: \u201c\u00a1No me pueden hacer esto! Me voy a Campo de Mayo\u201d.<\/p>\n\n\n\n<p>\u201cEra muy peligroso que fuera. Me acuerdo de que en ese momento est\u00e1bamos con (Carlos) Becerra, \u201cCoti\u201d (Enrique) Nosiglia y Moreau e hicimos una asamblea con militantes para evaluar si deb\u00edamos ir o no con Alfons\u00edn\u201d, cuenta Su\u00e1rez Lastra, intendente de la Ciudad de Buenos Aires en aquellos a\u00f1os.<\/p>\n\n\n\n<p>Y agrega: \u201cEl brigadier (Ernesto, jefe del Estado Mayor General de la Fuerza A\u00e9rea) Crespo nos dijo \u2018qu\u00e9dense tranquilos que yo voy con \u00e9l, y estamos en condiciones de bombardearlos en dos minutos\u2019. Eso nos tranquiliz\u00f3 un poco. Nos hizo pensar que hab\u00eda militares leales y capacidad operativa real frente a los insurrectos\u201d.<\/p>\n\n\n\n<p>Mientras tanto, la Plaza de Mayo, el resto de las plazas del pa\u00eds y los alrededores de la Escuela de Infanter\u00eda se iban llenando de gente. \u201cMi rol estaba ligado a la difusi\u00f3n del conflicto y, al mismo tiempo, al ordenamiento de la calle. Lo primero que quisimos asegurar fue que los medios de comunicaci\u00f3n oficiales, como la Televisi\u00f3n P\u00fablica, transmitieran todo el tiempo lo que suced\u00eda\u201d, cuenta Federico Storani.<\/p>\n\n\n\n<p>Quien entonces era diputado nacional evoca el asombro que lo invadi\u00f3 cuando Alfons\u00edn decidi\u00f3 ir a Campo de Mayo: \u201cRealmente era muy riesgoso, porque estaban muy alterados aquellos tipos. Ya hab\u00edan pasado varios d\u00edas y tomaban cualquier cosa para mantenerse despiertos\u201d.<\/p>\n\n\n\n<p>\u201cRecuerdo que iba con (C\u00e9sar, jefe del bloque radical en la C\u00e1mara baja) Jaroslavsky en el auto y est\u00e1bamos muy sorprendidos por las multitudes en los alrededores de la Escuela de Infanter\u00eda. Todo estaba te\u00f1ido de much\u00edsima tensi\u00f3n. Si se perforaba alg\u00fan lugar del cerco, \u00bfc\u00f3mo controlabas la situaci\u00f3n?\u201d, se\u00f1ala Storani.<\/p>\n\n\n\n<p>Pasado el mediod\u00eda del domingo, minutos despu\u00e9s del discurso inicial y de pedirle a la muchedumbre que esperara su regreso, Alfons\u00edn se subi\u00f3 al helic\u00f3ptero que parti\u00f3 desde el Edificio Libertad, sede de la Armada, en Retiro. El destino: Campo de Mayo.<\/p>\n\n\n\n<p>La cumbre entre Alfons\u00edn y Rico y la foto que no fue<br>\u201cMe sent\u00e9 en un habit\u00e1culo en la parte trasera del helic\u00f3ptero. Y nadie hablaba. Est\u00e1bamos todos en silencio, por no usar otro adjetivo. Alfons\u00edn iba en el medio, entre Crespo (jefe de la Fuerza A\u00e9rea) y el brigadier (H\u00e9ctor, jefe de la Casa Militar) Panzardi\u201d, relata V\u00edctor Bugge a TN.<\/p>\n\n\n\n<p>Desde 1978, Bugge es el fot\u00f3grafo oficial de la Casa Rosada. Era el \u201cinfiltrado\u201d en ese vuelo y no pudo realizar la tarea que ten\u00eda encomendada. Por eso, no hay im\u00e1genes de aquel cara a cara entre Alfons\u00edn y Rico.<\/p>\n\n\n\n<p>\u201cCuando bajamos del helic\u00f3ptero, el edec\u00e1n naval me dice \u2018V\u00edctor, cuidate porque no sabemos qu\u00e9 va a pasar ac\u00e1\u2019. Que te lo diga un milico no era algo menor. Ah\u00ed ya estaba muy inc\u00f3modo, y creo que ese di\u00e1logo fue el que determin\u00f3 que yo, que hab\u00eda llevado dos c\u00e1maras, me quedara en un sill\u00f3n sin poder hacer la foto\u201d, justifica Bugge.<\/p>\n\n\n\n<p>El fot\u00f3grafo recuerda que estaba junto al Presidente en un despacho \u201cy nos lleg\u00f3 la versi\u00f3n de que Rico no quer\u00eda venir. Entonces, Hang lo fue a buscar\u201d.<\/p>\n\n\n\n<p>El edec\u00e1n recuerda que la multitud que copaba las calles era tal que no le permit\u00eda llegar en auto a la Escuela de Infanter\u00eda: \u201cFui en helic\u00f3ptero, y cuando estaba descendiendo escuch\u00e9 algunos tiros intimidatorios de parte de los carapintadas. Abr\u00ed la puerta, mostr\u00e9 la gorra y les grit\u00e9 \u2018\u00a1soy Julio Hang!\u2019. Como me conoc\u00edan, ordenaron bajar las armas y pude pasar a ver a Rico\u201d.<\/p>\n\n\n\n<p>Luego de un di\u00e1logo breve con el edec\u00e1n, Rico se desarm\u00f3 y fue al encuentro del jefe de Estado. \u201cAlfons\u00edn le pregunt\u00f3 si no era consciente del da\u00f1o que le estaba provocando al pa\u00eds con su actitud\u201d, contin\u00faa Hang. \u201cRico le respondi\u00f3: \u2018Mire, esto no es en contra del sistema, sino contra la c\u00fapula del Ej\u00e9rcito y en defensa de nuestros camaradas\u2019\u201d.<\/p>\n\n\n\n<p>Bugge retoma: \u201cYa estaba convencido de que de esa reuni\u00f3n iba a salir la soluci\u00f3n o la masacre, cuando desde los pasillos comenzamos a sentir gritos de los militares leales: \u2018\u00a1Avanza la civilidad! \u00a1Avanza la civilidad!\u2019. La gente estaba decidida a entrar. Ese momento fue de much\u00edsima tensi\u00f3n\u201d.<\/p>\n\n\n\n<p><strong>La rendici\u00f3n de Rico y el regreso a Casa Rosada<br><\/strong>Rico, entonces, le pidi\u00f3 a Alfons\u00edn que el accionar carapintada en el cuartel general del Ej\u00e9rcito fuese juzgado por la Justicia Militar y no por la Justicia Civil. Y se rindi\u00f3.<\/p>\n\n\n\n<p>Hang evoca un di\u00e1logo con Alfons\u00edn en el helic\u00f3ptero de regreso a la Casa Rosada: \u201cYa estaba pensando en lo que deb\u00eda decir en el balc\u00f3n. Y \u00e9l hablaba de los \u2018rebeldes\u2019 carapintadas. Le coment\u00e9 que, si atend\u00eda al pedido de Rico, no deb\u00eda decir \u2018rebeldes\u2019, sino \u2018amotinados\u2019. El primer t\u00e9rmino habla de un delito civil; y el segundo, de un delito militar. Si escuch\u00e1s el discurso, finalmente me hace caso\u201d.<\/p>\n\n\n\n<p>En junio de 1987, con la entrada en vigencia de la Ley de Obediencia Debida, el objetivo carapintada se cumpli\u00f3. M\u00e1s tarde, en diciembre, la Corte Suprema resolvi\u00f3 que efectivamente Rico deb\u00eda comparecer ante la Justicia Militar.<\/p>\n\n\n\n<p>Al mes siguiente, enero de 1988, Rico protagoniz\u00f3 un nuevo levantamiento militar, esta vez en Monte Caseros. Finalmente, en 1989, fue indultado por Carlos Menem, sucesor de Alfons\u00edn. Y nunca recibi\u00f3 condena por el alzamiento de Semana Santa.<\/p>\n<div class=\"sharedaddy sd-sharing-enabled\"><div class=\"robots-nocontent sd-block sd-social sd-social-icon sd-sharing\"><h3 class=\"sd-title\">Comparte esto:<\/h3><div class=\"sd-content\"><ul><li class=\"share-twitter\"><a rel=\"nofollow noopener noreferrer\" data-shared=\"sharing-twitter-36317\" class=\"share-twitter sd-button share-icon no-text\" href=\"http:\/\/www.rtvnoticias.com.ar\/?p=36317&amp;share=twitter\" target=\"_blank\" title=\"Haz clic para compartir en Twitter\"><span><\/span><span class=\"sharing-screen-reader-text\">Haz clic para compartir en Twitter (Se abre en una ventana nueva)<\/span><\/a><\/li><li class=\"share-facebook\"><a rel=\"nofollow noopener noreferrer\" data-shared=\"sharing-facebook-36317\" class=\"share-facebook sd-button share-icon no-text\" href=\"http:\/\/www.rtvnoticias.com.ar\/?p=36317&amp;share=facebook\" target=\"_blank\" title=\"Haz clic para compartir en Facebook\"><span><\/span><span class=\"sharing-screen-reader-text\">Haz clic para compartir en Facebook (Se abre en una ventana nueva)<\/span><\/a><\/li><li class=\"share-jetpack-whatsapp\"><a rel=\"nofollow noopener noreferrer\" data-shared=\"\" class=\"share-jetpack-whatsapp sd-button share-icon no-text\" href=\"http:\/\/www.rtvnoticias.com.ar\/?p=36317&amp;share=jetpack-whatsapp\" target=\"_blank\" title=\"Haz clic para compartir en WhatsApp\"><span><\/span><span class=\"sharing-screen-reader-text\">Haz clic para compartir en WhatsApp (Se abre en una ventana nueva)<\/span><\/a><\/li><li class=\"share-telegram\"><a rel=\"nofollow noopener noreferrer\" data-shared=\"\" class=\"share-telegram sd-button share-icon no-text\" href=\"http:\/\/www.rtvnoticias.com.ar\/?p=36317&amp;share=telegram\" target=\"_blank\" title=\"Haz clic para compartir en Telegram\"><span><\/span><span class=\"sharing-screen-reader-text\">Haz clic para compartir en Telegram (Se abre en una ventana nueva)<\/span><\/a><\/li><li class=\"share-end\"><\/li><\/ul><\/div><\/div><\/div>","protected":false},"excerpt":{"rendered":"<p>El 19 de abril de 1987, tras la rendici\u00f3n de Aldo Rico y los Carapintadas que se hab\u00edan sublevado en Campo de Mayo, el Presidente<\/p>\n<div class=\"sharedaddy sd-sharing-enabled\"><div class=\"robots-nocontent sd-block sd-social sd-social-icon sd-sharing\"><h3 class=\"sd-title\">Comparte esto:<\/h3><div class=\"sd-content\"><ul><li class=\"share-twitter\"><a rel=\"nofollow noopener noreferrer\" data-shared=\"sharing-twitter-36317\" class=\"share-twitter sd-button share-icon no-text\" href=\"http:\/\/www.rtvnoticias.com.ar\/?p=36317&amp;share=twitter\" target=\"_blank\" title=\"Haz clic para compartir en Twitter\"><span><\/span><span class=\"sharing-screen-reader-text\">Haz clic para compartir en Twitter (Se abre en una ventana nueva)<\/span><\/a><\/li><li class=\"share-facebook\"><a rel=\"nofollow noopener noreferrer\" data-shared=\"sharing-facebook-36317\" class=\"share-facebook sd-button share-icon no-text\" href=\"http:\/\/www.rtvnoticias.com.ar\/?p=36317&amp;share=facebook\" target=\"_blank\" title=\"Haz clic para compartir en Facebook\"><span><\/span><span class=\"sharing-screen-reader-text\">Haz clic para compartir en Facebook (Se abre en una ventana nueva)<\/span><\/a><\/li><li class=\"share-jetpack-whatsapp\"><a rel=\"nofollow noopener noreferrer\" data-shared=\"\" class=\"share-jetpack-whatsapp sd-button share-icon no-text\" href=\"http:\/\/www.rtvnoticias.com.ar\/?p=36317&amp;share=jetpack-whatsapp\" target=\"_blank\" title=\"Haz clic para compartir en WhatsApp\"><span><\/span><span class=\"sharing-screen-reader-text\">Haz clic para compartir en WhatsApp (Se abre en una ventana nueva)<\/span><\/a><\/li><li class=\"share-telegram\"><a rel=\"nofollow noopener noreferrer\" data-shared=\"\" class=\"share-telegram sd-button share-icon no-text\" href=\"http:\/\/www.rtvnoticias.com.ar\/?p=36317&amp;share=telegram\" target=\"_blank\" title=\"Haz clic para compartir en Telegram\"><span><\/span><span class=\"sharing-screen-reader-text\">Haz clic para compartir en Telegram (Se abre en una ventana nueva)<\/span><\/a><\/li><li class=\"share-end\"><\/li><\/ul><\/div><\/div><\/div>","protected":false},"author":7,"featured_media":36318,"comment_status":"closed","ping_status":"closed","sticky":false,"template":"","format":"standard","meta":{"spay_email":"","jetpack_publicize_message":"","jetpack_is_tweetstorm":false,"jetpack_publicize_feature_enabled":true},"categories":[5],"tags":[],"jetpack_featured_media_url":"http:\/\/www.rtvnoticias.com.ar\/wp-content\/uploads\/2023\/04\/Felices-Pascuas-Alfonsin.jpg","jetpack_publicize_connections":[],"jetpack_sharing_enabled":true,"_links":{"self":[{"href":"http:\/\/www.rtvnoticias.com.ar\/index.php?rest_route=\/wp\/v2\/posts\/36317"}],"collection":[{"href":"http:\/\/www.rtvnoticias.com.ar\/index.php?rest_route=\/wp\/v2\/posts"}],"about":[{"href":"http:\/\/www.rtvnoticias.com.ar\/index.php?rest_route=\/wp\/v2\/types\/post"}],"author":[{"embeddable":true,"href":"http:\/\/www.rtvnoticias.com.ar\/index.php?rest_route=\/wp\/v2\/users\/7"}],"replies":[{"embeddable":true,"href":"http:\/\/www.rtvnoticias.com.ar\/index.php?rest_route=%2Fwp%2Fv2%2Fcomments&post=36317"}],"version-history":[{"count":1,"href":"http:\/\/www.rtvnoticias.com.ar\/index.php?rest_route=\/wp\/v2\/posts\/36317\/revisions"}],"predecessor-version":[{"id":36319,"href":"http:\/\/www.rtvnoticias.com.ar\/index.php?rest_route=\/wp\/v2\/posts\/36317\/revisions\/36319"}],"wp:featuredmedia":[{"embeddable":true,"href":"http:\/\/www.rtvnoticias.com.ar\/index.php?rest_route=\/wp\/v2\/media\/36318"}],"wp:attachment":[{"href":"http:\/\/www.rtvnoticias.com.ar\/index.php?rest_route=%2Fwp%2Fv2%2Fmedia&parent=36317"}],"wp:term":[{"taxonomy":"category","embeddable":true,"href":"http:\/\/www.rtvnoticias.com.ar\/index.php?rest_route=%2Fwp%2Fv2%2Fcategories&post=36317"},{"taxonomy":"post_tag","embeddable":true,"href":"http:\/\/www.rtvnoticias.com.ar\/index.php?rest_route=%2Fwp%2Fv2%2Ftags&post=36317"}],"curies":[{"name":"wp","href":"https:\/\/api.w.org\/{rel}","templated":true}]}}