{"id":36320,"date":"2023-04-19T11:38:56","date_gmt":"2023-04-19T14:38:56","guid":{"rendered":"http:\/\/www.rtvnoticias.com.ar\/?p=36320"},"modified":"2023-04-19T11:39:00","modified_gmt":"2023-04-19T14:39:00","slug":"dan-de-baja-jubilaciones-por-una-maniobra-con-los-aportes","status":"publish","type":"post","link":"http:\/\/www.rtvnoticias.com.ar\/?p=36320","title":{"rendered":"Dan de baja jubilaciones por una maniobra con los aportes"},"content":{"rendered":"\n<p>Una auditor\u00eda nacional detect\u00f3 que un estudio contable gestion\u00f3 jubilaciones con aportes patronales que no eran reales. Perdieron el beneficio un grupo de personas que lo ten\u00edan desde hace 7 o 15 a\u00f1os en algunos casos.<\/p>\n\n\n\n<p>Un grupo de personas que hab\u00eda obtenido su jubilaci\u00f3n a trav\u00e9s de las gestiones de un estudio contable de Santa Rosa sufri\u00f3 en las \u00faltimas semanas la baja de ese beneficio, a partir de que una auditor\u00eda detect\u00f3 una maniobra irregular mediante la cual se justificaban aportes patronales con el dominio de empresas con las que nunca hab\u00edan tenido relaci\u00f3n de dependencia.<\/p>\n\n\n\n<p>En diciembre del a\u00f1o pasado inspectores nacionales de Anses realizaron una auditor\u00eda en Santa Rosa y se entrevistaron con algunas de las personas jubiladas. Seg\u00fan contaron, en febrero les lleg\u00f3 la carta documento y la notificaci\u00f3n de la baja de la jubilaci\u00f3n. Ahora, podr\u00edan gestionar la adhesi\u00f3n al Plan de Pago de Deuda Previsional, pero recuperar el beneficio y la obra social Pami podr\u00eda llevar meses.<\/p>\n\n\n\n<p><strong>Una sugerencia del contador<\/strong><\/p>\n\n\n\n<p>Las personas dadas de baja reconocieron en algunos casos que conoc\u00edan la maniobra del contador, pero otras directamente aseguraron que fueron estafadas porque este les pidi\u00f3 dinero para completar el tr\u00e1mite. Entre los damnificados aseguran que son m\u00e1s de 30 personas en la misma situaci\u00f3n.<\/p>\n\n\n\n<p>Una mujer cont\u00f3 que perdi\u00f3 la jubilaci\u00f3n y la obra social despu\u00e9s de siete a\u00f1os. Y lament\u00f3 que Anses la haya dejado \u201cdesamparada\u201d sin tener en cuenta que fue v\u00edctima de una estafa. Otra persona reconoci\u00f3 que el contador le ofreci\u00f3 completar los aportes que faltaban utilizando un \u201ccuit propio\u201d y le pidi\u00f3 una suma de dinero para concretar ese tr\u00e1mite.<\/p>\n\n\n\n<p>El organismo nacional dispar\u00f3 en febrero la baja definitiva de las jubilaciones otorgadas a trav\u00e9s de la maniobra detectada. Algunas personas hac\u00eda quince a\u00f1os que cobraban jubilaci\u00f3n.<\/p>\n\n\n\n<p>Los controles del organismo nacional detectaron maniobras sospechosas y por eso se dispuso la auditoria. B\u00e1sicamente, se repet\u00edan aportes para distintos beneficiarios realizados por un mismo empleador para personas que supuestamente hab\u00edan trabajado en relaci\u00f3n de dependencia. Descubrieron que ese empleador era \u201cficticio\u201d.<\/p>\n\n\n\n<p>Los beneficiarios de las jubilaciones investigadas atribuyeron al mismo gestor los tr\u00e1mites que condujeron a la jubilaci\u00f3n. El gestor ofrec\u00eda una \u201csalida\u201d para completar los a\u00f1os de aportes que les faltaban.<\/p>\n\n\n\n<p><strong>Un futuro incierto<\/strong><\/p>\n\n\n\n<p>Seg\u00fan contaron las personas que perdieron la jubilaci\u00f3n, el organismo nacional inici\u00f3 el reclamo para que devuelvan la totalidad de las sumas percibidas como haber jubilatorio, en forma indebida, desde el alta de la prestaci\u00f3n.<\/p>\n\n\n\n<p>En cuanto al gestor que llev\u00f3 adelante el tr\u00e1mite, los inspectores les informaron que est\u00e1 expuesto a una denuncia penal por la maniobra fraudulenta, tanto por parte de Anses como por las personas que consideran que fueron estafados.<\/p>\n\n\n\n<p>Respecto a la posibilidad de recuperar la jubilaci\u00f3n, deben acogerse al vigente Plan de Pago de Deuda Previsional. Pueden hacerlo mujeres de 60 a\u00f1os o m\u00e1s y varones de 65 a\u00f1os o m\u00e1s, para completar per\u00edodos de aportes faltantes hasta diciembre de 2008 inclusive, que se descontar\u00e1n despu\u00e9s en forma mensual de su jubilaci\u00f3n. Una vez acogidas las personas al plan recuperar\u00edan su beneficio. Pero, les dijeron, eso podria demorar hasta cuatro meses.<\/p>\n\n\n\n<p>Fuente: El Diario de La Pampa<\/p>\n<div class=\"sharedaddy sd-sharing-enabled\"><div class=\"robots-nocontent sd-block sd-social sd-social-icon sd-sharing\"><h3 class=\"sd-title\">Comparte esto:<\/h3><div class=\"sd-content\"><ul><li class=\"share-twitter\"><a rel=\"nofollow noopener noreferrer\" data-shared=\"sharing-twitter-36320\" class=\"share-twitter sd-button share-icon no-text\" href=\"http:\/\/www.rtvnoticias.com.ar\/?p=36320&amp;share=twitter\" target=\"_blank\" title=\"Haz clic para compartir en Twitter\"><span><\/span><span class=\"sharing-screen-reader-text\">Haz clic para compartir en Twitter (Se abre en una ventana nueva)<\/span><\/a><\/li><li class=\"share-facebook\"><a rel=\"nofollow noopener noreferrer\" data-shared=\"sharing-facebook-36320\" class=\"share-facebook sd-button share-icon no-text\" href=\"http:\/\/www.rtvnoticias.com.ar\/?p=36320&amp;share=facebook\" target=\"_blank\" title=\"Haz clic para compartir en Facebook\"><span><\/span><span class=\"sharing-screen-reader-text\">Haz clic para compartir en Facebook (Se abre en una ventana nueva)<\/span><\/a><\/li><li class=\"share-jetpack-whatsapp\"><a rel=\"nofollow noopener noreferrer\" data-shared=\"\" class=\"share-jetpack-whatsapp sd-button share-icon no-text\" href=\"http:\/\/www.rtvnoticias.com.ar\/?p=36320&amp;share=jetpack-whatsapp\" target=\"_blank\" title=\"Haz clic para compartir en WhatsApp\"><span><\/span><span class=\"sharing-screen-reader-text\">Haz clic para compartir en WhatsApp (Se abre en una ventana nueva)<\/span><\/a><\/li><li class=\"share-telegram\"><a rel=\"nofollow noopener noreferrer\" data-shared=\"\" class=\"share-telegram sd-button share-icon no-text\" href=\"http:\/\/www.rtvnoticias.com.ar\/?p=36320&amp;share=telegram\" target=\"_blank\" title=\"Haz clic para compartir en Telegram\"><span><\/span><span class=\"sharing-screen-reader-text\">Haz clic para compartir en Telegram (Se abre en una ventana nueva)<\/span><\/a><\/li><li class=\"share-end\"><\/li><\/ul><\/div><\/div><\/div>","protected":false},"excerpt":{"rendered":"<p>Una auditor\u00eda nacional detect\u00f3 que un estudio contable gestion\u00f3 jubilaciones con aportes patronales que no eran reales. Perdieron el beneficio un grupo de personas que<\/p>\n<div class=\"sharedaddy sd-sharing-enabled\"><div class=\"robots-nocontent sd-block sd-social sd-social-icon sd-sharing\"><h3 class=\"sd-title\">Comparte esto:<\/h3><div class=\"sd-content\"><ul><li class=\"share-twitter\"><a rel=\"nofollow noopener noreferrer\" data-shared=\"sharing-twitter-36320\" class=\"share-twitter sd-button share-icon no-text\" href=\"http:\/\/www.rtvnoticias.com.ar\/?p=36320&amp;share=twitter\" target=\"_blank\" title=\"Haz clic para compartir en Twitter\"><span><\/span><span class=\"sharing-screen-reader-text\">Haz clic para compartir en Twitter (Se abre en una ventana nueva)<\/span><\/a><\/li><li class=\"share-facebook\"><a rel=\"nofollow noopener noreferrer\" data-shared=\"sharing-facebook-36320\" class=\"share-facebook sd-button share-icon no-text\" href=\"http:\/\/www.rtvnoticias.com.ar\/?p=36320&amp;share=facebook\" target=\"_blank\" title=\"Haz clic para compartir en Facebook\"><span><\/span><span class=\"sharing-screen-reader-text\">Haz clic para compartir en Facebook (Se abre en una ventana nueva)<\/span><\/a><\/li><li class=\"share-jetpack-whatsapp\"><a rel=\"nofollow noopener noreferrer\" data-shared=\"\" class=\"share-jetpack-whatsapp sd-button share-icon no-text\" href=\"http:\/\/www.rtvnoticias.com.ar\/?p=36320&amp;share=jetpack-whatsapp\" target=\"_blank\" title=\"Haz clic para compartir en WhatsApp\"><span><\/span><span class=\"sharing-screen-reader-text\">Haz clic para compartir en WhatsApp (Se abre en una ventana nueva)<\/span><\/a><\/li><li class=\"share-telegram\"><a rel=\"nofollow noopener noreferrer\" data-shared=\"\" class=\"share-telegram sd-button share-icon no-text\" href=\"http:\/\/www.rtvnoticias.com.ar\/?p=36320&amp;share=telegram\" target=\"_blank\" title=\"Haz clic para compartir en Telegram\"><span><\/span><span class=\"sharing-screen-reader-text\">Haz clic para compartir en Telegram (Se abre en una ventana nueva)<\/span><\/a><\/li><li class=\"share-end\"><\/li><\/ul><\/div><\/div><\/div>","protected":false},"author":7,"featured_media":28158,"comment_status":"closed","ping_status":"closed","sticky":false,"template":"","format":"standard","meta":{"spay_email":"","jetpack_publicize_message":"","jetpack_is_tweetstorm":false,"jetpack_publicize_feature_enabled":true},"categories":[5],"tags":[],"jetpack_featured_media_url":"http:\/\/www.rtvnoticias.com.ar\/wp-content\/uploads\/2021\/07\/anses1.jpg","jetpack_publicize_connections":[],"jetpack_sharing_enabled":true,"_links":{"self":[{"href":"http:\/\/www.rtvnoticias.com.ar\/index.php?rest_route=\/wp\/v2\/posts\/36320"}],"collection":[{"href":"http:\/\/www.rtvnoticias.com.ar\/index.php?rest_route=\/wp\/v2\/posts"}],"about":[{"href":"http:\/\/www.rtvnoticias.com.ar\/index.php?rest_route=\/wp\/v2\/types\/post"}],"author":[{"embeddable":true,"href":"http:\/\/www.rtvnoticias.com.ar\/index.php?rest_route=\/wp\/v2\/users\/7"}],"replies":[{"embeddable":true,"href":"http:\/\/www.rtvnoticias.com.ar\/index.php?rest_route=%2Fwp%2Fv2%2Fcomments&post=36320"}],"version-history":[{"count":1,"href":"http:\/\/www.rtvnoticias.com.ar\/index.php?rest_route=\/wp\/v2\/posts\/36320\/revisions"}],"predecessor-version":[{"id":36321,"href":"http:\/\/www.rtvnoticias.com.ar\/index.php?rest_route=\/wp\/v2\/posts\/36320\/revisions\/36321"}],"wp:featuredmedia":[{"embeddable":true,"href":"http:\/\/www.rtvnoticias.com.ar\/index.php?rest_route=\/wp\/v2\/media\/28158"}],"wp:attachment":[{"href":"http:\/\/www.rtvnoticias.com.ar\/index.php?rest_route=%2Fwp%2Fv2%2Fmedia&parent=36320"}],"wp:term":[{"taxonomy":"category","embeddable":true,"href":"http:\/\/www.rtvnoticias.com.ar\/index.php?rest_route=%2Fwp%2Fv2%2Fcategories&post=36320"},{"taxonomy":"post_tag","embeddable":true,"href":"http:\/\/www.rtvnoticias.com.ar\/index.php?rest_route=%2Fwp%2Fv2%2Ftags&post=36320"}],"curies":[{"name":"wp","href":"https:\/\/api.w.org\/{rel}","templated":true}]}}