{"id":36322,"date":"2023-04-19T12:22:28","date_gmt":"2023-04-19T15:22:28","guid":{"rendered":"http:\/\/www.rtvnoticias.com.ar\/?p=36322"},"modified":"2023-04-19T12:22:31","modified_gmt":"2023-04-19T15:22:31","slug":"presentaron-ambulancias-todo-terreno-para-tres-localidades","status":"publish","type":"post","link":"http:\/\/www.rtvnoticias.com.ar\/?p=36322","title":{"rendered":"Presentaron ambulancias \u00abtodo terreno\u00bb para tres localidades"},"content":{"rendered":"\n<p class=\"has-text-align-center\"><strong>Se trata de ambulancias 4&#215;4 aptas para acceder sin problemas a terrenos dif\u00edciles destinadas a Gobernador Duval, Guatrach\u00e9 y La Humada.<\/strong><\/p>\n\n\n\n<p>El Gobierno provincial present\u00f3 en la ma\u00f1ana de este tres ambulancias cero kil\u00f3metro, totalmente equipadas, las cuales est\u00e1n destinadas a Gobernador Duval, Guatrach\u00e9 y La Humada.<\/p>\n\n\n\n<p>La jornada que se desarroll\u00f3 en el Hospital de Complejidad Creciente, Ren\u00e9 Favaloro, estuvo encabezada por el ministro de Salud, Mario Rub\u00e9n Kohan; el ministro de Gobierno, Justicia y Derechos Humanos, Ariel Rauschenberger; y el subsecretario de Salud, Gustavo Vera,. Cont\u00f3 adem\u00e1s el acompa\u00f1amiento de directores de hospitales y referentes de centros de salud de la Provincia, intendentes e intendentas.<\/p>\n\n\n\n<p>Se trata de ambulancias 4&#215;4 marca Toyota aptas para acceder sin problemas a terrenos dif\u00edciles.<\/p>\n\n\n\n<p>El ministro de Salud, Mario Rub\u00e9n Kohan, se refiri\u00f3 a la importante incorporaci\u00f3n de estas unidades para las localidades de la Provincia. \u00abHablar del fortalecimiento del sistema de salud no es una idea intangible, es lo que el Gobierno de la provincia de La Pampa ha podido plasmar en hechos. Nos encontramos en este majestuoso marco como es el Hospital Ren\u00e9 Favoloro, pero se debe recordar que hay obras en todos los Establecimientos de Salud de la Provincia y se est\u00e1n construyendo nuevos hospitales\u00bb, indic\u00f3.<\/p>\n\n\n\n<p>Kohan destac\u00f3 el compromiso del Ejecutivo con el sistema de Salud P\u00fablico. \u00abCon estas tres ambulancias llevamos entregadas en la Provincia 30 ambulancias en total, en un trabajo conjunto realizado con Naci\u00f3n, y tengo la posibilidad de anunciar que el gobernador, Sergio Ziliotto, dispuso de la compra de mayor cantidad de ambulancias para los pr\u00f3ximos meses, y ya se encuentran en proceso de licitaci\u00f3n para proceder a la compra de las mismas. Estamos trabajando a paso redoblado, fortaleciendo toda la red de Salud de La Pampa, como as\u00ed tambi\u00e9n los laboratorios, las instituciones de internaci\u00f3n, la red de im\u00e1genes, la presencia de los m\u00f3viles para el traslado de pacientes, entre otras\u00bb, sostuvo.<\/p>\n\n\n\n<p>Felicitamos a las localidades que hoy son destinatarias de estas unidades. Seguimos trabajando y vamos por m\u00e1s\u00bb, concluy\u00f3.<\/p>\n\n\n\n<p>Mauro Oliva, conductor de ambulancias de Guatrach\u00e9, ampli\u00f3 sobre la importancia de esta adquisici\u00f3n, \u00abcon la llegada de estas unidades se da respuesta a una necesidad. Sabemos que el Gobierno provincial apuesta por el permanente fortalecimiento de las instituciones sanitarias y esta era una gran necesidad que ten\u00edamos. Nuestra Provincia se caracteriza por tener una amplia extensi\u00f3n territorial y algunos caminos no son f\u00e1ciles de transitar. Contar con un veh\u00edculo de estas caracter\u00edsticas, que permite el acceso a todo tipo de terrenos y que adem\u00e1s vienen equipadas de manera muy completa, facilita el trabajo, entendiendo que en la respuesta frente a una emergencia, el tiempo es fundamental\u00bb, explic\u00f3 Oliva.<\/p>\n\n\n\n<p>En materia sanitaria, la ambulancia est\u00e1 adaptada de manera muy completa con el equipamiento necesario para ofrecer un soporte vital, \u00abfrente a una eventualidad buscamos estabilizar al paciente y derivarlo al Centro de Salud m\u00e1s cercano. Por este motivo este tipos de veh\u00edculos son esenciales. Fortalecen, consolidan y son herramientas fundamentales para garantizar la atenci\u00f3n, los traslados y las derivaciones mejorando la posibilidad de respuesta en toda la Provincia\u00bb, dijo Oliva.<\/p>\n\n\n\n<p>Para finalizar a\u00f1adi\u00f3 que \u00abesta ambulancia va a facilitar ampliamente el ingreso a la Colonia Menonita, no solo para la atenci\u00f3n de la emergencia, sino tambi\u00e9n para la atenci\u00f3n integral en la comunidad. Los caminos en la Colonia y las distancias son complejos, por este motivo esta entrega estuvo pensada de manera estrat\u00e9gica. La geograf\u00eda de la Provincia es diferente y gestionar para la respuesta oportuna en todo el territorio, es fortalecer cada vez m\u00e1s el sistema de Salud\u00bb, concluy\u00f3.<\/p>\n<div class=\"sharedaddy sd-sharing-enabled\"><div class=\"robots-nocontent sd-block sd-social sd-social-icon sd-sharing\"><h3 class=\"sd-title\">Comparte esto:<\/h3><div class=\"sd-content\"><ul><li class=\"share-twitter\"><a rel=\"nofollow noopener noreferrer\" data-shared=\"sharing-twitter-36322\" class=\"share-twitter sd-button share-icon no-text\" href=\"http:\/\/www.rtvnoticias.com.ar\/?p=36322&amp;share=twitter\" target=\"_blank\" title=\"Haz clic para compartir en Twitter\"><span><\/span><span class=\"sharing-screen-reader-text\">Haz clic para compartir en Twitter (Se abre en una ventana nueva)<\/span><\/a><\/li><li class=\"share-facebook\"><a rel=\"nofollow noopener noreferrer\" data-shared=\"sharing-facebook-36322\" class=\"share-facebook sd-button share-icon no-text\" href=\"http:\/\/www.rtvnoticias.com.ar\/?p=36322&amp;share=facebook\" target=\"_blank\" title=\"Haz clic para compartir en Facebook\"><span><\/span><span class=\"sharing-screen-reader-text\">Haz clic para compartir en Facebook (Se abre en una ventana nueva)<\/span><\/a><\/li><li class=\"share-jetpack-whatsapp\"><a rel=\"nofollow noopener noreferrer\" data-shared=\"\" class=\"share-jetpack-whatsapp sd-button share-icon no-text\" href=\"http:\/\/www.rtvnoticias.com.ar\/?p=36322&amp;share=jetpack-whatsapp\" target=\"_blank\" title=\"Haz clic para compartir en WhatsApp\"><span><\/span><span class=\"sharing-screen-reader-text\">Haz clic para compartir en WhatsApp (Se abre en una ventana nueva)<\/span><\/a><\/li><li class=\"share-telegram\"><a rel=\"nofollow noopener noreferrer\" data-shared=\"\" class=\"share-telegram sd-button share-icon no-text\" href=\"http:\/\/www.rtvnoticias.com.ar\/?p=36322&amp;share=telegram\" target=\"_blank\" title=\"Haz clic para compartir en Telegram\"><span><\/span><span class=\"sharing-screen-reader-text\">Haz clic para compartir en Telegram (Se abre en una ventana nueva)<\/span><\/a><\/li><li class=\"share-end\"><\/li><\/ul><\/div><\/div><\/div>","protected":false},"excerpt":{"rendered":"<p>Se trata de ambulancias 4&#215;4 aptas para acceder sin problemas a terrenos dif\u00edciles destinadas a Gobernador Duval, Guatrach\u00e9 y La Humada. El Gobierno provincial present\u00f3<\/p>\n<div class=\"sharedaddy sd-sharing-enabled\"><div class=\"robots-nocontent sd-block sd-social sd-social-icon sd-sharing\"><h3 class=\"sd-title\">Comparte esto:<\/h3><div class=\"sd-content\"><ul><li class=\"share-twitter\"><a rel=\"nofollow noopener noreferrer\" data-shared=\"sharing-twitter-36322\" class=\"share-twitter sd-button share-icon no-text\" href=\"http:\/\/www.rtvnoticias.com.ar\/?p=36322&amp;share=twitter\" target=\"_blank\" title=\"Haz clic para compartir en Twitter\"><span><\/span><span class=\"sharing-screen-reader-text\">Haz clic para compartir en Twitter (Se abre en una ventana nueva)<\/span><\/a><\/li><li class=\"share-facebook\"><a rel=\"nofollow noopener noreferrer\" data-shared=\"sharing-facebook-36322\" class=\"share-facebook sd-button share-icon no-text\" href=\"http:\/\/www.rtvnoticias.com.ar\/?p=36322&amp;share=facebook\" target=\"_blank\" title=\"Haz clic para compartir en Facebook\"><span><\/span><span class=\"sharing-screen-reader-text\">Haz clic para compartir en Facebook (Se abre en una ventana nueva)<\/span><\/a><\/li><li class=\"share-jetpack-whatsapp\"><a rel=\"nofollow noopener noreferrer\" data-shared=\"\" class=\"share-jetpack-whatsapp sd-button share-icon no-text\" href=\"http:\/\/www.rtvnoticias.com.ar\/?p=36322&amp;share=jetpack-whatsapp\" target=\"_blank\" title=\"Haz clic para compartir en WhatsApp\"><span><\/span><span class=\"sharing-screen-reader-text\">Haz clic para compartir en WhatsApp (Se abre en una ventana nueva)<\/span><\/a><\/li><li class=\"share-telegram\"><a rel=\"nofollow noopener noreferrer\" data-shared=\"\" class=\"share-telegram sd-button share-icon no-text\" href=\"http:\/\/www.rtvnoticias.com.ar\/?p=36322&amp;share=telegram\" target=\"_blank\" title=\"Haz clic para compartir en Telegram\"><span><\/span><span class=\"sharing-screen-reader-text\">Haz clic para compartir en Telegram (Se abre en una ventana nueva)<\/span><\/a><\/li><li class=\"share-end\"><\/li><\/ul><\/div><\/div><\/div>","protected":false},"author":7,"featured_media":36323,"comment_status":"closed","ping_status":"closed","sticky":false,"template":"","format":"standard","meta":{"spay_email":"","jetpack_publicize_message":"","jetpack_is_tweetstorm":false,"jetpack_publicize_feature_enabled":true},"categories":[4],"tags":[],"jetpack_featured_media_url":"http:\/\/www.rtvnoticias.com.ar\/wp-content\/uploads\/2023\/04\/ambulancias4x4.jpg","jetpack_publicize_connections":[],"jetpack_sharing_enabled":true,"_links":{"self":[{"href":"http:\/\/www.rtvnoticias.com.ar\/index.php?rest_route=\/wp\/v2\/posts\/36322"}],"collection":[{"href":"http:\/\/www.rtvnoticias.com.ar\/index.php?rest_route=\/wp\/v2\/posts"}],"about":[{"href":"http:\/\/www.rtvnoticias.com.ar\/index.php?rest_route=\/wp\/v2\/types\/post"}],"author":[{"embeddable":true,"href":"http:\/\/www.rtvnoticias.com.ar\/index.php?rest_route=\/wp\/v2\/users\/7"}],"replies":[{"embeddable":true,"href":"http:\/\/www.rtvnoticias.com.ar\/index.php?rest_route=%2Fwp%2Fv2%2Fcomments&post=36322"}],"version-history":[{"count":1,"href":"http:\/\/www.rtvnoticias.com.ar\/index.php?rest_route=\/wp\/v2\/posts\/36322\/revisions"}],"predecessor-version":[{"id":36324,"href":"http:\/\/www.rtvnoticias.com.ar\/index.php?rest_route=\/wp\/v2\/posts\/36322\/revisions\/36324"}],"wp:featuredmedia":[{"embeddable":true,"href":"http:\/\/www.rtvnoticias.com.ar\/index.php?rest_route=\/wp\/v2\/media\/36323"}],"wp:attachment":[{"href":"http:\/\/www.rtvnoticias.com.ar\/index.php?rest_route=%2Fwp%2Fv2%2Fmedia&parent=36322"}],"wp:term":[{"taxonomy":"category","embeddable":true,"href":"http:\/\/www.rtvnoticias.com.ar\/index.php?rest_route=%2Fwp%2Fv2%2Fcategories&post=36322"},{"taxonomy":"post_tag","embeddable":true,"href":"http:\/\/www.rtvnoticias.com.ar\/index.php?rest_route=%2Fwp%2Fv2%2Ftags&post=36322"}],"curies":[{"name":"wp","href":"https:\/\/api.w.org\/{rel}","templated":true}]}}