{"id":36325,"date":"2023-04-19T17:57:48","date_gmt":"2023-04-19T20:57:48","guid":{"rendered":"http:\/\/www.rtvnoticias.com.ar\/?p=36325"},"modified":"2023-04-19T17:57:51","modified_gmt":"2023-04-19T20:57:51","slug":"licitaron-la-construccion-de-una-estacion-transformadora-en-pico","status":"publish","type":"post","link":"http:\/\/www.rtvnoticias.com.ar\/?p=36325","title":{"rendered":"Licitaron la construcci\u00f3n de una Estaci\u00f3n Transformadora en Pico"},"content":{"rendered":"\n<p>La obra, a construirse en el Nuevo Parque Industrial de la ciudad, beneficia a gran parte del subsistema norte de la provincia de La Pampa. \u00a0Participaron del acto el secretario de Energ\u00eda y Miner\u00eda, Mat\u00edas Toso, la intendenta de General Pico, Fernanda Alonso, el administrador de APE, Cristian Javier Andr\u00e9s, dem\u00e1s funcionarios provinciales y municipales, autoridades de CORPICO y representantes de las tres firmas oferentes.<\/p>\n\n\n\n<p>Con esta obra se mejora la subtransmisi\u00f3n de energ\u00eda el\u00e9ctrica que abastece a las \u00e1reas de concesi\u00f3n de las cooperativas de Trenel, Arata, Caleuf\u00fa, General Pico e Ingeniero Luiggi, permitiendo adem\u00e1s la futura incorporaci\u00f3n de L\u00edneas de Alta Tensi\u00f3n en 132 kV, lo cual traer\u00e1 aparejado el mejoramiento de los perfiles de tensi\u00f3n de dicho subsistema.<\/p>\n\n\n\n<p>En nombre del Gobierno provincial, Mat\u00edas Toso destac\u00f3 el nivel de inversi\u00f3n en esta obra, dise\u00f1ada desde hace mucho tiempo para resolver el problema de abastecimiento de energ\u00eda y adaptada tambi\u00e9n para pensar en un desarrollo productivo. \u00abEst\u00e1 asociada a un parque industrial, donde se busca un nuevo desarrollo no solamente de General Pico sino de todo el norte de la Provincia y el objetivo de esta obra es dar todo el abastecimiento energ\u00e9tico necesario para ese crecimiento. Independientemente de mejorar la calidad del servicio en Pico y en el norte, y de resolver problemas, minimizar la cantidad de fallas, modernizar el equipamiento con el que se est\u00e1 trabajando, lo que nos brinda es la posibilidad de desarrollarnos, de crecer y de poder producir m\u00e1s, que es lo que todos buscamos\u201d.<br>Abarcando el subsistema norte del Sistema Integrado Provincial, la obra llega para mejorar el servicio, \u201cbrinda la posibilidad de ampliar, no es solamente abastecer una demanda que hoy est\u00e1 o acompa\u00f1ar un crecimiento vegetativo, queremos prepararnos para un impacto productivo futuro importante\u201d, concluy\u00f3.<\/p>\n\n\n\n<p><strong>Detalles t\u00e9cnicos<\/strong><br>La obra tiene por objeto la construcci\u00f3n, provisi\u00f3n y montaje de la Estaci\u00f3n Transformadora 132\/33\/13,2 kV General Pico \u2013 Parque Industrial II y las interconexiones de vinculaci\u00f3n el\u00e9ctrica en 132 KV, 33 kV y 13,2 kV.<\/p>\n\n\n\n<p>En 132 kV se prev\u00e9 la construcci\u00f3n de cinco campos, dos de entradas de l\u00ednea, dos de transformaci\u00f3n y una de transferencia, previendo espacio para la instalaci\u00f3n de cuatro nuevos campos de entrada de l\u00ednea (futura LAT DT 132 kV Macach\u00edn \u2013 General Pico, Nueva LAT Realic\u00f3 y Futura LAT a Intendente Alvear).<br><br><strong>Las ofertas<\/strong><br>En esta oportunidad, se presentaron tres ofertas que ser\u00e1n evaluadas por la Comisi\u00f3n de Preadjudicaci\u00f3n pertenecientes a las empresas EI\u00a0 ICS S.A. \u2013 VIAL A S.A. (UT);\u00a0 MARTINEZ Y DE LA FUENTE S.A.; y PROOBRA S.A. \u2013 EcoP CONSTRUCCIONES S.R.L (UT). En el acto de apertura y conforme al procedimiento indicado en el pliego de la licitaci\u00f3n, se realiz\u00f3 la apertura del sobre A que contiene la documentaci\u00f3n legal y t\u00e9cnica correspondiente a cada oferta. Una vez evaluada la documentaci\u00f3n por la Comisi\u00f3n de Preadjudicaci\u00f3n se convocar\u00e1 a un nuevo acto p\u00fablico para realizar la apertura de los sobres B con que contienen las ofertas econ\u00f3micas.<\/p>\n<div class=\"sharedaddy sd-sharing-enabled\"><div class=\"robots-nocontent sd-block sd-social sd-social-icon sd-sharing\"><h3 class=\"sd-title\">Comparte esto:<\/h3><div class=\"sd-content\"><ul><li class=\"share-twitter\"><a rel=\"nofollow noopener noreferrer\" data-shared=\"sharing-twitter-36325\" class=\"share-twitter sd-button share-icon no-text\" href=\"http:\/\/www.rtvnoticias.com.ar\/?p=36325&amp;share=twitter\" target=\"_blank\" title=\"Haz clic para compartir en Twitter\"><span><\/span><span class=\"sharing-screen-reader-text\">Haz clic para compartir en Twitter (Se abre en una ventana nueva)<\/span><\/a><\/li><li class=\"share-facebook\"><a rel=\"nofollow noopener noreferrer\" data-shared=\"sharing-facebook-36325\" class=\"share-facebook sd-button share-icon no-text\" href=\"http:\/\/www.rtvnoticias.com.ar\/?p=36325&amp;share=facebook\" target=\"_blank\" title=\"Haz clic para compartir en Facebook\"><span><\/span><span class=\"sharing-screen-reader-text\">Haz clic para compartir en Facebook (Se abre en una ventana nueva)<\/span><\/a><\/li><li class=\"share-jetpack-whatsapp\"><a rel=\"nofollow noopener noreferrer\" data-shared=\"\" class=\"share-jetpack-whatsapp sd-button share-icon no-text\" href=\"http:\/\/www.rtvnoticias.com.ar\/?p=36325&amp;share=jetpack-whatsapp\" target=\"_blank\" title=\"Haz clic para compartir en WhatsApp\"><span><\/span><span class=\"sharing-screen-reader-text\">Haz clic para compartir en WhatsApp (Se abre en una ventana nueva)<\/span><\/a><\/li><li class=\"share-telegram\"><a rel=\"nofollow noopener noreferrer\" data-shared=\"\" class=\"share-telegram sd-button share-icon no-text\" href=\"http:\/\/www.rtvnoticias.com.ar\/?p=36325&amp;share=telegram\" target=\"_blank\" title=\"Haz clic para compartir en Telegram\"><span><\/span><span class=\"sharing-screen-reader-text\">Haz clic para compartir en Telegram (Se abre en una ventana nueva)<\/span><\/a><\/li><li class=\"share-end\"><\/li><\/ul><\/div><\/div><\/div>","protected":false},"excerpt":{"rendered":"<p>La obra, a construirse en el Nuevo Parque Industrial de la ciudad, beneficia a gran parte del subsistema norte de la provincia de La Pampa.<\/p>\n<div class=\"sharedaddy sd-sharing-enabled\"><div class=\"robots-nocontent sd-block sd-social sd-social-icon sd-sharing\"><h3 class=\"sd-title\">Comparte esto:<\/h3><div class=\"sd-content\"><ul><li class=\"share-twitter\"><a rel=\"nofollow noopener noreferrer\" data-shared=\"sharing-twitter-36325\" class=\"share-twitter sd-button share-icon no-text\" href=\"http:\/\/www.rtvnoticias.com.ar\/?p=36325&amp;share=twitter\" target=\"_blank\" title=\"Haz clic para compartir en Twitter\"><span><\/span><span class=\"sharing-screen-reader-text\">Haz clic para compartir en Twitter (Se abre en una ventana nueva)<\/span><\/a><\/li><li class=\"share-facebook\"><a rel=\"nofollow noopener noreferrer\" data-shared=\"sharing-facebook-36325\" class=\"share-facebook sd-button share-icon no-text\" href=\"http:\/\/www.rtvnoticias.com.ar\/?p=36325&amp;share=facebook\" target=\"_blank\" title=\"Haz clic para compartir en Facebook\"><span><\/span><span class=\"sharing-screen-reader-text\">Haz clic para compartir en Facebook (Se abre en una ventana nueva)<\/span><\/a><\/li><li class=\"share-jetpack-whatsapp\"><a rel=\"nofollow noopener noreferrer\" data-shared=\"\" class=\"share-jetpack-whatsapp sd-button share-icon no-text\" href=\"http:\/\/www.rtvnoticias.com.ar\/?p=36325&amp;share=jetpack-whatsapp\" target=\"_blank\" title=\"Haz clic para compartir en WhatsApp\"><span><\/span><span class=\"sharing-screen-reader-text\">Haz clic para compartir en WhatsApp (Se abre en una ventana nueva)<\/span><\/a><\/li><li class=\"share-telegram\"><a rel=\"nofollow noopener noreferrer\" data-shared=\"\" class=\"share-telegram sd-button share-icon no-text\" href=\"http:\/\/www.rtvnoticias.com.ar\/?p=36325&amp;share=telegram\" target=\"_blank\" title=\"Haz clic para compartir en Telegram\"><span><\/span><span class=\"sharing-screen-reader-text\">Haz clic para compartir en Telegram (Se abre en una ventana nueva)<\/span><\/a><\/li><li class=\"share-end\"><\/li><\/ul><\/div><\/div><\/div>","protected":false},"author":7,"featured_media":36326,"comment_status":"closed","ping_status":"closed","sticky":false,"template":"","format":"standard","meta":{"spay_email":"","jetpack_publicize_message":"","jetpack_is_tweetstorm":false,"jetpack_publicize_feature_enabled":true},"categories":[4],"tags":[],"jetpack_featured_media_url":"http:\/\/www.rtvnoticias.com.ar\/wp-content\/uploads\/2023\/04\/licitacion.jpeg","jetpack_publicize_connections":[],"jetpack_sharing_enabled":true,"_links":{"self":[{"href":"http:\/\/www.rtvnoticias.com.ar\/index.php?rest_route=\/wp\/v2\/posts\/36325"}],"collection":[{"href":"http:\/\/www.rtvnoticias.com.ar\/index.php?rest_route=\/wp\/v2\/posts"}],"about":[{"href":"http:\/\/www.rtvnoticias.com.ar\/index.php?rest_route=\/wp\/v2\/types\/post"}],"author":[{"embeddable":true,"href":"http:\/\/www.rtvnoticias.com.ar\/index.php?rest_route=\/wp\/v2\/users\/7"}],"replies":[{"embeddable":true,"href":"http:\/\/www.rtvnoticias.com.ar\/index.php?rest_route=%2Fwp%2Fv2%2Fcomments&post=36325"}],"version-history":[{"count":1,"href":"http:\/\/www.rtvnoticias.com.ar\/index.php?rest_route=\/wp\/v2\/posts\/36325\/revisions"}],"predecessor-version":[{"id":36327,"href":"http:\/\/www.rtvnoticias.com.ar\/index.php?rest_route=\/wp\/v2\/posts\/36325\/revisions\/36327"}],"wp:featuredmedia":[{"embeddable":true,"href":"http:\/\/www.rtvnoticias.com.ar\/index.php?rest_route=\/wp\/v2\/media\/36326"}],"wp:attachment":[{"href":"http:\/\/www.rtvnoticias.com.ar\/index.php?rest_route=%2Fwp%2Fv2%2Fmedia&parent=36325"}],"wp:term":[{"taxonomy":"category","embeddable":true,"href":"http:\/\/www.rtvnoticias.com.ar\/index.php?rest_route=%2Fwp%2Fv2%2Fcategories&post=36325"},{"taxonomy":"post_tag","embeddable":true,"href":"http:\/\/www.rtvnoticias.com.ar\/index.php?rest_route=%2Fwp%2Fv2%2Ftags&post=36325"}],"curies":[{"name":"wp","href":"https:\/\/api.w.org\/{rel}","templated":true}]}}