{"id":36330,"date":"2023-04-20T08:38:02","date_gmt":"2023-04-20T11:38:02","guid":{"rendered":"http:\/\/www.rtvnoticias.com.ar\/?p=36330"},"modified":"2023-04-20T08:38:06","modified_gmt":"2023-04-20T11:38:06","slug":"este-sabado-se-presentara-en-medano-la-obra-los-santos","status":"publish","type":"post","link":"http:\/\/www.rtvnoticias.com.ar\/?p=36330","title":{"rendered":"Este s\u00e1bado se presentar\u00e1 en Medano la obra \u00abLos Santos\u00bb"},"content":{"rendered":"\n<p>La Municipalidad de General Pico, a trav\u00e9s de la Direcci\u00f3n de Cultura, presentar\u00e1 la obra de teatro \u201cLos Santos\u201d en el auditorio de MEDANO, el pr\u00f3ximo s\u00e1bado 22 a las 21:30 horas. La propuesta gratuita, apta para mayores de 13 a\u00f1os, es una producci\u00f3n de Circo Minimal y Teatro de objetos sin objeto hablado.<\/p>\n\n\n\n<p>\u201cLos Santos\u201d sucede en una ciudad donde abundan viviendas vac\u00edas. Dos hombres habitan una casa, que sol\u00eda pertenecer a una vieja dama, rodeados del lujo de anta\u00f1o y olor a humedad. El espect\u00e1culo es un constante espiritismo de objetos, vinculado con los fantasmas que habitan en las cosas.<\/p>\n\n\n\n<p>Se trata de una producci\u00f3n circense y teatral en la que, a partir de vasos y botellas, las caracter\u00edsticas y las diferentes relaciones de ambos personajes desarrollan un lenguaje totalmente gestual, c\u00f3mico, particular y propio.<\/p>\n\n\n\n<p>La puesta se construye a partir de un constante cambio de status entre los personajes. \u00c9stos transitan los roles tanto de sumisi\u00f3n como de dominaci\u00f3n. Se refleja de esta manera un particular v\u00ednculo de convivencia que hace referencia a relaciones entre personas aisladas o privadas de su libertad.<\/p>\n\n\n\n<p>Los int\u00e9rpretes y autores, Claudio Inferno y Eleazar Fanjul, la crean a partir de la investigaci\u00f3n en el espacio con objetos de vidrio llegando a una t\u00e9cnica \u00fanica de manipulaci\u00f3n, equilibrio sobre botellas, malabares horizontales con vasos y botellas.<br><br>Ambos estrenan el proyecto en Barcelona en 2009 bajo la direcci\u00f3n del dan\u00e9s Karl Stets. En 2022 la obra fue seleccionada para participar de la Programaci\u00f3n Anual del CC Haroldo Conti, siendo distinguida entre las diez mejores obras de teatro de Argentina por el diario La Naci\u00f3n.\u00a0<\/p>\n\n\n\n<p>Adem\u00e1s, result\u00f3 ganadora de la 36\u00ba Fiesta del Teatro de Neuqu\u00e9n INT y fue seleccionada para participar del Cat\u00e1logo de Espect\u00e1culos del INT.<\/p>\n\n\n\n<p>Las entradas pueden retirarse el d\u00eda de la obra, en horas previas a su inicio en Medano.<\/p>\n<div class=\"sharedaddy sd-sharing-enabled\"><div class=\"robots-nocontent sd-block sd-social sd-social-icon sd-sharing\"><h3 class=\"sd-title\">Comparte esto:<\/h3><div class=\"sd-content\"><ul><li class=\"share-twitter\"><a rel=\"nofollow noopener noreferrer\" data-shared=\"sharing-twitter-36330\" class=\"share-twitter sd-button share-icon no-text\" href=\"http:\/\/www.rtvnoticias.com.ar\/?p=36330&amp;share=twitter\" target=\"_blank\" title=\"Haz clic para compartir en Twitter\"><span><\/span><span class=\"sharing-screen-reader-text\">Haz clic para compartir en Twitter (Se abre en una ventana nueva)<\/span><\/a><\/li><li class=\"share-facebook\"><a rel=\"nofollow noopener noreferrer\" data-shared=\"sharing-facebook-36330\" class=\"share-facebook sd-button share-icon no-text\" href=\"http:\/\/www.rtvnoticias.com.ar\/?p=36330&amp;share=facebook\" target=\"_blank\" title=\"Haz clic para compartir en Facebook\"><span><\/span><span class=\"sharing-screen-reader-text\">Haz clic para compartir en Facebook (Se abre en una ventana nueva)<\/span><\/a><\/li><li class=\"share-jetpack-whatsapp\"><a rel=\"nofollow noopener noreferrer\" data-shared=\"\" class=\"share-jetpack-whatsapp sd-button share-icon no-text\" href=\"http:\/\/www.rtvnoticias.com.ar\/?p=36330&amp;share=jetpack-whatsapp\" target=\"_blank\" title=\"Haz clic para compartir en WhatsApp\"><span><\/span><span class=\"sharing-screen-reader-text\">Haz clic para compartir en WhatsApp (Se abre en una ventana nueva)<\/span><\/a><\/li><li class=\"share-telegram\"><a rel=\"nofollow noopener noreferrer\" data-shared=\"\" class=\"share-telegram sd-button share-icon no-text\" href=\"http:\/\/www.rtvnoticias.com.ar\/?p=36330&amp;share=telegram\" target=\"_blank\" title=\"Haz clic para compartir en Telegram\"><span><\/span><span class=\"sharing-screen-reader-text\">Haz clic para compartir en Telegram (Se abre en una ventana nueva)<\/span><\/a><\/li><li class=\"share-end\"><\/li><\/ul><\/div><\/div><\/div>","protected":false},"excerpt":{"rendered":"<p>La Municipalidad de General Pico, a trav\u00e9s de la Direcci\u00f3n de Cultura, presentar\u00e1 la obra de teatro \u201cLos Santos\u201d en el auditorio de MEDANO, el<\/p>\n<div class=\"sharedaddy sd-sharing-enabled\"><div class=\"robots-nocontent sd-block sd-social sd-social-icon sd-sharing\"><h3 class=\"sd-title\">Comparte esto:<\/h3><div class=\"sd-content\"><ul><li class=\"share-twitter\"><a rel=\"nofollow noopener noreferrer\" data-shared=\"sharing-twitter-36330\" class=\"share-twitter sd-button share-icon no-text\" href=\"http:\/\/www.rtvnoticias.com.ar\/?p=36330&amp;share=twitter\" target=\"_blank\" title=\"Haz clic para compartir en Twitter\"><span><\/span><span class=\"sharing-screen-reader-text\">Haz clic para compartir en Twitter (Se abre en una ventana nueva)<\/span><\/a><\/li><li class=\"share-facebook\"><a rel=\"nofollow noopener noreferrer\" data-shared=\"sharing-facebook-36330\" class=\"share-facebook sd-button share-icon no-text\" href=\"http:\/\/www.rtvnoticias.com.ar\/?p=36330&amp;share=facebook\" target=\"_blank\" title=\"Haz clic para compartir en Facebook\"><span><\/span><span class=\"sharing-screen-reader-text\">Haz clic para compartir en Facebook (Se abre en una ventana nueva)<\/span><\/a><\/li><li class=\"share-jetpack-whatsapp\"><a rel=\"nofollow noopener noreferrer\" data-shared=\"\" class=\"share-jetpack-whatsapp sd-button share-icon no-text\" href=\"http:\/\/www.rtvnoticias.com.ar\/?p=36330&amp;share=jetpack-whatsapp\" target=\"_blank\" title=\"Haz clic para compartir en WhatsApp\"><span><\/span><span class=\"sharing-screen-reader-text\">Haz clic para compartir en WhatsApp (Se abre en una ventana nueva)<\/span><\/a><\/li><li class=\"share-telegram\"><a rel=\"nofollow noopener noreferrer\" data-shared=\"\" class=\"share-telegram sd-button share-icon no-text\" href=\"http:\/\/www.rtvnoticias.com.ar\/?p=36330&amp;share=telegram\" target=\"_blank\" title=\"Haz clic para compartir en Telegram\"><span><\/span><span class=\"sharing-screen-reader-text\">Haz clic para compartir en Telegram (Se abre en una ventana nueva)<\/span><\/a><\/li><li class=\"share-end\"><\/li><\/ul><\/div><\/div><\/div>","protected":false},"author":7,"featured_media":15106,"comment_status":"closed","ping_status":"closed","sticky":false,"template":"","format":"standard","meta":{"spay_email":"","jetpack_publicize_message":"","jetpack_is_tweetstorm":false,"jetpack_publicize_feature_enabled":true},"categories":[3],"tags":[],"jetpack_featured_media_url":"http:\/\/www.rtvnoticias.com.ar\/wp-content\/uploads\/2019\/09\/medano.jpg","jetpack_publicize_connections":[],"jetpack_sharing_enabled":true,"_links":{"self":[{"href":"http:\/\/www.rtvnoticias.com.ar\/index.php?rest_route=\/wp\/v2\/posts\/36330"}],"collection":[{"href":"http:\/\/www.rtvnoticias.com.ar\/index.php?rest_route=\/wp\/v2\/posts"}],"about":[{"href":"http:\/\/www.rtvnoticias.com.ar\/index.php?rest_route=\/wp\/v2\/types\/post"}],"author":[{"embeddable":true,"href":"http:\/\/www.rtvnoticias.com.ar\/index.php?rest_route=\/wp\/v2\/users\/7"}],"replies":[{"embeddable":true,"href":"http:\/\/www.rtvnoticias.com.ar\/index.php?rest_route=%2Fwp%2Fv2%2Fcomments&post=36330"}],"version-history":[{"count":1,"href":"http:\/\/www.rtvnoticias.com.ar\/index.php?rest_route=\/wp\/v2\/posts\/36330\/revisions"}],"predecessor-version":[{"id":36331,"href":"http:\/\/www.rtvnoticias.com.ar\/index.php?rest_route=\/wp\/v2\/posts\/36330\/revisions\/36331"}],"wp:featuredmedia":[{"embeddable":true,"href":"http:\/\/www.rtvnoticias.com.ar\/index.php?rest_route=\/wp\/v2\/media\/15106"}],"wp:attachment":[{"href":"http:\/\/www.rtvnoticias.com.ar\/index.php?rest_route=%2Fwp%2Fv2%2Fmedia&parent=36330"}],"wp:term":[{"taxonomy":"category","embeddable":true,"href":"http:\/\/www.rtvnoticias.com.ar\/index.php?rest_route=%2Fwp%2Fv2%2Fcategories&post=36330"},{"taxonomy":"post_tag","embeddable":true,"href":"http:\/\/www.rtvnoticias.com.ar\/index.php?rest_route=%2Fwp%2Fv2%2Ftags&post=36330"}],"curies":[{"name":"wp","href":"https:\/\/api.w.org\/{rel}","templated":true}]}}