{"id":36332,"date":"2023-04-20T08:43:26","date_gmt":"2023-04-20T11:43:26","guid":{"rendered":"http:\/\/www.rtvnoticias.com.ar\/?p=36332"},"modified":"2023-04-20T08:43:29","modified_gmt":"2023-04-20T11:43:29","slug":"homenaje-y-reconocimiento-al-personal-en-el-dia-nacional-de-la-policia","status":"publish","type":"post","link":"http:\/\/www.rtvnoticias.com.ar\/?p=36332","title":{"rendered":"Homenaje y reconocimiento al personal en el D\u00eda Nacional de la Polic\u00eda"},"content":{"rendered":"\n<p>En el marco del D\u00eda Nacional de la Polic\u00eda, la Polic\u00eda de La Pampa realiz\u00f3 un emotivo acto en la Plaza de Armas del Instituto Superior Policial.<\/p>\n\n\n\n<p>La elecci\u00f3n de la fecha se debe a que el 19 de abril de 1947, se sentaron las bases del actual Convenio Policial Argentino y el mismo d\u00eda, pero del a\u00f1o 1983, se aprob\u00f3 el Reglamento de esta Organizaci\u00f3n.<\/p>\n\n\n\n<p>En este sentido, la ceremonia incluy\u00f3 un reconocimiento y homenaje a los polic\u00edas provinciales Ca\u00eddos en el Cumplimiento del Deber y se entregaron distinciones para el personal policial herido en cumplimiento del deber, durante el transcurso del \u00faltimo a\u00f1o. Esta acci\u00f3n implica el reconocimiento como ejemplos de entrega y solidaridad.<\/p>\n\n\n\n<p>La funci\u00f3n policial es fundamental para garantizar la seguridad p\u00fablica y ciudadana en la sociedad, y es por eso que la Polic\u00eda de La Pampa trabaja constantemente para mejorar sus capacidades y brindar un mejor servicio a la comunidad. La capacitaci\u00f3n continua es una herramienta esencial para estar al d\u00eda en las nuevas t\u00e9cnicas y tecnolog\u00edas aplicables a la labor policial.<\/p>\n\n\n\n<p>En el acto, se hizo especial hincapi\u00e9 en el profesionalismo y la capacitaci\u00f3n constante del personal policial. En un mundo cada vez m\u00e1s complejo y cambiante, la formaci\u00f3n y actualizaci\u00f3n de los agentes es esencial para poder brindar un servicio de calidad y estar a la altura de las necesidades de la sociedad.<\/p>\n\n\n\n<p>El compromiso que asume la Polic\u00eda de La Pampa requiere de una gran responsabilidad y dedicaci\u00f3n.<br>Los y las polic\u00edas son servidores de la ley, son agentes de intervenci\u00f3n en situaciones de violencia, que ponen en riesgo sus vidas para entrar en lugares peligrosos.<\/p>\n\n\n\n<p>Por ello, honrar a los hombres y mujeres polic\u00edas heridos en cumplimiento del deber es tambi\u00e9n una forma de demostrar que la sociedad valora y reconoce la labor que realizan.<\/p>\n\n\n\n<p>As\u00ed, a trav\u00e9s del sencillo acto la Polic\u00eda de La Pampa reafirm\u00f3 su compromiso de servicio a la comunidad reconociendo la importancia de su funci\u00f3n y su dedicaci\u00f3n en pos de la seguridad ciudadana.<\/p>\n<div class=\"sharedaddy sd-sharing-enabled\"><div class=\"robots-nocontent sd-block sd-social sd-social-icon sd-sharing\"><h3 class=\"sd-title\">Comparte esto:<\/h3><div class=\"sd-content\"><ul><li class=\"share-twitter\"><a rel=\"nofollow noopener noreferrer\" data-shared=\"sharing-twitter-36332\" class=\"share-twitter sd-button share-icon no-text\" href=\"http:\/\/www.rtvnoticias.com.ar\/?p=36332&amp;share=twitter\" target=\"_blank\" title=\"Haz clic para compartir en Twitter\"><span><\/span><span class=\"sharing-screen-reader-text\">Haz clic para compartir en Twitter (Se abre en una ventana nueva)<\/span><\/a><\/li><li class=\"share-facebook\"><a rel=\"nofollow noopener noreferrer\" data-shared=\"sharing-facebook-36332\" class=\"share-facebook sd-button share-icon no-text\" href=\"http:\/\/www.rtvnoticias.com.ar\/?p=36332&amp;share=facebook\" target=\"_blank\" title=\"Haz clic para compartir en Facebook\"><span><\/span><span class=\"sharing-screen-reader-text\">Haz clic para compartir en Facebook (Se abre en una ventana nueva)<\/span><\/a><\/li><li class=\"share-jetpack-whatsapp\"><a rel=\"nofollow noopener noreferrer\" data-shared=\"\" class=\"share-jetpack-whatsapp sd-button share-icon no-text\" href=\"http:\/\/www.rtvnoticias.com.ar\/?p=36332&amp;share=jetpack-whatsapp\" target=\"_blank\" title=\"Haz clic para compartir en WhatsApp\"><span><\/span><span class=\"sharing-screen-reader-text\">Haz clic para compartir en WhatsApp (Se abre en una ventana nueva)<\/span><\/a><\/li><li class=\"share-telegram\"><a rel=\"nofollow noopener noreferrer\" data-shared=\"\" class=\"share-telegram sd-button share-icon no-text\" href=\"http:\/\/www.rtvnoticias.com.ar\/?p=36332&amp;share=telegram\" target=\"_blank\" title=\"Haz clic para compartir en Telegram\"><span><\/span><span class=\"sharing-screen-reader-text\">Haz clic para compartir en Telegram (Se abre en una ventana nueva)<\/span><\/a><\/li><li class=\"share-end\"><\/li><\/ul><\/div><\/div><\/div>","protected":false},"excerpt":{"rendered":"<p>En el marco del D\u00eda Nacional de la Polic\u00eda, la Polic\u00eda de La Pampa realiz\u00f3 un emotivo acto en la Plaza de Armas del Instituto<\/p>\n<div class=\"sharedaddy sd-sharing-enabled\"><div class=\"robots-nocontent sd-block sd-social sd-social-icon sd-sharing\"><h3 class=\"sd-title\">Comparte esto:<\/h3><div class=\"sd-content\"><ul><li class=\"share-twitter\"><a rel=\"nofollow noopener noreferrer\" data-shared=\"sharing-twitter-36332\" class=\"share-twitter sd-button share-icon no-text\" href=\"http:\/\/www.rtvnoticias.com.ar\/?p=36332&amp;share=twitter\" target=\"_blank\" title=\"Haz clic para compartir en Twitter\"><span><\/span><span class=\"sharing-screen-reader-text\">Haz clic para compartir en Twitter (Se abre en una ventana nueva)<\/span><\/a><\/li><li class=\"share-facebook\"><a rel=\"nofollow noopener noreferrer\" data-shared=\"sharing-facebook-36332\" class=\"share-facebook sd-button share-icon no-text\" href=\"http:\/\/www.rtvnoticias.com.ar\/?p=36332&amp;share=facebook\" target=\"_blank\" title=\"Haz clic para compartir en Facebook\"><span><\/span><span class=\"sharing-screen-reader-text\">Haz clic para compartir en Facebook (Se abre en una ventana nueva)<\/span><\/a><\/li><li class=\"share-jetpack-whatsapp\"><a rel=\"nofollow noopener noreferrer\" data-shared=\"\" class=\"share-jetpack-whatsapp sd-button share-icon no-text\" href=\"http:\/\/www.rtvnoticias.com.ar\/?p=36332&amp;share=jetpack-whatsapp\" target=\"_blank\" title=\"Haz clic para compartir en WhatsApp\"><span><\/span><span class=\"sharing-screen-reader-text\">Haz clic para compartir en WhatsApp (Se abre en una ventana nueva)<\/span><\/a><\/li><li class=\"share-telegram\"><a rel=\"nofollow noopener noreferrer\" data-shared=\"\" class=\"share-telegram sd-button share-icon no-text\" href=\"http:\/\/www.rtvnoticias.com.ar\/?p=36332&amp;share=telegram\" target=\"_blank\" title=\"Haz clic para compartir en Telegram\"><span><\/span><span class=\"sharing-screen-reader-text\">Haz clic para compartir en Telegram (Se abre en una ventana nueva)<\/span><\/a><\/li><li class=\"share-end\"><\/li><\/ul><\/div><\/div><\/div>","protected":false},"author":7,"featured_media":36333,"comment_status":"closed","ping_status":"closed","sticky":false,"template":"","format":"standard","meta":{"spay_email":"","jetpack_publicize_message":"","jetpack_is_tweetstorm":false,"jetpack_publicize_feature_enabled":true},"categories":[4],"tags":[],"jetpack_featured_media_url":"http:\/\/www.rtvnoticias.com.ar\/wp-content\/uploads\/2023\/04\/policia-e1717599627983.jpeg","jetpack_publicize_connections":[],"jetpack_sharing_enabled":true,"_links":{"self":[{"href":"http:\/\/www.rtvnoticias.com.ar\/index.php?rest_route=\/wp\/v2\/posts\/36332"}],"collection":[{"href":"http:\/\/www.rtvnoticias.com.ar\/index.php?rest_route=\/wp\/v2\/posts"}],"about":[{"href":"http:\/\/www.rtvnoticias.com.ar\/index.php?rest_route=\/wp\/v2\/types\/post"}],"author":[{"embeddable":true,"href":"http:\/\/www.rtvnoticias.com.ar\/index.php?rest_route=\/wp\/v2\/users\/7"}],"replies":[{"embeddable":true,"href":"http:\/\/www.rtvnoticias.com.ar\/index.php?rest_route=%2Fwp%2Fv2%2Fcomments&post=36332"}],"version-history":[{"count":1,"href":"http:\/\/www.rtvnoticias.com.ar\/index.php?rest_route=\/wp\/v2\/posts\/36332\/revisions"}],"predecessor-version":[{"id":36334,"href":"http:\/\/www.rtvnoticias.com.ar\/index.php?rest_route=\/wp\/v2\/posts\/36332\/revisions\/36334"}],"wp:featuredmedia":[{"embeddable":true,"href":"http:\/\/www.rtvnoticias.com.ar\/index.php?rest_route=\/wp\/v2\/media\/36333"}],"wp:attachment":[{"href":"http:\/\/www.rtvnoticias.com.ar\/index.php?rest_route=%2Fwp%2Fv2%2Fmedia&parent=36332"}],"wp:term":[{"taxonomy":"category","embeddable":true,"href":"http:\/\/www.rtvnoticias.com.ar\/index.php?rest_route=%2Fwp%2Fv2%2Fcategories&post=36332"},{"taxonomy":"post_tag","embeddable":true,"href":"http:\/\/www.rtvnoticias.com.ar\/index.php?rest_route=%2Fwp%2Fv2%2Ftags&post=36332"}],"curies":[{"name":"wp","href":"https:\/\/api.w.org\/{rel}","templated":true}]}}