{"id":36335,"date":"2023-04-20T08:46:49","date_gmt":"2023-04-20T11:46:49","guid":{"rendered":"http:\/\/www.rtvnoticias.com.ar\/?p=36335"},"modified":"2023-04-20T08:46:52","modified_gmt":"2023-04-20T11:46:52","slug":"la-cgt-advirtio-por-el-deterioro-economico-y-la-descomposicion-social","status":"publish","type":"post","link":"http:\/\/www.rtvnoticias.com.ar\/?p=36335","title":{"rendered":"La CGT advirti\u00f3 por el \u00abdeterioro econ\u00f3mico\u00bb y \u00abla descomposici\u00f3n social\u00bb"},"content":{"rendered":"\n<p>La Confederaci\u00f3n General del Trabajo (CGT) advirti\u00f3 por el \u00abdeterioro econ\u00f3mico y social\u00bb acelerado por la crisis, en la previa a la reuni\u00f3n de su consejo directivo del pr\u00f3ximo viernes.<\/p>\n\n\n\n<p>\u00abLos \u00edndices de inflaci\u00f3n y pobreza deben encabezar las prioridades para la adopci\u00f3n de medidas y acciones urgentes. Toda la dirigencia en general debe tomar conciencia de que ya no hay m\u00e1s margen de deterioro econ\u00f3mico sin riesgo de descomposici\u00f3n social\u00bb, resalta el borrador del documento que presentar\u00e1 la CGT.<\/p>\n\n\n\n<p>En esa l\u00ednea, la central obrera instar\u00e1 a la convocatoria de un consenso pol\u00edtico, econ\u00f3mico y social con el objetivo de alcanzar acuerdos para un programa de mediano y largo plazo \u00abpromoviendo el desarrollo, la producci\u00f3n y el trabajo como instrumentos necesarios y urgentes para superar la crisis y trazar un horizonte de crecimiento con justicia social\u00bb.<\/p>\n\n\n\n<p><strong>Crisis econ\u00f3mica<\/strong><\/p>\n\n\n\n<p>La CGT se reuni\u00f3 con Wendy Sherman, la subsecretaria de Estado de EE.UU.<br>En lo que ser\u00e1 el primer encuentro del a\u00f1o, la conducci\u00f3n nacional de la Confederaci\u00f3n General del Trabajo CGT (CGT) se reunir\u00e1 para analizar la \u00absituaci\u00f3n econ\u00f3mica y social\u00bb del pa\u00eds y la posibilidad de \u00aborganizaci\u00f3n de un acto en conjunto\u00bb de todas las organizaciones sindicales que componen la central obrera para el pr\u00f3ximo 1 de mayo, D\u00eda Internacional de los Trabajadores.<\/p>\n\n\n\n<p>All\u00ed se prev\u00e9 la difusi\u00f3n de un documento que tendr\u00e1 como eje una \u00abadvertencia a toda la dirigencia pol\u00edtica\u00bb, tanto del oficialismo como la oposici\u00f3n, \u00abpor los riesgos derivados de un eventual empeoramiento de las condiciones econ\u00f3micas, de por s\u00ed tensionadas al m\u00e1ximo por el descontrol inflacionario\u00bb, seg\u00fan indicaron fuentes a T\u00e9lam.<\/p>\n\n\n\n<p>\u00abEn el texto se hablar\u00e1 del riesgo de descomposici\u00f3n social en caso de que el Gobierno no encuentre un rumbo de estabilidad econ\u00f3mico, fruto de un acuerdo entre las fuerzas pol\u00edticas para poner fin a la escalada de los precios. Tambi\u00e9n se mencionar\u00e1 como imprescindible un compromiso de los formadores de precios para hacer frente a la dura situaci\u00f3n de los trabajadores con y sin trabajo\u00bb, remarcaron los voceros informantes.<\/p>\n<div class=\"sharedaddy sd-sharing-enabled\"><div class=\"robots-nocontent sd-block sd-social sd-social-icon sd-sharing\"><h3 class=\"sd-title\">Comparte esto:<\/h3><div class=\"sd-content\"><ul><li class=\"share-twitter\"><a rel=\"nofollow noopener noreferrer\" data-shared=\"sharing-twitter-36335\" class=\"share-twitter sd-button share-icon no-text\" href=\"http:\/\/www.rtvnoticias.com.ar\/?p=36335&amp;share=twitter\" target=\"_blank\" title=\"Haz clic para compartir en Twitter\"><span><\/span><span class=\"sharing-screen-reader-text\">Haz clic para compartir en Twitter (Se abre en una ventana nueva)<\/span><\/a><\/li><li class=\"share-facebook\"><a rel=\"nofollow noopener noreferrer\" data-shared=\"sharing-facebook-36335\" class=\"share-facebook sd-button share-icon no-text\" href=\"http:\/\/www.rtvnoticias.com.ar\/?p=36335&amp;share=facebook\" target=\"_blank\" title=\"Haz clic para compartir en Facebook\"><span><\/span><span class=\"sharing-screen-reader-text\">Haz clic para compartir en Facebook (Se abre en una ventana nueva)<\/span><\/a><\/li><li class=\"share-jetpack-whatsapp\"><a rel=\"nofollow noopener noreferrer\" data-shared=\"\" class=\"share-jetpack-whatsapp sd-button share-icon no-text\" href=\"http:\/\/www.rtvnoticias.com.ar\/?p=36335&amp;share=jetpack-whatsapp\" target=\"_blank\" title=\"Haz clic para compartir en WhatsApp\"><span><\/span><span class=\"sharing-screen-reader-text\">Haz clic para compartir en WhatsApp (Se abre en una ventana nueva)<\/span><\/a><\/li><li class=\"share-telegram\"><a rel=\"nofollow noopener noreferrer\" data-shared=\"\" class=\"share-telegram sd-button share-icon no-text\" href=\"http:\/\/www.rtvnoticias.com.ar\/?p=36335&amp;share=telegram\" target=\"_blank\" title=\"Haz clic para compartir en Telegram\"><span><\/span><span class=\"sharing-screen-reader-text\">Haz clic para compartir en Telegram (Se abre en una ventana nueva)<\/span><\/a><\/li><li class=\"share-end\"><\/li><\/ul><\/div><\/div><\/div>","protected":false},"excerpt":{"rendered":"<p>La Confederaci\u00f3n General del Trabajo (CGT) advirti\u00f3 por el \u00abdeterioro econ\u00f3mico y social\u00bb acelerado por la crisis, en la previa a la reuni\u00f3n de su<\/p>\n<div class=\"sharedaddy sd-sharing-enabled\"><div class=\"robots-nocontent sd-block sd-social sd-social-icon sd-sharing\"><h3 class=\"sd-title\">Comparte esto:<\/h3><div class=\"sd-content\"><ul><li class=\"share-twitter\"><a rel=\"nofollow noopener noreferrer\" data-shared=\"sharing-twitter-36335\" class=\"share-twitter sd-button share-icon no-text\" href=\"http:\/\/www.rtvnoticias.com.ar\/?p=36335&amp;share=twitter\" target=\"_blank\" title=\"Haz clic para compartir en Twitter\"><span><\/span><span class=\"sharing-screen-reader-text\">Haz clic para compartir en Twitter (Se abre en una ventana nueva)<\/span><\/a><\/li><li class=\"share-facebook\"><a rel=\"nofollow noopener noreferrer\" data-shared=\"sharing-facebook-36335\" class=\"share-facebook sd-button share-icon no-text\" href=\"http:\/\/www.rtvnoticias.com.ar\/?p=36335&amp;share=facebook\" target=\"_blank\" title=\"Haz clic para compartir en Facebook\"><span><\/span><span class=\"sharing-screen-reader-text\">Haz clic para compartir en Facebook (Se abre en una ventana nueva)<\/span><\/a><\/li><li class=\"share-jetpack-whatsapp\"><a rel=\"nofollow noopener noreferrer\" data-shared=\"\" class=\"share-jetpack-whatsapp sd-button share-icon no-text\" href=\"http:\/\/www.rtvnoticias.com.ar\/?p=36335&amp;share=jetpack-whatsapp\" target=\"_blank\" title=\"Haz clic para compartir en WhatsApp\"><span><\/span><span class=\"sharing-screen-reader-text\">Haz clic para compartir en WhatsApp (Se abre en una ventana nueva)<\/span><\/a><\/li><li class=\"share-telegram\"><a rel=\"nofollow noopener noreferrer\" data-shared=\"\" class=\"share-telegram sd-button share-icon no-text\" href=\"http:\/\/www.rtvnoticias.com.ar\/?p=36335&amp;share=telegram\" target=\"_blank\" title=\"Haz clic para compartir en Telegram\"><span><\/span><span class=\"sharing-screen-reader-text\">Haz clic para compartir en Telegram (Se abre en una ventana nueva)<\/span><\/a><\/li><li class=\"share-end\"><\/li><\/ul><\/div><\/div><\/div>","protected":false},"author":7,"featured_media":36336,"comment_status":"closed","ping_status":"closed","sticky":false,"template":"","format":"standard","meta":{"spay_email":"","jetpack_publicize_message":"","jetpack_is_tweetstorm":false,"jetpack_publicize_feature_enabled":true},"categories":[5],"tags":[],"jetpack_featured_media_url":"http:\/\/www.rtvnoticias.com.ar\/wp-content\/uploads\/2023\/04\/cgt.jpg","jetpack_publicize_connections":[],"jetpack_sharing_enabled":true,"_links":{"self":[{"href":"http:\/\/www.rtvnoticias.com.ar\/index.php?rest_route=\/wp\/v2\/posts\/36335"}],"collection":[{"href":"http:\/\/www.rtvnoticias.com.ar\/index.php?rest_route=\/wp\/v2\/posts"}],"about":[{"href":"http:\/\/www.rtvnoticias.com.ar\/index.php?rest_route=\/wp\/v2\/types\/post"}],"author":[{"embeddable":true,"href":"http:\/\/www.rtvnoticias.com.ar\/index.php?rest_route=\/wp\/v2\/users\/7"}],"replies":[{"embeddable":true,"href":"http:\/\/www.rtvnoticias.com.ar\/index.php?rest_route=%2Fwp%2Fv2%2Fcomments&post=36335"}],"version-history":[{"count":1,"href":"http:\/\/www.rtvnoticias.com.ar\/index.php?rest_route=\/wp\/v2\/posts\/36335\/revisions"}],"predecessor-version":[{"id":36337,"href":"http:\/\/www.rtvnoticias.com.ar\/index.php?rest_route=\/wp\/v2\/posts\/36335\/revisions\/36337"}],"wp:featuredmedia":[{"embeddable":true,"href":"http:\/\/www.rtvnoticias.com.ar\/index.php?rest_route=\/wp\/v2\/media\/36336"}],"wp:attachment":[{"href":"http:\/\/www.rtvnoticias.com.ar\/index.php?rest_route=%2Fwp%2Fv2%2Fmedia&parent=36335"}],"wp:term":[{"taxonomy":"category","embeddable":true,"href":"http:\/\/www.rtvnoticias.com.ar\/index.php?rest_route=%2Fwp%2Fv2%2Fcategories&post=36335"},{"taxonomy":"post_tag","embeddable":true,"href":"http:\/\/www.rtvnoticias.com.ar\/index.php?rest_route=%2Fwp%2Fv2%2Ftags&post=36335"}],"curies":[{"name":"wp","href":"https:\/\/api.w.org\/{rel}","templated":true}]}}