{"id":36340,"date":"2023-04-20T10:38:23","date_gmt":"2023-04-20T13:38:23","guid":{"rendered":"http:\/\/www.rtvnoticias.com.ar\/?p=36340"},"modified":"2023-04-20T10:38:26","modified_gmt":"2023-04-20T13:38:26","slug":"hacele-la-multa-por-pel-polemica-en-un-control-de-la-caminera-en-cordoba","status":"publish","type":"post","link":"http:\/\/www.rtvnoticias.com.ar\/?p=36340","title":{"rendered":"\u00abHacele la multa por pel&#8230;\u00bb: pol\u00e9mica en un control de la Caminera en C\u00f3rdoba"},"content":{"rendered":"\n<p class=\"has-text-align-center\"><strong>El automovilista, que iba desde Carlos Paz a la capital provincial, film\u00f3 al oficial que recibe la orden de un supuesto superior con el insulto.<\/strong><\/p>\n\n\n\n<p>Un conductor que viajaba desde Villa Carlos Paz hacia C\u00f3rdoba fue v\u00edctima de un maltrato policial en un control de la Polic\u00eda Caminera.<\/p>\n\n\n\n<p>El hombre present\u00f3 su carn\u00e9 de conducir digital, el cual fue considerado inv\u00e1lido por los oficiales. En medio de una discusi\u00f3n, uno de los polic\u00edas recibi\u00f3 un audio de su supuesto superior, en el que lo insultaba llam\u00e1ndolo \u00abpelotudo\u00bb.<\/p>\n\n\n\n<p>El incidente fue filmado por el propio conductor, quien exigi\u00f3 la identificaci\u00f3n del responsable del insulto y de los oficiales que realizaban el control.<\/p>\n\n\n\n<p>Aunque finalmente no se le aplic\u00f3 la multa, el hombre expres\u00f3 su indignaci\u00f3n por el trato recibido en un entrevista con Telenoche.<\/p>\n\n\n\n<p>Seg\u00fan el conductor, los oficiales no le daban explicaciones claras sobre la validez de su carn\u00e9 y lo mantuvieron retenido durante un tiempo prolongado.<\/p>\n\n\n\n<p>A pesar de que finalmente no recibi\u00f3 la multa, el hombre afirm\u00f3 que el incidente fue una clara muestra de abuso policial.<\/p>\n\n\n\n<p>En el sitio de la Agencia Nacional de Seguridad Vial se detalla que la licencia digital es complementaria de la f\u00edsica \u00abno la reemplaza\u00bb.<\/p>\n\n\n\n<figure class=\"wp-block-image\"><img decoding=\"async\" src=\"https:\/\/www.cadena3.com\/admin\/playerswf\/fotos\/ARCHI_994649.jpg\" alt=\"\"\/><\/figure>\n\n\n\n<p><strong>Comunicado de la Polic\u00eda<\/strong><\/p>\n\n\n\n<p>Se informa que la Jefatura de Polic\u00eda ha ordenado la medida disciplinaria que corresponda a los efectivos involucrados. La misma ser\u00e1 instruida por la Direcci\u00f3n General de Control de Conducta Policial y, paralelamente, ha tomado intervenci\u00f3n el Tribunal de las Fuerzas de Seguridad que ha iniciado la investigaci\u00f3n pertinente.<\/p>\n<div class=\"sharedaddy sd-sharing-enabled\"><div class=\"robots-nocontent sd-block sd-social sd-social-icon sd-sharing\"><h3 class=\"sd-title\">Comparte esto:<\/h3><div class=\"sd-content\"><ul><li class=\"share-twitter\"><a rel=\"nofollow noopener noreferrer\" data-shared=\"sharing-twitter-36340\" class=\"share-twitter sd-button share-icon no-text\" href=\"http:\/\/www.rtvnoticias.com.ar\/?p=36340&amp;share=twitter\" target=\"_blank\" title=\"Haz clic para compartir en Twitter\"><span><\/span><span class=\"sharing-screen-reader-text\">Haz clic para compartir en Twitter (Se abre en una ventana nueva)<\/span><\/a><\/li><li class=\"share-facebook\"><a rel=\"nofollow noopener noreferrer\" data-shared=\"sharing-facebook-36340\" class=\"share-facebook sd-button share-icon no-text\" href=\"http:\/\/www.rtvnoticias.com.ar\/?p=36340&amp;share=facebook\" target=\"_blank\" title=\"Haz clic para compartir en Facebook\"><span><\/span><span class=\"sharing-screen-reader-text\">Haz clic para compartir en Facebook (Se abre en una ventana nueva)<\/span><\/a><\/li><li class=\"share-jetpack-whatsapp\"><a rel=\"nofollow noopener noreferrer\" data-shared=\"\" class=\"share-jetpack-whatsapp sd-button share-icon no-text\" href=\"http:\/\/www.rtvnoticias.com.ar\/?p=36340&amp;share=jetpack-whatsapp\" target=\"_blank\" title=\"Haz clic para compartir en WhatsApp\"><span><\/span><span class=\"sharing-screen-reader-text\">Haz clic para compartir en WhatsApp (Se abre en una ventana nueva)<\/span><\/a><\/li><li class=\"share-telegram\"><a rel=\"nofollow noopener noreferrer\" data-shared=\"\" class=\"share-telegram sd-button share-icon no-text\" href=\"http:\/\/www.rtvnoticias.com.ar\/?p=36340&amp;share=telegram\" target=\"_blank\" title=\"Haz clic para compartir en Telegram\"><span><\/span><span class=\"sharing-screen-reader-text\">Haz clic para compartir en Telegram (Se abre en una ventana nueva)<\/span><\/a><\/li><li class=\"share-end\"><\/li><\/ul><\/div><\/div><\/div>","protected":false},"excerpt":{"rendered":"<p>El automovilista, que iba desde Carlos Paz a la capital provincial, film\u00f3 al oficial que recibe la orden de un supuesto superior con el insulto.<\/p>\n<div class=\"sharedaddy sd-sharing-enabled\"><div class=\"robots-nocontent sd-block sd-social sd-social-icon sd-sharing\"><h3 class=\"sd-title\">Comparte esto:<\/h3><div class=\"sd-content\"><ul><li class=\"share-twitter\"><a rel=\"nofollow noopener noreferrer\" data-shared=\"sharing-twitter-36340\" class=\"share-twitter sd-button share-icon no-text\" href=\"http:\/\/www.rtvnoticias.com.ar\/?p=36340&amp;share=twitter\" target=\"_blank\" title=\"Haz clic para compartir en Twitter\"><span><\/span><span class=\"sharing-screen-reader-text\">Haz clic para compartir en Twitter (Se abre en una ventana nueva)<\/span><\/a><\/li><li class=\"share-facebook\"><a rel=\"nofollow noopener noreferrer\" data-shared=\"sharing-facebook-36340\" class=\"share-facebook sd-button share-icon no-text\" href=\"http:\/\/www.rtvnoticias.com.ar\/?p=36340&amp;share=facebook\" target=\"_blank\" title=\"Haz clic para compartir en Facebook\"><span><\/span><span class=\"sharing-screen-reader-text\">Haz clic para compartir en Facebook (Se abre en una ventana nueva)<\/span><\/a><\/li><li class=\"share-jetpack-whatsapp\"><a rel=\"nofollow noopener noreferrer\" data-shared=\"\" class=\"share-jetpack-whatsapp sd-button share-icon no-text\" href=\"http:\/\/www.rtvnoticias.com.ar\/?p=36340&amp;share=jetpack-whatsapp\" target=\"_blank\" title=\"Haz clic para compartir en WhatsApp\"><span><\/span><span class=\"sharing-screen-reader-text\">Haz clic para compartir en WhatsApp (Se abre en una ventana nueva)<\/span><\/a><\/li><li class=\"share-telegram\"><a rel=\"nofollow noopener noreferrer\" data-shared=\"\" class=\"share-telegram sd-button share-icon no-text\" href=\"http:\/\/www.rtvnoticias.com.ar\/?p=36340&amp;share=telegram\" target=\"_blank\" title=\"Haz clic para compartir en Telegram\"><span><\/span><span class=\"sharing-screen-reader-text\">Haz clic para compartir en Telegram (Se abre en una ventana nueva)<\/span><\/a><\/li><li class=\"share-end\"><\/li><\/ul><\/div><\/div><\/div>","protected":false},"author":7,"featured_media":36341,"comment_status":"closed","ping_status":"closed","sticky":false,"template":"","format":"standard","meta":{"spay_email":"","jetpack_publicize_message":"","jetpack_is_tweetstorm":false,"jetpack_publicize_feature_enabled":true},"categories":[5],"tags":[],"jetpack_featured_media_url":"http:\/\/www.rtvnoticias.com.ar\/wp-content\/uploads\/2023\/04\/policia-de-cordoba.jpg","jetpack_publicize_connections":[],"jetpack_sharing_enabled":true,"_links":{"self":[{"href":"http:\/\/www.rtvnoticias.com.ar\/index.php?rest_route=\/wp\/v2\/posts\/36340"}],"collection":[{"href":"http:\/\/www.rtvnoticias.com.ar\/index.php?rest_route=\/wp\/v2\/posts"}],"about":[{"href":"http:\/\/www.rtvnoticias.com.ar\/index.php?rest_route=\/wp\/v2\/types\/post"}],"author":[{"embeddable":true,"href":"http:\/\/www.rtvnoticias.com.ar\/index.php?rest_route=\/wp\/v2\/users\/7"}],"replies":[{"embeddable":true,"href":"http:\/\/www.rtvnoticias.com.ar\/index.php?rest_route=%2Fwp%2Fv2%2Fcomments&post=36340"}],"version-history":[{"count":1,"href":"http:\/\/www.rtvnoticias.com.ar\/index.php?rest_route=\/wp\/v2\/posts\/36340\/revisions"}],"predecessor-version":[{"id":36342,"href":"http:\/\/www.rtvnoticias.com.ar\/index.php?rest_route=\/wp\/v2\/posts\/36340\/revisions\/36342"}],"wp:featuredmedia":[{"embeddable":true,"href":"http:\/\/www.rtvnoticias.com.ar\/index.php?rest_route=\/wp\/v2\/media\/36341"}],"wp:attachment":[{"href":"http:\/\/www.rtvnoticias.com.ar\/index.php?rest_route=%2Fwp%2Fv2%2Fmedia&parent=36340"}],"wp:term":[{"taxonomy":"category","embeddable":true,"href":"http:\/\/www.rtvnoticias.com.ar\/index.php?rest_route=%2Fwp%2Fv2%2Fcategories&post=36340"},{"taxonomy":"post_tag","embeddable":true,"href":"http:\/\/www.rtvnoticias.com.ar\/index.php?rest_route=%2Fwp%2Fv2%2Ftags&post=36340"}],"curies":[{"name":"wp","href":"https:\/\/api.w.org\/{rel}","templated":true}]}}