{"id":36343,"date":"2023-04-20T10:56:37","date_gmt":"2023-04-20T13:56:37","guid":{"rendered":"http:\/\/www.rtvnoticias.com.ar\/?p=36343"},"modified":"2023-04-20T10:56:39","modified_gmt":"2023-04-20T13:56:39","slug":"cuales-son-los-paises-mas-atractivos","status":"publish","type":"post","link":"http:\/\/www.rtvnoticias.com.ar\/?p=36343","title":{"rendered":"\u00bfCu\u00e1les son los pa\u00edses \u00abm\u00e1s atractivos\u00bb?"},"content":{"rendered":"\n<p>En primer lugar se encuentra&nbsp;<strong>India<\/strong>&nbsp;donde para la IA es la nacionalidad \u201cm\u00e1s linda\u201d del mundo.<\/p>\n\n\n\n<figure class=\"wp-block-image\"><img decoding=\"async\" src=\"https:\/\/noticiasargentinas.com\/images\/NA\/Contenidos\/india-iawebp.webp\" alt=\"india-iawebp.jpg\"\/><\/figure>\n\n\n\n<p>&nbsp;<em>India<\/em><\/p>\n\n\n\n<p>El segundo puesto lo ocup\u00f3&nbsp;<strong>Estados Unidos<\/strong>&nbsp;donde en esta ocasi\u00f3n la herramienta mostr\u00f3&nbsp;dos rostros en particular que permite generar un crisol de razas y una gran diversidad.<\/p>\n\n\n\n<figure class=\"wp-block-image\"><img decoding=\"async\" src=\"https:\/\/noticiasargentinas.com\/images\/NA\/Contenidos\/eeuu-iawebp.webp\" alt=\"eeuu-iawebp.jpg\"\/><\/figure>\n\n\n\n<p>&nbsp;<em>Estados Unidos<\/em><\/p>\n\n\n\n<p><strong>Suiza<\/strong>&nbsp;comprende el tercer lugar y este puesto no llama la atenci\u00f3n ya que desde hace tiempo se manifest\u00f3 el car\u00e1cter \u201catractivo\u201d de los ciudadanos que viven en el sur de Europa.<\/p>\n\n\n\n<figure class=\"wp-block-image\"><img decoding=\"async\" src=\"https:\/\/noticiasargentinas.com\/images\/NA\/Contenidos\/suecia-iawebp.webp\" alt=\"suecia-iawebp.jpg\"\/><\/figure>\n\n\n\n<p>&nbsp;<em>Suiza<\/em><\/p>\n\n\n\n<p>El cuarto lugar est\u00e1 ocupado por&nbsp;<strong>Jap\u00f3n<\/strong>&nbsp;al destacar sus rasgos asi\u00e1ticos y llamativos con el resto del mundo.<\/p>\n\n\n\n<figure class=\"wp-block-image\"><img decoding=\"async\" src=\"https:\/\/noticiasargentinas.com\/images\/NA\/Contenidos\/japon-iawebp.webp\" alt=\"japon-iawebp.jpg\"\/><\/figure>\n\n\n\n<p>&nbsp;<em>Jap\u00f3n<\/em><\/p>\n\n\n\n<p><strong>Canad\u00e1<\/strong>&nbsp;ocupa el quinto lugar seg\u00fan la Inteligencia Artificial.<\/p>\n\n\n\n<figure class=\"wp-block-image\"><img decoding=\"async\" src=\"https:\/\/noticiasargentinas.com\/images\/NA\/Contenidos\/canada-iawebp.webp\" alt=\"canada-iawebp.jpg\"\/><\/figure>\n\n\n\n<p>&nbsp;<em>Canad\u00e1<\/em><\/p>\n\n\n\n<p>En sexto puesto se lo llev\u00f3 un pa\u00eds de Am\u00e9rica Latina. Se trata de&nbsp;<strong>Brasil<\/strong>&nbsp;qui\u00e9n es el \u00fanico del continente que est\u00e1 en el ranking.<\/p>\n\n\n\n<figure class=\"wp-block-image\"><img decoding=\"async\" src=\"https:\/\/noticiasargentinas.com\/images\/NA\/Contenidos\/brasil-iawebp.webp\" alt=\"brasil-iawebp.jpg\"\/><\/figure>\n\n\n\n<p>&nbsp;<em>Brasil<\/em><\/p>\n\n\n\n<p><strong>Francia<\/strong>&nbsp;est\u00e1 comprendido en el lugar siete del top 10 al destacar su liderazgo en cuanto a la cosm\u00e9tica y elegancia.<\/p>\n\n\n\n<figure class=\"wp-block-image\"><img decoding=\"async\" src=\"https:\/\/noticiasargentinas.com\/images\/NA\/Contenidos\/francia-iawebp.webp\" alt=\"francia-iawebp.jpg\"\/><\/figure>\n\n\n\n<p>&nbsp;<em>Francia<\/em><\/p>\n\n\n\n<p>A continuaci\u00f3n el puesto ocho lo ocupa&nbsp;<strong>Italia<\/strong>.<\/p>\n\n\n\n<figure class=\"wp-block-image\"><img decoding=\"async\" src=\"https:\/\/noticiasargentinas.com\/images\/NA\/Contenidos\/italia-iawebp.webp\" alt=\"italia-iawebp.jpg\"\/><\/figure>\n\n\n\n<p>&nbsp;<em>Italia<\/em><\/p>\n\n\n\n<p>Los \u00faltimos dos lugares son m\u00e1s que interesantes. El nueve le pertenece a&nbsp;<strong>Ucrania<\/strong>&nbsp;por tener caracter\u00edsticas que en otros pa\u00edses no existe como su cara que denota ser un \u00f3valo perfecto o inclusive redonda.<\/p>\n\n\n\n<figure class=\"wp-block-image\"><img decoding=\"async\" src=\"https:\/\/noticiasargentinas.com\/images\/NA\/Contenidos\/ucrania-iawebp.webp\" alt=\"ucrania-iawebp.jpg\"\/><\/figure>\n\n\n\n<p>&nbsp;<em>Ucrania<\/em><\/p>\n\n\n\n<p>Ahora s\u00ed, el puesto diez es para&nbsp;<strong>Dinamarca<\/strong>&nbsp;por su atractivo vikingo por tener&nbsp;detalles muy marcados y una moda r\u00fastica europea.<\/p>\n\n\n\n<figure class=\"wp-block-image\"><img decoding=\"async\" src=\"https:\/\/noticiasargentinas.com\/images\/NA\/Contenidos\/dinamarca-iawebp.webp\" alt=\"dinamarca-iawebp.jpg\"\/><\/figure>\n\n\n\n<p><em>Dinamarca<\/em><\/p>\n<div class=\"sharedaddy sd-sharing-enabled\"><div class=\"robots-nocontent sd-block sd-social sd-social-icon sd-sharing\"><h3 class=\"sd-title\">Comparte esto:<\/h3><div class=\"sd-content\"><ul><li class=\"share-twitter\"><a rel=\"nofollow noopener noreferrer\" data-shared=\"sharing-twitter-36343\" class=\"share-twitter sd-button share-icon no-text\" href=\"http:\/\/www.rtvnoticias.com.ar\/?p=36343&amp;share=twitter\" target=\"_blank\" title=\"Haz clic para compartir en Twitter\"><span><\/span><span class=\"sharing-screen-reader-text\">Haz clic para compartir en Twitter (Se abre en una ventana nueva)<\/span><\/a><\/li><li class=\"share-facebook\"><a rel=\"nofollow noopener noreferrer\" data-shared=\"sharing-facebook-36343\" class=\"share-facebook sd-button share-icon no-text\" href=\"http:\/\/www.rtvnoticias.com.ar\/?p=36343&amp;share=facebook\" target=\"_blank\" title=\"Haz clic para compartir en Facebook\"><span><\/span><span class=\"sharing-screen-reader-text\">Haz clic para compartir en Facebook (Se abre en una ventana nueva)<\/span><\/a><\/li><li class=\"share-jetpack-whatsapp\"><a rel=\"nofollow noopener noreferrer\" data-shared=\"\" class=\"share-jetpack-whatsapp sd-button share-icon no-text\" href=\"http:\/\/www.rtvnoticias.com.ar\/?p=36343&amp;share=jetpack-whatsapp\" target=\"_blank\" title=\"Haz clic para compartir en WhatsApp\"><span><\/span><span class=\"sharing-screen-reader-text\">Haz clic para compartir en WhatsApp (Se abre en una ventana nueva)<\/span><\/a><\/li><li class=\"share-telegram\"><a rel=\"nofollow noopener noreferrer\" data-shared=\"\" class=\"share-telegram sd-button share-icon no-text\" href=\"http:\/\/www.rtvnoticias.com.ar\/?p=36343&amp;share=telegram\" target=\"_blank\" title=\"Haz clic para compartir en Telegram\"><span><\/span><span class=\"sharing-screen-reader-text\">Haz clic para compartir en Telegram (Se abre en una ventana nueva)<\/span><\/a><\/li><li class=\"share-end\"><\/li><\/ul><\/div><\/div><\/div>","protected":false},"excerpt":{"rendered":"<p>En primer lugar se encuentra&nbsp;India&nbsp;donde para la IA es la nacionalidad \u201cm\u00e1s linda\u201d del mundo. &nbsp;India El segundo puesto lo ocup\u00f3&nbsp;Estados Unidos&nbsp;donde en esta ocasi\u00f3n<\/p>\n<div class=\"sharedaddy sd-sharing-enabled\"><div class=\"robots-nocontent sd-block sd-social sd-social-icon sd-sharing\"><h3 class=\"sd-title\">Comparte esto:<\/h3><div class=\"sd-content\"><ul><li class=\"share-twitter\"><a rel=\"nofollow noopener noreferrer\" data-shared=\"sharing-twitter-36343\" class=\"share-twitter sd-button share-icon no-text\" href=\"http:\/\/www.rtvnoticias.com.ar\/?p=36343&amp;share=twitter\" target=\"_blank\" title=\"Haz clic para compartir en Twitter\"><span><\/span><span class=\"sharing-screen-reader-text\">Haz clic para compartir en Twitter (Se abre en una ventana nueva)<\/span><\/a><\/li><li class=\"share-facebook\"><a rel=\"nofollow noopener noreferrer\" data-shared=\"sharing-facebook-36343\" class=\"share-facebook sd-button share-icon no-text\" href=\"http:\/\/www.rtvnoticias.com.ar\/?p=36343&amp;share=facebook\" target=\"_blank\" title=\"Haz clic para compartir en Facebook\"><span><\/span><span class=\"sharing-screen-reader-text\">Haz clic para compartir en Facebook (Se abre en una ventana nueva)<\/span><\/a><\/li><li class=\"share-jetpack-whatsapp\"><a rel=\"nofollow noopener noreferrer\" data-shared=\"\" class=\"share-jetpack-whatsapp sd-button share-icon no-text\" href=\"http:\/\/www.rtvnoticias.com.ar\/?p=36343&amp;share=jetpack-whatsapp\" target=\"_blank\" title=\"Haz clic para compartir en WhatsApp\"><span><\/span><span class=\"sharing-screen-reader-text\">Haz clic para compartir en WhatsApp (Se abre en una ventana nueva)<\/span><\/a><\/li><li class=\"share-telegram\"><a rel=\"nofollow noopener noreferrer\" data-shared=\"\" class=\"share-telegram sd-button share-icon no-text\" href=\"http:\/\/www.rtvnoticias.com.ar\/?p=36343&amp;share=telegram\" target=\"_blank\" title=\"Haz clic para compartir en Telegram\"><span><\/span><span class=\"sharing-screen-reader-text\">Haz clic para compartir en Telegram (Se abre en una ventana nueva)<\/span><\/a><\/li><li class=\"share-end\"><\/li><\/ul><\/div><\/div><\/div>","protected":false},"author":7,"featured_media":36344,"comment_status":"closed","ping_status":"closed","sticky":false,"template":"","format":"standard","meta":{"spay_email":"","jetpack_publicize_message":"","jetpack_is_tweetstorm":false,"jetpack_publicize_feature_enabled":true},"categories":[7],"tags":[],"jetpack_featured_media_url":"http:\/\/www.rtvnoticias.com.ar\/wp-content\/uploads\/2023\/04\/descarga-1.jpg","jetpack_publicize_connections":[],"jetpack_sharing_enabled":true,"_links":{"self":[{"href":"http:\/\/www.rtvnoticias.com.ar\/index.php?rest_route=\/wp\/v2\/posts\/36343"}],"collection":[{"href":"http:\/\/www.rtvnoticias.com.ar\/index.php?rest_route=\/wp\/v2\/posts"}],"about":[{"href":"http:\/\/www.rtvnoticias.com.ar\/index.php?rest_route=\/wp\/v2\/types\/post"}],"author":[{"embeddable":true,"href":"http:\/\/www.rtvnoticias.com.ar\/index.php?rest_route=\/wp\/v2\/users\/7"}],"replies":[{"embeddable":true,"href":"http:\/\/www.rtvnoticias.com.ar\/index.php?rest_route=%2Fwp%2Fv2%2Fcomments&post=36343"}],"version-history":[{"count":1,"href":"http:\/\/www.rtvnoticias.com.ar\/index.php?rest_route=\/wp\/v2\/posts\/36343\/revisions"}],"predecessor-version":[{"id":36345,"href":"http:\/\/www.rtvnoticias.com.ar\/index.php?rest_route=\/wp\/v2\/posts\/36343\/revisions\/36345"}],"wp:featuredmedia":[{"embeddable":true,"href":"http:\/\/www.rtvnoticias.com.ar\/index.php?rest_route=\/wp\/v2\/media\/36344"}],"wp:attachment":[{"href":"http:\/\/www.rtvnoticias.com.ar\/index.php?rest_route=%2Fwp%2Fv2%2Fmedia&parent=36343"}],"wp:term":[{"taxonomy":"category","embeddable":true,"href":"http:\/\/www.rtvnoticias.com.ar\/index.php?rest_route=%2Fwp%2Fv2%2Fcategories&post=36343"},{"taxonomy":"post_tag","embeddable":true,"href":"http:\/\/www.rtvnoticias.com.ar\/index.php?rest_route=%2Fwp%2Fv2%2Ftags&post=36343"}],"curies":[{"name":"wp","href":"https:\/\/api.w.org\/{rel}","templated":true}]}}