{"id":36349,"date":"2023-04-21T08:39:58","date_gmt":"2023-04-21T11:39:58","guid":{"rendered":"http:\/\/www.rtvnoticias.com.ar\/?p=36349"},"modified":"2023-04-21T08:40:01","modified_gmt":"2023-04-21T11:40:01","slug":"se-realizo-la-quinta-sesion-del-concejo-deliberante","status":"publish","type":"post","link":"http:\/\/www.rtvnoticias.com.ar\/?p=36349","title":{"rendered":"Se realiz\u00f3 la quinta sesi\u00f3n del Concejo Deliberante"},"content":{"rendered":"\n<p>Este jueves el Concejo Deliberante de General Pico llev\u00f3 a cabo la quinta sesi\u00f3n ordinaria del a\u00f1o en curso. Con un tratamiento de 29 expedientes y la presencia de la totalidad de los y las ediles piquenses, se desarroll\u00f3 este nuevo encuentro legislativo.<\/p>\n\n\n\n<p>A partir de las 8.30 horas y luego del izamiento de la bandera nacional a cargo del concejal Guillermo Coppo, Daniel L\u00f3pez, presidente del Concejo inici\u00f3 el orden del d\u00eda que tuvo como punto inicial el acta anterior, aprobado por unanimidad. Seguidamente se dio ingreso a 10 expedientes de diversos or\u00edgenes para su correspondiente tratamiento en las comisiones internas del cuerpo.<\/p>\n\n\n\n<p>Entre los ingresos se encuentran las solicitudes de renovaci\u00f3n de convenios entre el municipio local e instituciones sociales y deportivas de la ciudad. Las comisiones 1 y 2 analizar\u00e1n la renovaci\u00f3n del convenio con la Asociaci\u00f3n de Fomento del barrio El Molino, mediante el cual ceden el uso de las instalaciones del inmueble ubicado en calle 6, a la Municipalidad para el funcionamiento de diversas actividades, tales como talleres, espect\u00e1culos, capacitaciones, eventos o encuentros que realicen las diferentes \u00e1reas del Ejecutivo Municipal. Tambi\u00e9n se tratar\u00e1 en las comisiones el contrato entre la Municipalidad de General Pico y la Instituci\u00f3n Deportiva \u00abPico Football Club\u00bb para el uso del natatorio climatizado para todas aquellas actividades que desarrolla la Direcci\u00f3n de Deportes y Actividades F\u00edsicas del ejecutivo local.<\/p>\n\n\n\n<p><strong>Unanimidad<\/strong><\/p>\n\n\n\n<p>Fueron tratados en sesi\u00f3n y aprobados por unanimidad cuatro beneficios econ\u00f3micos a proyectos productivos locales en el marco de la Ley 2870 de Promoci\u00f3n Econ\u00f3mica, que establece el otorgamiento de pr\u00e9stamos en condiciones de fomento por parte de las Municipalidades con el fin de financiar proyectos productivos a desarrollarse o emplazarse en la ciudad. Cada persona beneficiada recibir\u00e1 $1.600.000, los que deber\u00e1n ser reintegrados en 120 cuotas mensuales con un inter\u00e9s fijo nominal anual del 10%. Cada solicitud realizada es evaluada y controlada por las oficinas t\u00e9cnicas competentes y con la respectiva intervenci\u00f3n del Consejo Productivo Local, en la que tienen representaci\u00f3n cada uno de los bloques que conforman el cuerpo deliberativo.<\/p>\n\n\n\n<p>Luego del pedido de ser abordado en sesi\u00f3n, qued\u00f3 aprobado por la totalidad de los y las concejalas el proyecto de ordenanza que contiene el convenio suscripto entre el Gobierno de la provincia y la Municipalidad por medio del cual acuerdan la transferencia fondos que estar\u00e1n destinados a solventar gastos de reparaci\u00f3n de la red de electricidad del edificio en el cual funciona el Centro de Salud Dr. Salvador Abudara.<\/p>\n\n\n\n<p><strong>Unificados<\/strong><\/p>\n\n\n\n<p>Unificados en sesi\u00f3n y aprobados por unanimidad fueron los proyectos de los bloques del Frente Justicialista Pampeano y de Propuesta Federal mediante el cual se presta benepl\u00e1cito por la aprobaci\u00f3n de la Ley Nacional recientemente sancionada que establece la creaci\u00f3n del Plan Federal de Capacitaci\u00f3n sobre derechos de ni\u00f1as, ni\u00f1os y adolescentes, para todas aquellas personas que se desempe\u00f1en en la administraci\u00f3n p\u00fablica. La mencionada normativa tiene como objeto crear el Plan Federal de Capacitaci\u00f3n de car\u00e1cter continuo, permanente y obligatorio, en derechos de las ni\u00f1as, ni\u00f1os y adolescentes, destinado a todas aquellas personas que se desempe\u00f1en en los poderes Ejecutivo, Legislativo y Judicial.<\/p>\n\n\n\n<p>Finalmente y luego del estudio en las comisiones pertinentes y habiendo evaluado la licitaci\u00f3n p\u00fablica que adjudica por cinco a\u00f1os la concesi\u00f3n para la explotaci\u00f3n del Servicio P\u00fablico de Transporte Urbano de Pasajeros de la ciudad, junto al convenio suscripto entre la Municipalidad de General Pico y la Cooperativa Regional de Electricidad de Obras y Otros Servicios de General Pico LTDA (CORPICO) por un valor mensual de $8.486.481,00 se determin\u00f3 de manera un\u00e1nime el archivo del expediente que elev\u00f3 el Departamento Ejecutivo Municipal para su puesta en conocimiento.<\/p>\n<div class=\"sharedaddy sd-sharing-enabled\"><div class=\"robots-nocontent sd-block sd-social sd-social-icon sd-sharing\"><h3 class=\"sd-title\">Comparte esto:<\/h3><div class=\"sd-content\"><ul><li class=\"share-twitter\"><a rel=\"nofollow noopener noreferrer\" data-shared=\"sharing-twitter-36349\" class=\"share-twitter sd-button share-icon no-text\" href=\"http:\/\/www.rtvnoticias.com.ar\/?p=36349&amp;share=twitter\" target=\"_blank\" title=\"Haz clic para compartir en Twitter\"><span><\/span><span class=\"sharing-screen-reader-text\">Haz clic para compartir en Twitter (Se abre en una ventana nueva)<\/span><\/a><\/li><li class=\"share-facebook\"><a rel=\"nofollow noopener noreferrer\" data-shared=\"sharing-facebook-36349\" class=\"share-facebook sd-button share-icon no-text\" href=\"http:\/\/www.rtvnoticias.com.ar\/?p=36349&amp;share=facebook\" target=\"_blank\" title=\"Haz clic para compartir en Facebook\"><span><\/span><span class=\"sharing-screen-reader-text\">Haz clic para compartir en Facebook (Se abre en una ventana nueva)<\/span><\/a><\/li><li class=\"share-jetpack-whatsapp\"><a rel=\"nofollow noopener noreferrer\" data-shared=\"\" class=\"share-jetpack-whatsapp sd-button share-icon no-text\" href=\"http:\/\/www.rtvnoticias.com.ar\/?p=36349&amp;share=jetpack-whatsapp\" target=\"_blank\" title=\"Haz clic para compartir en WhatsApp\"><span><\/span><span class=\"sharing-screen-reader-text\">Haz clic para compartir en WhatsApp (Se abre en una ventana nueva)<\/span><\/a><\/li><li class=\"share-telegram\"><a rel=\"nofollow noopener noreferrer\" data-shared=\"\" class=\"share-telegram sd-button share-icon no-text\" href=\"http:\/\/www.rtvnoticias.com.ar\/?p=36349&amp;share=telegram\" target=\"_blank\" title=\"Haz clic para compartir en Telegram\"><span><\/span><span class=\"sharing-screen-reader-text\">Haz clic para compartir en Telegram (Se abre en una ventana nueva)<\/span><\/a><\/li><li class=\"share-end\"><\/li><\/ul><\/div><\/div><\/div>","protected":false},"excerpt":{"rendered":"<p>Este jueves el Concejo Deliberante de General Pico llev\u00f3 a cabo la quinta sesi\u00f3n ordinaria del a\u00f1o en curso. Con un tratamiento de 29 expedientes<\/p>\n<div class=\"sharedaddy sd-sharing-enabled\"><div class=\"robots-nocontent sd-block sd-social sd-social-icon sd-sharing\"><h3 class=\"sd-title\">Comparte esto:<\/h3><div class=\"sd-content\"><ul><li class=\"share-twitter\"><a rel=\"nofollow noopener noreferrer\" data-shared=\"sharing-twitter-36349\" class=\"share-twitter sd-button share-icon no-text\" href=\"http:\/\/www.rtvnoticias.com.ar\/?p=36349&amp;share=twitter\" target=\"_blank\" title=\"Haz clic para compartir en Twitter\"><span><\/span><span class=\"sharing-screen-reader-text\">Haz clic para compartir en Twitter (Se abre en una ventana nueva)<\/span><\/a><\/li><li class=\"share-facebook\"><a rel=\"nofollow noopener noreferrer\" data-shared=\"sharing-facebook-36349\" class=\"share-facebook sd-button share-icon no-text\" href=\"http:\/\/www.rtvnoticias.com.ar\/?p=36349&amp;share=facebook\" target=\"_blank\" title=\"Haz clic para compartir en Facebook\"><span><\/span><span class=\"sharing-screen-reader-text\">Haz clic para compartir en Facebook (Se abre en una ventana nueva)<\/span><\/a><\/li><li class=\"share-jetpack-whatsapp\"><a rel=\"nofollow noopener noreferrer\" data-shared=\"\" class=\"share-jetpack-whatsapp sd-button share-icon no-text\" href=\"http:\/\/www.rtvnoticias.com.ar\/?p=36349&amp;share=jetpack-whatsapp\" target=\"_blank\" title=\"Haz clic para compartir en WhatsApp\"><span><\/span><span class=\"sharing-screen-reader-text\">Haz clic para compartir en WhatsApp (Se abre en una ventana nueva)<\/span><\/a><\/li><li class=\"share-telegram\"><a rel=\"nofollow noopener noreferrer\" data-shared=\"\" class=\"share-telegram sd-button share-icon no-text\" href=\"http:\/\/www.rtvnoticias.com.ar\/?p=36349&amp;share=telegram\" target=\"_blank\" title=\"Haz clic para compartir en Telegram\"><span><\/span><span class=\"sharing-screen-reader-text\">Haz clic para compartir en Telegram (Se abre en una ventana nueva)<\/span><\/a><\/li><li class=\"share-end\"><\/li><\/ul><\/div><\/div><\/div>","protected":false},"author":7,"featured_media":34261,"comment_status":"closed","ping_status":"closed","sticky":false,"template":"","format":"standard","meta":{"spay_email":"","jetpack_publicize_message":"","jetpack_is_tweetstorm":false,"jetpack_publicize_feature_enabled":true},"categories":[1],"tags":[],"jetpack_featured_media_url":"http:\/\/www.rtvnoticias.com.ar\/wp-content\/uploads\/2022\/10\/concejo.jpg","jetpack_publicize_connections":[],"jetpack_sharing_enabled":true,"_links":{"self":[{"href":"http:\/\/www.rtvnoticias.com.ar\/index.php?rest_route=\/wp\/v2\/posts\/36349"}],"collection":[{"href":"http:\/\/www.rtvnoticias.com.ar\/index.php?rest_route=\/wp\/v2\/posts"}],"about":[{"href":"http:\/\/www.rtvnoticias.com.ar\/index.php?rest_route=\/wp\/v2\/types\/post"}],"author":[{"embeddable":true,"href":"http:\/\/www.rtvnoticias.com.ar\/index.php?rest_route=\/wp\/v2\/users\/7"}],"replies":[{"embeddable":true,"href":"http:\/\/www.rtvnoticias.com.ar\/index.php?rest_route=%2Fwp%2Fv2%2Fcomments&post=36349"}],"version-history":[{"count":1,"href":"http:\/\/www.rtvnoticias.com.ar\/index.php?rest_route=\/wp\/v2\/posts\/36349\/revisions"}],"predecessor-version":[{"id":36350,"href":"http:\/\/www.rtvnoticias.com.ar\/index.php?rest_route=\/wp\/v2\/posts\/36349\/revisions\/36350"}],"wp:featuredmedia":[{"embeddable":true,"href":"http:\/\/www.rtvnoticias.com.ar\/index.php?rest_route=\/wp\/v2\/media\/34261"}],"wp:attachment":[{"href":"http:\/\/www.rtvnoticias.com.ar\/index.php?rest_route=%2Fwp%2Fv2%2Fmedia&parent=36349"}],"wp:term":[{"taxonomy":"category","embeddable":true,"href":"http:\/\/www.rtvnoticias.com.ar\/index.php?rest_route=%2Fwp%2Fv2%2Fcategories&post=36349"},{"taxonomy":"post_tag","embeddable":true,"href":"http:\/\/www.rtvnoticias.com.ar\/index.php?rest_route=%2Fwp%2Fv2%2Ftags&post=36349"}],"curies":[{"name":"wp","href":"https:\/\/api.w.org\/{rel}","templated":true}]}}