{"id":36354,"date":"2023-04-21T11:18:20","date_gmt":"2023-04-21T14:18:20","guid":{"rendered":"http:\/\/www.rtvnoticias.com.ar\/?p=36354"},"modified":"2023-04-21T11:18:23","modified_gmt":"2023-04-21T14:18:23","slug":"alberto-fernandez-no-ira-por-su-reeleccion","status":"publish","type":"post","link":"http:\/\/www.rtvnoticias.com.ar\/?p=36354","title":{"rendered":"Alberto Fern\u00e1ndez no ir\u00e1 por su reelecci\u00f3n"},"content":{"rendered":"\n<p>El presidente Alberto Fern\u00e1ndez confirm\u00f3 que no buscar\u00e1 la reelecci\u00f3n en las pr\u00f3ximas elecciones.<\/p>\n\n\n\n<p>A trav\u00e9s de un video de siete minutos publicado en su cuenta de Twitter, el mandatario se\u00f1al\u00f3: \u00abEl 10 de diciembre entregar\u00e9 la banda presidencial a quien haya sido elegido leg\u00edtimamente en las urnas por el voto popular\u00bb.<\/p>\n\n\n\n<p>\u00abDesde que comenc\u00e9 a militar pol\u00edtica en los a\u00f1os 70, nunca antepuse una ambici\u00f3n personal a la necesidad del conjunto\u00bb, remarc\u00f3 el jefe de Estado.<\/p>\n\n\n\n<p>En el cierre del corte audiovisual, Alberto Fern\u00e1ndez se\u00f1al\u00f3: \u00abTrabajar\u00e9 fervientemente para que sea un compa\u00f1ero o una compa\u00f1era de nuestro espacio pol\u00edtico que represente a quienes seguimos y seguiremos luchando por una Patria justa, con equidad y felicidad para todos y todas\u00bb.<\/p>\n\n\n\n<p>En ese sentido, ratific\u00f3 que apuesta a que las elecciones Primarias, Abiertas, Simult\u00e1neas y Obligatorias (PASO) sean la forma de dirimir las candidaturas: \u00abPerm\u00edtanme tambi\u00e9n hablarle a mis compa\u00f1eros y compa\u00f1eras. Creo fervientemente en la democracia como sistema para lograr nuestros objetivos en una comunidad organizada. Tambi\u00e9n debemos usar sus herramientas para la vida partidaria, por eso creo que las PASO son el veh\u00edculo para que la sociedad seleccione los mejores hombres y mujeres de nuestro frente que mejor nos representen en las pr\u00f3ximas elecciones generales\u00bb.<\/p>\n\n\n\n<p>Y agreg\u00f3: \u00abComo presidente del Partido Justicialista, voy a garantizar que todos y todas los que se sientan capacitados para encarar este desaf\u00edo puedan hacerlo\u00bb.<\/p>\n\n\n\n<p>Seg\u00fan se\u00f1alaron a la agencia de noticias NA desde su entorno, \u00abel Presidente decidi\u00f3 no ir por la reelecci\u00f3n\u00bb y explicaron que \u00abdebe concentrarse en resolver los problemas de los argentinos\u00bb.<\/p>\n\n\n\n<p>De todos modos, aclararon que no ser\u00e1 ajeno al debate electoral en el Frente de Todos: \u00abSe pone al frente de las PASO y el armado electoral\u00bb.<\/p>\n\n\n\n<p>El anuncio de Alberto Fern\u00e1ndez se da 26 d\u00edas despu\u00e9s de que su antecesor, Mauricio Macri, tambi\u00e9n diera a conocer -de la misma manera- que no iba a postularse en las PASO para tratar de regresar a la Casa Rosada.<\/p>\n<div class=\"sharedaddy sd-sharing-enabled\"><div class=\"robots-nocontent sd-block sd-social sd-social-icon sd-sharing\"><h3 class=\"sd-title\">Comparte esto:<\/h3><div class=\"sd-content\"><ul><li class=\"share-twitter\"><a rel=\"nofollow noopener noreferrer\" data-shared=\"sharing-twitter-36354\" class=\"share-twitter sd-button share-icon no-text\" href=\"http:\/\/www.rtvnoticias.com.ar\/?p=36354&amp;share=twitter\" target=\"_blank\" title=\"Haz clic para compartir en Twitter\"><span><\/span><span class=\"sharing-screen-reader-text\">Haz clic para compartir en Twitter (Se abre en una ventana nueva)<\/span><\/a><\/li><li class=\"share-facebook\"><a rel=\"nofollow noopener noreferrer\" data-shared=\"sharing-facebook-36354\" class=\"share-facebook sd-button share-icon no-text\" href=\"http:\/\/www.rtvnoticias.com.ar\/?p=36354&amp;share=facebook\" target=\"_blank\" title=\"Haz clic para compartir en Facebook\"><span><\/span><span class=\"sharing-screen-reader-text\">Haz clic para compartir en Facebook (Se abre en una ventana nueva)<\/span><\/a><\/li><li class=\"share-jetpack-whatsapp\"><a rel=\"nofollow noopener noreferrer\" data-shared=\"\" class=\"share-jetpack-whatsapp sd-button share-icon no-text\" href=\"http:\/\/www.rtvnoticias.com.ar\/?p=36354&amp;share=jetpack-whatsapp\" target=\"_blank\" title=\"Haz clic para compartir en WhatsApp\"><span><\/span><span class=\"sharing-screen-reader-text\">Haz clic para compartir en WhatsApp (Se abre en una ventana nueva)<\/span><\/a><\/li><li class=\"share-telegram\"><a rel=\"nofollow noopener noreferrer\" data-shared=\"\" class=\"share-telegram sd-button share-icon no-text\" href=\"http:\/\/www.rtvnoticias.com.ar\/?p=36354&amp;share=telegram\" target=\"_blank\" title=\"Haz clic para compartir en Telegram\"><span><\/span><span class=\"sharing-screen-reader-text\">Haz clic para compartir en Telegram (Se abre en una ventana nueva)<\/span><\/a><\/li><li class=\"share-end\"><\/li><\/ul><\/div><\/div><\/div>","protected":false},"excerpt":{"rendered":"<p>El presidente Alberto Fern\u00e1ndez confirm\u00f3 que no buscar\u00e1 la reelecci\u00f3n en las pr\u00f3ximas elecciones. A trav\u00e9s de un video de siete minutos publicado en su<\/p>\n<div class=\"sharedaddy sd-sharing-enabled\"><div class=\"robots-nocontent sd-block sd-social sd-social-icon sd-sharing\"><h3 class=\"sd-title\">Comparte esto:<\/h3><div class=\"sd-content\"><ul><li class=\"share-twitter\"><a rel=\"nofollow noopener noreferrer\" data-shared=\"sharing-twitter-36354\" class=\"share-twitter sd-button share-icon no-text\" href=\"http:\/\/www.rtvnoticias.com.ar\/?p=36354&amp;share=twitter\" target=\"_blank\" title=\"Haz clic para compartir en Twitter\"><span><\/span><span class=\"sharing-screen-reader-text\">Haz clic para compartir en Twitter (Se abre en una ventana nueva)<\/span><\/a><\/li><li class=\"share-facebook\"><a rel=\"nofollow noopener noreferrer\" data-shared=\"sharing-facebook-36354\" class=\"share-facebook sd-button share-icon no-text\" href=\"http:\/\/www.rtvnoticias.com.ar\/?p=36354&amp;share=facebook\" target=\"_blank\" title=\"Haz clic para compartir en Facebook\"><span><\/span><span class=\"sharing-screen-reader-text\">Haz clic para compartir en Facebook (Se abre en una ventana nueva)<\/span><\/a><\/li><li class=\"share-jetpack-whatsapp\"><a rel=\"nofollow noopener noreferrer\" data-shared=\"\" class=\"share-jetpack-whatsapp sd-button share-icon no-text\" href=\"http:\/\/www.rtvnoticias.com.ar\/?p=36354&amp;share=jetpack-whatsapp\" target=\"_blank\" title=\"Haz clic para compartir en WhatsApp\"><span><\/span><span class=\"sharing-screen-reader-text\">Haz clic para compartir en WhatsApp (Se abre en una ventana nueva)<\/span><\/a><\/li><li class=\"share-telegram\"><a rel=\"nofollow noopener noreferrer\" data-shared=\"\" class=\"share-telegram sd-button share-icon no-text\" href=\"http:\/\/www.rtvnoticias.com.ar\/?p=36354&amp;share=telegram\" target=\"_blank\" title=\"Haz clic para compartir en Telegram\"><span><\/span><span class=\"sharing-screen-reader-text\">Haz clic para compartir en Telegram (Se abre en una ventana nueva)<\/span><\/a><\/li><li class=\"share-end\"><\/li><\/ul><\/div><\/div><\/div>","protected":false},"author":7,"featured_media":36355,"comment_status":"closed","ping_status":"closed","sticky":false,"template":"","format":"standard","meta":{"spay_email":"","jetpack_publicize_message":"","jetpack_is_tweetstorm":false,"jetpack_publicize_feature_enabled":true},"categories":[5],"tags":[],"jetpack_featured_media_url":"http:\/\/www.rtvnoticias.com.ar\/wp-content\/uploads\/2023\/04\/AF.jpg","jetpack_publicize_connections":[],"jetpack_sharing_enabled":true,"_links":{"self":[{"href":"http:\/\/www.rtvnoticias.com.ar\/index.php?rest_route=\/wp\/v2\/posts\/36354"}],"collection":[{"href":"http:\/\/www.rtvnoticias.com.ar\/index.php?rest_route=\/wp\/v2\/posts"}],"about":[{"href":"http:\/\/www.rtvnoticias.com.ar\/index.php?rest_route=\/wp\/v2\/types\/post"}],"author":[{"embeddable":true,"href":"http:\/\/www.rtvnoticias.com.ar\/index.php?rest_route=\/wp\/v2\/users\/7"}],"replies":[{"embeddable":true,"href":"http:\/\/www.rtvnoticias.com.ar\/index.php?rest_route=%2Fwp%2Fv2%2Fcomments&post=36354"}],"version-history":[{"count":1,"href":"http:\/\/www.rtvnoticias.com.ar\/index.php?rest_route=\/wp\/v2\/posts\/36354\/revisions"}],"predecessor-version":[{"id":36356,"href":"http:\/\/www.rtvnoticias.com.ar\/index.php?rest_route=\/wp\/v2\/posts\/36354\/revisions\/36356"}],"wp:featuredmedia":[{"embeddable":true,"href":"http:\/\/www.rtvnoticias.com.ar\/index.php?rest_route=\/wp\/v2\/media\/36355"}],"wp:attachment":[{"href":"http:\/\/www.rtvnoticias.com.ar\/index.php?rest_route=%2Fwp%2Fv2%2Fmedia&parent=36354"}],"wp:term":[{"taxonomy":"category","embeddable":true,"href":"http:\/\/www.rtvnoticias.com.ar\/index.php?rest_route=%2Fwp%2Fv2%2Fcategories&post=36354"},{"taxonomy":"post_tag","embeddable":true,"href":"http:\/\/www.rtvnoticias.com.ar\/index.php?rest_route=%2Fwp%2Fv2%2Ftags&post=36354"}],"curies":[{"name":"wp","href":"https:\/\/api.w.org\/{rel}","templated":true}]}}