{"id":36372,"date":"2023-04-24T09:02:34","date_gmt":"2023-04-24T12:02:34","guid":{"rendered":"http:\/\/www.rtvnoticias.com.ar\/?p=36372"},"modified":"2023-04-24T09:02:37","modified_gmt":"2023-04-24T12:02:37","slug":"bensusan-tenemos-una-responsabilidad-con-el-ambiente-y-el-cuidado-del-planeta-que-debe-asumirse-en-forma-urgente","status":"publish","type":"post","link":"http:\/\/www.rtvnoticias.com.ar\/?p=36372","title":{"rendered":"Bensus\u00e1n: \u201ctenemos una responsabilidad con el ambiente y el cuidado del planeta que debe asumirse en forma urgente\u201d"},"content":{"rendered":"\n<p>El senador Daniel Bensus\u00e1n present\u00f3 un proyecto de ley tendiente a transformar en sustentables a los establecimientos educativos de todo el pa\u00eds. Mediante la iniciativa promueve la incorporaci\u00f3n de acciones concretas tendientes a reducir impactos ambientales negativos y el fomento de h\u00e1bitos que mejoren la calidad de vida poblacional.<\/p>\n\n\n\n<p>\u201cEste proyecto est\u00e1 vinculado a los 17 Objetivos de Desarrollo Sostenibles (ODS) de la Agenda 2030 de la Organizaci\u00f3n de las Naciones Unidas, iniciativa a la que adhiri\u00f3 nuestro pa\u00eds. Tenemos una responsabilidad con el ambiente y el cuidado del planeta que debe asumirse en forma urgente, no admite dilaciones\u201d, declar\u00f3 el legislador nacional.<\/p>\n\n\n\n<p>En los fundamentos del proyecto, se resalta que entre los O.D.S. hay puntos que se proponen \u201cgarantizar el acceso a una energ\u00eda asequible, segura, sostenible y moderna; lograr ciudades y asentamientos humanos inclusivos, seguros, resilientes y sostenibles; garantizar modalidades de consumo y producci\u00f3n sostenibles; y adoptar medidas urgentes para combatir el cambio clim\u00e1tico y sus efectos\u201d.<\/p>\n\n\n\n<p>Al respecto, Bensus\u00e1n consider\u00f3 que \u201cel compromiso tiene dos puntos de partida: los hogares y las escuelas, que est\u00e1n \u00edntimamente relacionados; consideramos que la responsabilidad del estado debe hacerse presente en forma clara y contundente en los establecimientos educativos y hacia all\u00ed apuntamos con esta iniciativa, porque es en las escuelas donde tambi\u00e9n se debe formar la conciencia ambiental de los ciudadanos, con medidas concretas, y que dese all\u00ed se produzca un ida y vuelta con los hogares\u201d.<\/p>\n\n\n\n<p>El proyecto prev\u00e9 acciones concretas a desarrollarse desde las escuelas:<br>a.- Reducir los impactos ambientales negativos;<br>b.- Impulsar proyectos que respondan a problem\u00e1ticas ambientales locales y estimule la formaci\u00f3n de las y los estudiantes como multiplicadores ambientales;<br>c.- Promover la creaci\u00f3n de huertas agroecol\u00f3gicas y compostaje como forma pr\u00e1ctica de inculcar conocimientos respecto de una alimentaci\u00f3n sana y saludable. Lo producido se utilizar\u00e1 en la preparaci\u00f3n de los alimentos que ofrezcan los comedores escolares;<br>d.- Implementar acciones de reducci\u00f3n, reciclado, reutilizaci\u00f3n y separaci\u00f3n de residuos en origen que las y los estudiantes puedan replicar en sus entornos familiares;<br>e.- Incorporar sistemas de abastecimiento energ\u00e9tico provenientes de fuentes de energ\u00eda renovables;<br>f.- Brindar herramientas que permitan identificar y valorizar la fauna y flora aut\u00f3ctona, y promover la plantaci\u00f3n y el cuidado de los \u00e1rboles;<br>g.- Prohibir la utilizaci\u00f3n de pl\u00e1sticos de un solo uso;<br>h.- Promover la implementaci\u00f3n de sistemas para el adecuado tratamiento y la utilizaci\u00f3n racional del agua,<br>i.- Establecer terrazas o cubiertas verdes autosustentables.<\/p>\n\n\n\n<p>\u201cCreemos que es necesario comenzar con la aplicaci\u00f3n de estos puntos, en forma paulatina, pero con objetivos planteados al corto y mediano plazo, porque la problem\u00e1tica debe abordarse ahora\u201d, concluy\u00f3.<\/p>\n<div class=\"sharedaddy sd-sharing-enabled\"><div class=\"robots-nocontent sd-block sd-social sd-social-icon sd-sharing\"><h3 class=\"sd-title\">Comparte esto:<\/h3><div class=\"sd-content\"><ul><li class=\"share-twitter\"><a rel=\"nofollow noopener noreferrer\" data-shared=\"sharing-twitter-36372\" class=\"share-twitter sd-button share-icon no-text\" href=\"http:\/\/www.rtvnoticias.com.ar\/?p=36372&amp;share=twitter\" target=\"_blank\" title=\"Haz clic para compartir en Twitter\"><span><\/span><span class=\"sharing-screen-reader-text\">Haz clic para compartir en Twitter (Se abre en una ventana nueva)<\/span><\/a><\/li><li class=\"share-facebook\"><a rel=\"nofollow noopener noreferrer\" data-shared=\"sharing-facebook-36372\" class=\"share-facebook sd-button share-icon no-text\" href=\"http:\/\/www.rtvnoticias.com.ar\/?p=36372&amp;share=facebook\" target=\"_blank\" title=\"Haz clic para compartir en Facebook\"><span><\/span><span class=\"sharing-screen-reader-text\">Haz clic para compartir en Facebook (Se abre en una ventana nueva)<\/span><\/a><\/li><li class=\"share-jetpack-whatsapp\"><a rel=\"nofollow noopener noreferrer\" data-shared=\"\" class=\"share-jetpack-whatsapp sd-button share-icon no-text\" href=\"http:\/\/www.rtvnoticias.com.ar\/?p=36372&amp;share=jetpack-whatsapp\" target=\"_blank\" title=\"Haz clic para compartir en WhatsApp\"><span><\/span><span class=\"sharing-screen-reader-text\">Haz clic para compartir en WhatsApp (Se abre en una ventana nueva)<\/span><\/a><\/li><li class=\"share-telegram\"><a rel=\"nofollow noopener noreferrer\" data-shared=\"\" class=\"share-telegram sd-button share-icon no-text\" href=\"http:\/\/www.rtvnoticias.com.ar\/?p=36372&amp;share=telegram\" target=\"_blank\" title=\"Haz clic para compartir en Telegram\"><span><\/span><span class=\"sharing-screen-reader-text\">Haz clic para compartir en Telegram (Se abre en una ventana nueva)<\/span><\/a><\/li><li class=\"share-end\"><\/li><\/ul><\/div><\/div><\/div>","protected":false},"excerpt":{"rendered":"<p>El senador Daniel Bensus\u00e1n present\u00f3 un proyecto de ley tendiente a transformar en sustentables a los establecimientos educativos de todo el pa\u00eds. Mediante la iniciativa<\/p>\n<div class=\"sharedaddy sd-sharing-enabled\"><div class=\"robots-nocontent sd-block sd-social sd-social-icon sd-sharing\"><h3 class=\"sd-title\">Comparte esto:<\/h3><div class=\"sd-content\"><ul><li class=\"share-twitter\"><a rel=\"nofollow noopener noreferrer\" data-shared=\"sharing-twitter-36372\" class=\"share-twitter sd-button share-icon no-text\" href=\"http:\/\/www.rtvnoticias.com.ar\/?p=36372&amp;share=twitter\" target=\"_blank\" title=\"Haz clic para compartir en Twitter\"><span><\/span><span class=\"sharing-screen-reader-text\">Haz clic para compartir en Twitter (Se abre en una ventana nueva)<\/span><\/a><\/li><li class=\"share-facebook\"><a rel=\"nofollow noopener noreferrer\" data-shared=\"sharing-facebook-36372\" class=\"share-facebook sd-button share-icon no-text\" href=\"http:\/\/www.rtvnoticias.com.ar\/?p=36372&amp;share=facebook\" target=\"_blank\" title=\"Haz clic para compartir en Facebook\"><span><\/span><span class=\"sharing-screen-reader-text\">Haz clic para compartir en Facebook (Se abre en una ventana nueva)<\/span><\/a><\/li><li class=\"share-jetpack-whatsapp\"><a rel=\"nofollow noopener noreferrer\" data-shared=\"\" class=\"share-jetpack-whatsapp sd-button share-icon no-text\" href=\"http:\/\/www.rtvnoticias.com.ar\/?p=36372&amp;share=jetpack-whatsapp\" target=\"_blank\" title=\"Haz clic para compartir en WhatsApp\"><span><\/span><span class=\"sharing-screen-reader-text\">Haz clic para compartir en WhatsApp (Se abre en una ventana nueva)<\/span><\/a><\/li><li class=\"share-telegram\"><a rel=\"nofollow noopener noreferrer\" data-shared=\"\" class=\"share-telegram sd-button share-icon no-text\" href=\"http:\/\/www.rtvnoticias.com.ar\/?p=36372&amp;share=telegram\" target=\"_blank\" title=\"Haz clic para compartir en Telegram\"><span><\/span><span class=\"sharing-screen-reader-text\">Haz clic para compartir en Telegram (Se abre en una ventana nueva)<\/span><\/a><\/li><li class=\"share-end\"><\/li><\/ul><\/div><\/div><\/div>","protected":false},"author":7,"featured_media":31498,"comment_status":"closed","ping_status":"closed","sticky":false,"template":"","format":"standard","meta":{"spay_email":"","jetpack_publicize_message":"","jetpack_is_tweetstorm":false,"jetpack_publicize_feature_enabled":true},"categories":[5],"tags":[],"jetpack_featured_media_url":"http:\/\/www.rtvnoticias.com.ar\/wp-content\/uploads\/2022\/04\/bensusan2.jpg","jetpack_publicize_connections":[],"jetpack_sharing_enabled":true,"_links":{"self":[{"href":"http:\/\/www.rtvnoticias.com.ar\/index.php?rest_route=\/wp\/v2\/posts\/36372"}],"collection":[{"href":"http:\/\/www.rtvnoticias.com.ar\/index.php?rest_route=\/wp\/v2\/posts"}],"about":[{"href":"http:\/\/www.rtvnoticias.com.ar\/index.php?rest_route=\/wp\/v2\/types\/post"}],"author":[{"embeddable":true,"href":"http:\/\/www.rtvnoticias.com.ar\/index.php?rest_route=\/wp\/v2\/users\/7"}],"replies":[{"embeddable":true,"href":"http:\/\/www.rtvnoticias.com.ar\/index.php?rest_route=%2Fwp%2Fv2%2Fcomments&post=36372"}],"version-history":[{"count":1,"href":"http:\/\/www.rtvnoticias.com.ar\/index.php?rest_route=\/wp\/v2\/posts\/36372\/revisions"}],"predecessor-version":[{"id":36373,"href":"http:\/\/www.rtvnoticias.com.ar\/index.php?rest_route=\/wp\/v2\/posts\/36372\/revisions\/36373"}],"wp:featuredmedia":[{"embeddable":true,"href":"http:\/\/www.rtvnoticias.com.ar\/index.php?rest_route=\/wp\/v2\/media\/31498"}],"wp:attachment":[{"href":"http:\/\/www.rtvnoticias.com.ar\/index.php?rest_route=%2Fwp%2Fv2%2Fmedia&parent=36372"}],"wp:term":[{"taxonomy":"category","embeddable":true,"href":"http:\/\/www.rtvnoticias.com.ar\/index.php?rest_route=%2Fwp%2Fv2%2Fcategories&post=36372"},{"taxonomy":"post_tag","embeddable":true,"href":"http:\/\/www.rtvnoticias.com.ar\/index.php?rest_route=%2Fwp%2Fv2%2Ftags&post=36372"}],"curies":[{"name":"wp","href":"https:\/\/api.w.org\/{rel}","templated":true}]}}