{"id":36382,"date":"2023-04-24T10:18:06","date_gmt":"2023-04-24T13:18:06","guid":{"rendered":"http:\/\/www.rtvnoticias.com.ar\/?p=36382"},"modified":"2023-04-24T11:19:59","modified_gmt":"2023-04-24T14:19:59","slug":"un-funcionario-del-ministerio-de-educacion-fue-multado-poe-el-tribunal-de-cuentas","status":"publish","type":"post","link":"http:\/\/www.rtvnoticias.com.ar\/?p=36382","title":{"rendered":"Un funcionario del Ministerio de Educaci\u00f3n fue multado por el Tribunal de Cuentas"},"content":{"rendered":"\n<p class=\"has-text-align-center\"><strong>El director General de Administraci\u00f3n Escolar de la cartera educativa, Fabi\u00e1n Ganora, tuvo que pagar $ 45.955 por \u00aberrores\u00bb en la contrataci\u00f3n de un servicio de limpieza.<\/strong><\/p>\n\n\n\n<p>El Tribunal de Cuentas mult\u00f3 a un funcionario del Ministerio de Educaci\u00f3n por irregularidades en la contrataci\u00f3n de un servicio de limpieza para un establecimiento educativo de La Pampa. El director General de Administraci\u00f3n Escolar, Fabi\u00e1n Ganora tuvo que pagar $ 45.955, equivalente al 30% del salario de la categor\u00eda 1 de la Ley 643, seg\u00fan lo dispuso la sentencia 618 del TdC.<\/p>\n\n\n\n<p>El organismo control\u00f3 el balance del mes de septiembre del 2022 del sector Habilitaci\u00f3n de Cultura y Educaci\u00f3n donde \u00abse observaron deficiencias renditivas, las que fueron advertidas y notificadas a los responsables mediante Pedidos de Antecedentes\u00bb. El pedido de explicaciones no conform\u00f3 a las autoridades del TdC, quienes aseguraron que el expediente \u00abda cuenta del apartamiento de las normas vigentes al tiempo de celebrar la contrataci\u00f3n de referencia, sin expresar fundamentaci\u00f3n alguna respecto de los interregnos existentes entre la celebraci\u00f3n de los actos, su caratulaci\u00f3n, su facturaci\u00f3n, su certificaci\u00f3n y pago\u00bb.<\/p>\n\n\n\n<p>Educaci\u00f3n contrat\u00f3 a una empresa para la limpieza del JIN N\u00ba 14 de Mauricio Mayer. El TdC \u00abobserv\u00f3 que por el mismo tramit\u00f3 en marzo de 2022 la solicitud de cotizaci\u00f3n n\u00ba 94\/2022, que fue caratulada el 08 de agosto de ese a\u00f1o; Que la misma consign\u00f3 como fecha de finalizaci\u00f3n \u00abaproximadamente hasta la finalizaci\u00f3n del ciclo escolar o hasta no superar el monto previsto en el Art\u00edculo 30 del Decreto N\u00ba 1245\/2022&#8243;; Que atento que a la fecha de efectuarse la misma reg\u00eda el Decreto N\u00ba 52\/2021, (toda vez que el Decreto N\u00ba 1245\/2022 fue publicado el 2 de mayo de ese a\u00f1o) se emiti\u00f3 el Pedido de Antecedentes N\u00ba 361 a fin de que los responsables se expresen sobre tal observaci\u00f3n, as\u00ed como respecto de los lapsos transcurridos entre los per\u00edodos de prestaci\u00f3n del servicio de limpieza, su facturaci\u00f3n y su certificaci\u00f3n a los fines del pago\u00bb.<\/p>\n\n\n\n<p>En las explicaciones, el director General de Administraci\u00f3n Escolar, Fabi\u00e1n Ganora expres\u00f3 que \u00abse ha cometido un error en el encuadre de la presente contrataci\u00f3n, debiendo la misma encuadrarse en el Decreto 52\/201. Por tal motivo, el contrato tendr\u00e1 vigencia hasta el d\u00eda 30 de noviembre y se notificar\u00e1 a la proveedora Schon\u00f6f Maribel sobre la rescisi\u00f3n del mismo en la fecha mencionada\u00bb.<\/p>\n\n\n\n<p>El 24 de octubre del a\u00f1o pasado, Ganora inform\u00f3 \u00aba la se\u00f1ora Sch\u00f6nof que procedemos a la rescisi\u00f3n del Contrato oportunamente suscripto por las partes, por haber incurrido en un error, correspondiente a la limpieza en el JIN N\u00ba 14 de Mauricio Mayer. Consecuentemente ejercemos la opci\u00f3n prevista en la cl\u00e1usula cuarta del contrato de servicios perteneciente a la solicitud de cotizaci\u00f3n N\u00ba 94\/22 (Expte N\u00ba 11900\/22), debiendo prestar servicios hasta el 30 de noviembre de 2022 inclusive\u00bb.<\/p>\n\n\n\n<p>Por esto, el TdC le aplic\u00f3 al director General de Administraci\u00f3n Escolar, Norberto Fabi\u00e1n Ganora, \u00abla sanci\u00f3n por multa con notificaci\u00f3n de las presentes actuaciones al ministro de Educaci\u00f3n, Pablo Daniel Maccione y al Contador General de la Provincia, Adri\u00e1n Garc\u00eda para que por su intermedio se ponga en conocimiento a las Habilitaciones T\u00e9cnico Contables dependientes de dicho organismo\u00bb.<\/p>\n\n\n\n<p>En la sentencia, el TdC se\u00f1al\u00f3 \u00abque resulta de sumo inter\u00e9s que la Contadur\u00eda General, en su car\u00e1cter de organismo de contralor interno de las operaciones econ\u00f3micas-financieras de la Provincia profundice sobre la situaci\u00f3n planteada, a fin de evitar que estas circunstancias impidan el cumplimiento de la normativa vigente\u00bb.<\/p>\n\n\n\n<p>Fuente: El Diario<\/p>\n<div class=\"sharedaddy sd-sharing-enabled\"><div class=\"robots-nocontent sd-block sd-social sd-social-icon sd-sharing\"><h3 class=\"sd-title\">Comparte esto:<\/h3><div class=\"sd-content\"><ul><li class=\"share-twitter\"><a rel=\"nofollow noopener noreferrer\" data-shared=\"sharing-twitter-36382\" class=\"share-twitter sd-button share-icon no-text\" href=\"http:\/\/www.rtvnoticias.com.ar\/?p=36382&amp;share=twitter\" target=\"_blank\" title=\"Haz clic para compartir en Twitter\"><span><\/span><span class=\"sharing-screen-reader-text\">Haz clic para compartir en Twitter (Se abre en una ventana nueva)<\/span><\/a><\/li><li class=\"share-facebook\"><a rel=\"nofollow noopener noreferrer\" data-shared=\"sharing-facebook-36382\" class=\"share-facebook sd-button share-icon no-text\" href=\"http:\/\/www.rtvnoticias.com.ar\/?p=36382&amp;share=facebook\" target=\"_blank\" title=\"Haz clic para compartir en Facebook\"><span><\/span><span class=\"sharing-screen-reader-text\">Haz clic para compartir en Facebook (Se abre en una ventana nueva)<\/span><\/a><\/li><li class=\"share-jetpack-whatsapp\"><a rel=\"nofollow noopener noreferrer\" data-shared=\"\" class=\"share-jetpack-whatsapp sd-button share-icon no-text\" href=\"http:\/\/www.rtvnoticias.com.ar\/?p=36382&amp;share=jetpack-whatsapp\" target=\"_blank\" title=\"Haz clic para compartir en WhatsApp\"><span><\/span><span class=\"sharing-screen-reader-text\">Haz clic para compartir en WhatsApp (Se abre en una ventana nueva)<\/span><\/a><\/li><li class=\"share-telegram\"><a rel=\"nofollow noopener noreferrer\" data-shared=\"\" class=\"share-telegram sd-button share-icon no-text\" href=\"http:\/\/www.rtvnoticias.com.ar\/?p=36382&amp;share=telegram\" target=\"_blank\" title=\"Haz clic para compartir en Telegram\"><span><\/span><span class=\"sharing-screen-reader-text\">Haz clic para compartir en Telegram (Se abre en una ventana nueva)<\/span><\/a><\/li><li class=\"share-end\"><\/li><\/ul><\/div><\/div><\/div>","protected":false},"excerpt":{"rendered":"<p>El director General de Administraci\u00f3n Escolar de la cartera educativa, Fabi\u00e1n Ganora, tuvo que pagar $ 45.955 por \u00aberrores\u00bb en la contrataci\u00f3n de un servicio<\/p>\n<div class=\"sharedaddy sd-sharing-enabled\"><div class=\"robots-nocontent sd-block sd-social sd-social-icon sd-sharing\"><h3 class=\"sd-title\">Comparte esto:<\/h3><div class=\"sd-content\"><ul><li class=\"share-twitter\"><a rel=\"nofollow noopener noreferrer\" data-shared=\"sharing-twitter-36382\" class=\"share-twitter sd-button share-icon no-text\" href=\"http:\/\/www.rtvnoticias.com.ar\/?p=36382&amp;share=twitter\" target=\"_blank\" title=\"Haz clic para compartir en Twitter\"><span><\/span><span class=\"sharing-screen-reader-text\">Haz clic para compartir en Twitter (Se abre en una ventana nueva)<\/span><\/a><\/li><li class=\"share-facebook\"><a rel=\"nofollow noopener noreferrer\" data-shared=\"sharing-facebook-36382\" class=\"share-facebook sd-button share-icon no-text\" href=\"http:\/\/www.rtvnoticias.com.ar\/?p=36382&amp;share=facebook\" target=\"_blank\" title=\"Haz clic para compartir en Facebook\"><span><\/span><span class=\"sharing-screen-reader-text\">Haz clic para compartir en Facebook (Se abre en una ventana nueva)<\/span><\/a><\/li><li class=\"share-jetpack-whatsapp\"><a rel=\"nofollow noopener noreferrer\" data-shared=\"\" class=\"share-jetpack-whatsapp sd-button share-icon no-text\" href=\"http:\/\/www.rtvnoticias.com.ar\/?p=36382&amp;share=jetpack-whatsapp\" target=\"_blank\" title=\"Haz clic para compartir en WhatsApp\"><span><\/span><span class=\"sharing-screen-reader-text\">Haz clic para compartir en WhatsApp (Se abre en una ventana nueva)<\/span><\/a><\/li><li class=\"share-telegram\"><a rel=\"nofollow noopener noreferrer\" data-shared=\"\" class=\"share-telegram sd-button share-icon no-text\" href=\"http:\/\/www.rtvnoticias.com.ar\/?p=36382&amp;share=telegram\" target=\"_blank\" title=\"Haz clic para compartir en Telegram\"><span><\/span><span class=\"sharing-screen-reader-text\">Haz clic para compartir en Telegram (Se abre en una ventana nueva)<\/span><\/a><\/li><li class=\"share-end\"><\/li><\/ul><\/div><\/div><\/div>","protected":false},"author":7,"featured_media":17038,"comment_status":"closed","ping_status":"closed","sticky":false,"template":"","format":"standard","meta":{"spay_email":"","jetpack_publicize_message":"","jetpack_is_tweetstorm":false,"jetpack_publicize_feature_enabled":true},"categories":[4],"tags":[],"jetpack_featured_media_url":"http:\/\/www.rtvnoticias.com.ar\/wp-content\/uploads\/2019\/11\/tribunal-de-cuentas-1.jpg","jetpack_publicize_connections":[],"jetpack_sharing_enabled":true,"_links":{"self":[{"href":"http:\/\/www.rtvnoticias.com.ar\/index.php?rest_route=\/wp\/v2\/posts\/36382"}],"collection":[{"href":"http:\/\/www.rtvnoticias.com.ar\/index.php?rest_route=\/wp\/v2\/posts"}],"about":[{"href":"http:\/\/www.rtvnoticias.com.ar\/index.php?rest_route=\/wp\/v2\/types\/post"}],"author":[{"embeddable":true,"href":"http:\/\/www.rtvnoticias.com.ar\/index.php?rest_route=\/wp\/v2\/users\/7"}],"replies":[{"embeddable":true,"href":"http:\/\/www.rtvnoticias.com.ar\/index.php?rest_route=%2Fwp%2Fv2%2Fcomments&post=36382"}],"version-history":[{"count":2,"href":"http:\/\/www.rtvnoticias.com.ar\/index.php?rest_route=\/wp\/v2\/posts\/36382\/revisions"}],"predecessor-version":[{"id":36390,"href":"http:\/\/www.rtvnoticias.com.ar\/index.php?rest_route=\/wp\/v2\/posts\/36382\/revisions\/36390"}],"wp:featuredmedia":[{"embeddable":true,"href":"http:\/\/www.rtvnoticias.com.ar\/index.php?rest_route=\/wp\/v2\/media\/17038"}],"wp:attachment":[{"href":"http:\/\/www.rtvnoticias.com.ar\/index.php?rest_route=%2Fwp%2Fv2%2Fmedia&parent=36382"}],"wp:term":[{"taxonomy":"category","embeddable":true,"href":"http:\/\/www.rtvnoticias.com.ar\/index.php?rest_route=%2Fwp%2Fv2%2Fcategories&post=36382"},{"taxonomy":"post_tag","embeddable":true,"href":"http:\/\/www.rtvnoticias.com.ar\/index.php?rest_route=%2Fwp%2Fv2%2Ftags&post=36382"}],"curies":[{"name":"wp","href":"https:\/\/api.w.org\/{rel}","templated":true}]}}