{"id":36393,"date":"2023-04-24T11:41:06","date_gmt":"2023-04-24T14:41:06","guid":{"rendered":"http:\/\/www.rtvnoticias.com.ar\/?p=36393"},"modified":"2023-04-24T11:41:09","modified_gmt":"2023-04-24T14:41:09","slug":"nuevo-refugio-canino-tramo-final-de-ejecucion","status":"publish","type":"post","link":"http:\/\/www.rtvnoticias.com.ar\/?p=36393","title":{"rendered":"Nuevo Refugio Canino: tramo final de ejecuci\u00f3n"},"content":{"rendered":"\n<p>La gran obra de la Municipalidad de General Pico que apunta a mejorar no solo la estad\u00eda, sino la calidad de vida de perros adultos y cachorros de nuestra ciudad, se encuentra en su tramo final de ejecuci\u00f3n y ser\u00e1 inaugurada a la brevedad. El traslado de los animales se har\u00e1 de manera paulatina, con una previa observaci\u00f3n y diagn\u00f3stico de cada ejemplar y con el acompa\u00f1amiento de especialistas en un operativo seguro y coordinado.<\/p>\n\n\n\n<p>En este sentido, el Nuevo Refugio Canino ya se encuentra en una hect\u00e1rea del campo UDEP \u201cDr. Hugo Roberto \u00c1lvarez\u201d, cedida por la UNLPam, espacio al que trasladar\u00e1n a los canes que actualmente se hallan en el predio del barrio Carlos Berg en un importante operativo seguro y en \u00f3ptimas condiciones.<\/p>\n\n\n\n<p>El proceso de adaptaci\u00f3n de los perros que actualmente viven en el viejo establecimiento, ubicado en las calles 44 y 5, a las nuevas instalaciones se est\u00e1 llevando adelante junto a un equipo de veterinarios y a un especialista en comportamiento canino.<\/p>\n\n\n\n<p>De esta manera, y desde hace un tiempo prudencial, se est\u00e1 evaluando el comportamiento de los caninos en grupos a trav\u00e9s de pruebas de convivencia de acuerdo al car\u00e1cter de cada animal.<\/p>\n\n\n\n<p>El fin del procedimiento es lograr una buena respuesta y afinidad entre quienes van a ser compa\u00f1eros en los caniles comunitarios. Para ello ya se retiraron 3 tejidos divisorios de 2 canileras del actual refugio con el objetivo de recrear las dimensiones que tendr\u00e1 el nuevo espacio y fomentar el contacto entre los canes.<\/p>\n\n\n\n<p>Cabe mencionar que la superficie que tendr\u00e1 cada nuevo canil ser\u00e1 de alrededor de 50 m\u00b2, a diferencia del viejo refugio donde los m\u00e1s grandes tienen un per\u00edmetro de 30 m\u00b2.<\/p>\n\n\n\n<p>Al finalizar el operativo de traslado, los grupos de perros establecidos de acuerdo al car\u00e1cter ser\u00e1n reevaluados, y en caso de ser necesario, los canes que no se adapten ser\u00e1n reasignados a otro grupo donde compatibilicen mejor.<\/p>\n\n\n\n<p>La \u00faltima etapa adem\u00e1s, apunta a disponer de mayor forestaci\u00f3n para el predio con el objetivo de cubrir todo el per\u00edmetro. Esta semana se plantaron tilos, entre las filas de canileras, una especie con abundante follaje, perenne, que ayuda a paliar las altas temperaturas estivales.<\/p>\n\n\n\n<p><strong>M\u00e1s infraestructura, m\u00e1s comodidad<\/strong><\/p>\n\n\n\n<p>El nuevo Refugio Canino cuenta con una hect\u00e1rea de superficie con 24 caniles \u201ccomunitarios\u201d, divididos en 4 naves, separadas por pasillos intermedios, de 5 metros de ancho, por 10 metros de largo, con techo de chapa con pendiente. Este sector cuenta con paredes de material en todo el fondo, y parte de sus laterales, el resto de las paredes ser\u00e1n de alambre romboidal, con z\u00f3calos de concreto, puertas de hierro y alambre.<\/p>\n\n\n\n<p>A diferencia del actual Refugio que posee suelo de tierra, el piso de las nuevas instalaciones tendr\u00e1 una parte de cemento donde los animales podr\u00e1n guarecerse y protegerse en caso de lluvias. Adem\u00e1s, habr\u00e1 dos tanques elevados con 8 canillas para su limpieza y riego.<\/p>\n\n\n\n<p>De la misma manera se dispondr\u00e1 de 30 caniles \u201cindividuales\u201d de 2 metros de ancho por 4 metros de largo, con las mismas caracter\u00edsticas que los anteriores.<\/p>\n\n\n\n<p>Tambi\u00e9n funcionar\u00e1 un dep\u00f3sito para herramientas, alimento y materiales de cirug\u00eda; y una oficina para el personal.<\/p>\n<div class=\"sharedaddy sd-sharing-enabled\"><div class=\"robots-nocontent sd-block sd-social sd-social-icon sd-sharing\"><h3 class=\"sd-title\">Comparte esto:<\/h3><div class=\"sd-content\"><ul><li class=\"share-twitter\"><a rel=\"nofollow noopener noreferrer\" data-shared=\"sharing-twitter-36393\" class=\"share-twitter sd-button share-icon no-text\" href=\"http:\/\/www.rtvnoticias.com.ar\/?p=36393&amp;share=twitter\" target=\"_blank\" title=\"Haz clic para compartir en Twitter\"><span><\/span><span class=\"sharing-screen-reader-text\">Haz clic para compartir en Twitter (Se abre en una ventana nueva)<\/span><\/a><\/li><li class=\"share-facebook\"><a rel=\"nofollow noopener noreferrer\" data-shared=\"sharing-facebook-36393\" class=\"share-facebook sd-button share-icon no-text\" href=\"http:\/\/www.rtvnoticias.com.ar\/?p=36393&amp;share=facebook\" target=\"_blank\" title=\"Haz clic para compartir en Facebook\"><span><\/span><span class=\"sharing-screen-reader-text\">Haz clic para compartir en Facebook (Se abre en una ventana nueva)<\/span><\/a><\/li><li class=\"share-jetpack-whatsapp\"><a rel=\"nofollow noopener noreferrer\" data-shared=\"\" class=\"share-jetpack-whatsapp sd-button share-icon no-text\" href=\"http:\/\/www.rtvnoticias.com.ar\/?p=36393&amp;share=jetpack-whatsapp\" target=\"_blank\" title=\"Haz clic para compartir en WhatsApp\"><span><\/span><span class=\"sharing-screen-reader-text\">Haz clic para compartir en WhatsApp (Se abre en una ventana nueva)<\/span><\/a><\/li><li class=\"share-telegram\"><a rel=\"nofollow noopener noreferrer\" data-shared=\"\" class=\"share-telegram sd-button share-icon no-text\" href=\"http:\/\/www.rtvnoticias.com.ar\/?p=36393&amp;share=telegram\" target=\"_blank\" title=\"Haz clic para compartir en Telegram\"><span><\/span><span class=\"sharing-screen-reader-text\">Haz clic para compartir en Telegram (Se abre en una ventana nueva)<\/span><\/a><\/li><li class=\"share-end\"><\/li><\/ul><\/div><\/div><\/div>","protected":false},"excerpt":{"rendered":"<p>La gran obra de la Municipalidad de General Pico que apunta a mejorar no solo la estad\u00eda, sino la calidad de vida de perros adultos<\/p>\n<div class=\"sharedaddy sd-sharing-enabled\"><div class=\"robots-nocontent sd-block sd-social sd-social-icon sd-sharing\"><h3 class=\"sd-title\">Comparte esto:<\/h3><div class=\"sd-content\"><ul><li class=\"share-twitter\"><a rel=\"nofollow noopener noreferrer\" data-shared=\"sharing-twitter-36393\" class=\"share-twitter sd-button share-icon no-text\" href=\"http:\/\/www.rtvnoticias.com.ar\/?p=36393&amp;share=twitter\" target=\"_blank\" title=\"Haz clic para compartir en Twitter\"><span><\/span><span class=\"sharing-screen-reader-text\">Haz clic para compartir en Twitter (Se abre en una ventana nueva)<\/span><\/a><\/li><li class=\"share-facebook\"><a rel=\"nofollow noopener noreferrer\" data-shared=\"sharing-facebook-36393\" class=\"share-facebook sd-button share-icon no-text\" href=\"http:\/\/www.rtvnoticias.com.ar\/?p=36393&amp;share=facebook\" target=\"_blank\" title=\"Haz clic para compartir en Facebook\"><span><\/span><span class=\"sharing-screen-reader-text\">Haz clic para compartir en Facebook (Se abre en una ventana nueva)<\/span><\/a><\/li><li class=\"share-jetpack-whatsapp\"><a rel=\"nofollow noopener noreferrer\" data-shared=\"\" class=\"share-jetpack-whatsapp sd-button share-icon no-text\" href=\"http:\/\/www.rtvnoticias.com.ar\/?p=36393&amp;share=jetpack-whatsapp\" target=\"_blank\" title=\"Haz clic para compartir en WhatsApp\"><span><\/span><span class=\"sharing-screen-reader-text\">Haz clic para compartir en WhatsApp (Se abre en una ventana nueva)<\/span><\/a><\/li><li class=\"share-telegram\"><a rel=\"nofollow noopener noreferrer\" data-shared=\"\" class=\"share-telegram sd-button share-icon no-text\" href=\"http:\/\/www.rtvnoticias.com.ar\/?p=36393&amp;share=telegram\" target=\"_blank\" title=\"Haz clic para compartir en Telegram\"><span><\/span><span class=\"sharing-screen-reader-text\">Haz clic para compartir en Telegram (Se abre en una ventana nueva)<\/span><\/a><\/li><li class=\"share-end\"><\/li><\/ul><\/div><\/div><\/div>","protected":false},"author":7,"featured_media":36394,"comment_status":"closed","ping_status":"closed","sticky":false,"template":"","format":"standard","meta":{"spay_email":"","jetpack_publicize_message":"","jetpack_is_tweetstorm":false,"jetpack_publicize_feature_enabled":true},"categories":[3],"tags":[],"jetpack_featured_media_url":"http:\/\/www.rtvnoticias.com.ar\/wp-content\/uploads\/2023\/04\/Refugio-canino-4.jpeg","jetpack_publicize_connections":[],"jetpack_sharing_enabled":true,"_links":{"self":[{"href":"http:\/\/www.rtvnoticias.com.ar\/index.php?rest_route=\/wp\/v2\/posts\/36393"}],"collection":[{"href":"http:\/\/www.rtvnoticias.com.ar\/index.php?rest_route=\/wp\/v2\/posts"}],"about":[{"href":"http:\/\/www.rtvnoticias.com.ar\/index.php?rest_route=\/wp\/v2\/types\/post"}],"author":[{"embeddable":true,"href":"http:\/\/www.rtvnoticias.com.ar\/index.php?rest_route=\/wp\/v2\/users\/7"}],"replies":[{"embeddable":true,"href":"http:\/\/www.rtvnoticias.com.ar\/index.php?rest_route=%2Fwp%2Fv2%2Fcomments&post=36393"}],"version-history":[{"count":1,"href":"http:\/\/www.rtvnoticias.com.ar\/index.php?rest_route=\/wp\/v2\/posts\/36393\/revisions"}],"predecessor-version":[{"id":36395,"href":"http:\/\/www.rtvnoticias.com.ar\/index.php?rest_route=\/wp\/v2\/posts\/36393\/revisions\/36395"}],"wp:featuredmedia":[{"embeddable":true,"href":"http:\/\/www.rtvnoticias.com.ar\/index.php?rest_route=\/wp\/v2\/media\/36394"}],"wp:attachment":[{"href":"http:\/\/www.rtvnoticias.com.ar\/index.php?rest_route=%2Fwp%2Fv2%2Fmedia&parent=36393"}],"wp:term":[{"taxonomy":"category","embeddable":true,"href":"http:\/\/www.rtvnoticias.com.ar\/index.php?rest_route=%2Fwp%2Fv2%2Fcategories&post=36393"},{"taxonomy":"post_tag","embeddable":true,"href":"http:\/\/www.rtvnoticias.com.ar\/index.php?rest_route=%2Fwp%2Fv2%2Ftags&post=36393"}],"curies":[{"name":"wp","href":"https:\/\/api.w.org\/{rel}","templated":true}]}}