{"id":36396,"date":"2023-04-24T12:01:13","date_gmt":"2023-04-24T15:01:13","guid":{"rendered":"http:\/\/www.rtvnoticias.com.ar\/?p=36396"},"modified":"2023-04-24T12:01:16","modified_gmt":"2023-04-24T15:01:16","slug":"elecciones-ya-esta-disponible-el-padron-con-los-lugares-y-las-mesas-de-votacion","status":"publish","type":"post","link":"http:\/\/www.rtvnoticias.com.ar\/?p=36396","title":{"rendered":"Elecciones: Ya est\u00e1 disponible el padr\u00f3n, con los lugares y las mesas de votaci\u00f3n"},"content":{"rendered":"\n<p>El padr\u00f3n definitivo, con los lugares y las mesas de votaci\u00f3n, para las elecciones provinciales del 14 de mayo. ya est\u00e1 disponible en la p\u00e1gina web del Tribunal Electoral de la Provincia de La Pampa (<strong><a href=\"https:\/\/trielectorallapampa.gob.ar\/\" target=\"_blank\" rel=\"noreferrer noopener\">https:\/\/trielectorallapampa.gob.ar\/<\/a><\/strong>).<\/p>\n\n\n\n<p>All\u00ed, en el \u00edcono \u201cconsulta padr\u00f3n definitivo elecciones&nbsp;generales\u201d, que aparece como un acceso directo, cada elector\/a puede ingresar y ver el establecimiento, la mesa y el n\u00famero de orden donde votar\u00e1. Solamente debe informar previamente su documento de identidad, el sexo y un c\u00f3digo de validaci\u00f3n para acceder a esa informaci\u00f3n.<\/p>\n\n\n\n<p>En los comicios de mayo est\u00e1n habilitadas para emitir el sufragio 298.050 personas en las 889 mesas distribuidas en toda la provincia.<\/p>\n\n\n\n<p>En estas elecciones se elegir\u00e1n 925 cargos, entre titulares y suplentes, distribuidos as\u00ed: dos para gobernador y vicegobernadora; 40 para diputados\/as; 61 para intendentes\/as, 519 para concejales\/as, 18 para presidentes\/as de comisiones de fomento, 90 para vocales y 195 para jueces y juezas de paz. Para ocuparlos se postular\u00e1n 2.214 candidatos de 17 fuerzas pol\u00edticas.<\/p>\n\n\n\n<p>A su vez ser\u00e1 la primera vez que, en una elecci\u00f3n general, regir\u00e1 en La Pampa la ley 3259 que garantiza la paridad de g\u00e9nero en las candidaturas a cargos p\u00fablicos electivos, tanto en el orden provincial como en el municipal y en las comisiones de fomento.<\/p>\n\n\n\n<p>Ese texto especifica que las listas tendr\u00e1n que exhibir una \u201cparticipaci\u00f3n equitativa entre mujeres y varones\u201d y que \u201cdeber\u00e1n conformarse en su totalidad ubicando de manera intercalada a mujeres y varones\u201d. Por ello el TEP tuvo que realizar un pormenorizado an\u00e1lisis de esa informaci\u00f3n antes de oficializar las boletas.<\/p>\n\n\n\n<p>La otra novedad ser\u00e1 que, tambi\u00e9n por primera vez, se elegir\u00e1n autoridades para el Juzgado de Paz de Pichi Huinca, que fue creado en 2021 y se convirti\u00f3 en el 65\u00b0 juzgado de paz de La Pampa.<\/p>\n<div class=\"sharedaddy sd-sharing-enabled\"><div class=\"robots-nocontent sd-block sd-social sd-social-icon sd-sharing\"><h3 class=\"sd-title\">Comparte esto:<\/h3><div class=\"sd-content\"><ul><li class=\"share-twitter\"><a rel=\"nofollow noopener noreferrer\" data-shared=\"sharing-twitter-36396\" class=\"share-twitter sd-button share-icon no-text\" href=\"http:\/\/www.rtvnoticias.com.ar\/?p=36396&amp;share=twitter\" target=\"_blank\" title=\"Haz clic para compartir en Twitter\"><span><\/span><span class=\"sharing-screen-reader-text\">Haz clic para compartir en Twitter (Se abre en una ventana nueva)<\/span><\/a><\/li><li class=\"share-facebook\"><a rel=\"nofollow noopener noreferrer\" data-shared=\"sharing-facebook-36396\" class=\"share-facebook sd-button share-icon no-text\" href=\"http:\/\/www.rtvnoticias.com.ar\/?p=36396&amp;share=facebook\" target=\"_blank\" title=\"Haz clic para compartir en Facebook\"><span><\/span><span class=\"sharing-screen-reader-text\">Haz clic para compartir en Facebook (Se abre en una ventana nueva)<\/span><\/a><\/li><li class=\"share-jetpack-whatsapp\"><a rel=\"nofollow noopener noreferrer\" data-shared=\"\" class=\"share-jetpack-whatsapp sd-button share-icon no-text\" href=\"http:\/\/www.rtvnoticias.com.ar\/?p=36396&amp;share=jetpack-whatsapp\" target=\"_blank\" title=\"Haz clic para compartir en WhatsApp\"><span><\/span><span class=\"sharing-screen-reader-text\">Haz clic para compartir en WhatsApp (Se abre en una ventana nueva)<\/span><\/a><\/li><li class=\"share-telegram\"><a rel=\"nofollow noopener noreferrer\" data-shared=\"\" class=\"share-telegram sd-button share-icon no-text\" href=\"http:\/\/www.rtvnoticias.com.ar\/?p=36396&amp;share=telegram\" target=\"_blank\" title=\"Haz clic para compartir en Telegram\"><span><\/span><span class=\"sharing-screen-reader-text\">Haz clic para compartir en Telegram (Se abre en una ventana nueva)<\/span><\/a><\/li><li class=\"share-end\"><\/li><\/ul><\/div><\/div><\/div>","protected":false},"excerpt":{"rendered":"<p>El padr\u00f3n definitivo, con los lugares y las mesas de votaci\u00f3n, para las elecciones provinciales del 14 de mayo. ya est\u00e1 disponible en la p\u00e1gina<\/p>\n<div class=\"sharedaddy sd-sharing-enabled\"><div class=\"robots-nocontent sd-block sd-social sd-social-icon sd-sharing\"><h3 class=\"sd-title\">Comparte esto:<\/h3><div class=\"sd-content\"><ul><li class=\"share-twitter\"><a rel=\"nofollow noopener noreferrer\" data-shared=\"sharing-twitter-36396\" class=\"share-twitter sd-button share-icon no-text\" href=\"http:\/\/www.rtvnoticias.com.ar\/?p=36396&amp;share=twitter\" target=\"_blank\" title=\"Haz clic para compartir en Twitter\"><span><\/span><span class=\"sharing-screen-reader-text\">Haz clic para compartir en Twitter (Se abre en una ventana nueva)<\/span><\/a><\/li><li class=\"share-facebook\"><a rel=\"nofollow noopener noreferrer\" data-shared=\"sharing-facebook-36396\" class=\"share-facebook sd-button share-icon no-text\" href=\"http:\/\/www.rtvnoticias.com.ar\/?p=36396&amp;share=facebook\" target=\"_blank\" title=\"Haz clic para compartir en Facebook\"><span><\/span><span class=\"sharing-screen-reader-text\">Haz clic para compartir en Facebook (Se abre en una ventana nueva)<\/span><\/a><\/li><li class=\"share-jetpack-whatsapp\"><a rel=\"nofollow noopener noreferrer\" data-shared=\"\" class=\"share-jetpack-whatsapp sd-button share-icon no-text\" href=\"http:\/\/www.rtvnoticias.com.ar\/?p=36396&amp;share=jetpack-whatsapp\" target=\"_blank\" title=\"Haz clic para compartir en WhatsApp\"><span><\/span><span class=\"sharing-screen-reader-text\">Haz clic para compartir en WhatsApp (Se abre en una ventana nueva)<\/span><\/a><\/li><li class=\"share-telegram\"><a rel=\"nofollow noopener noreferrer\" data-shared=\"\" class=\"share-telegram sd-button share-icon no-text\" href=\"http:\/\/www.rtvnoticias.com.ar\/?p=36396&amp;share=telegram\" target=\"_blank\" title=\"Haz clic para compartir en Telegram\"><span><\/span><span class=\"sharing-screen-reader-text\">Haz clic para compartir en Telegram (Se abre en una ventana nueva)<\/span><\/a><\/li><li class=\"share-end\"><\/li><\/ul><\/div><\/div><\/div>","protected":false},"author":7,"featured_media":29706,"comment_status":"closed","ping_status":"closed","sticky":false,"template":"","format":"standard","meta":{"spay_email":"","jetpack_publicize_message":"","jetpack_is_tweetstorm":false,"jetpack_publicize_feature_enabled":true},"categories":[4],"tags":[],"jetpack_featured_media_url":"http:\/\/www.rtvnoticias.com.ar\/wp-content\/uploads\/2021\/11\/voto1.jpg","jetpack_publicize_connections":[],"jetpack_sharing_enabled":true,"_links":{"self":[{"href":"http:\/\/www.rtvnoticias.com.ar\/index.php?rest_route=\/wp\/v2\/posts\/36396"}],"collection":[{"href":"http:\/\/www.rtvnoticias.com.ar\/index.php?rest_route=\/wp\/v2\/posts"}],"about":[{"href":"http:\/\/www.rtvnoticias.com.ar\/index.php?rest_route=\/wp\/v2\/types\/post"}],"author":[{"embeddable":true,"href":"http:\/\/www.rtvnoticias.com.ar\/index.php?rest_route=\/wp\/v2\/users\/7"}],"replies":[{"embeddable":true,"href":"http:\/\/www.rtvnoticias.com.ar\/index.php?rest_route=%2Fwp%2Fv2%2Fcomments&post=36396"}],"version-history":[{"count":2,"href":"http:\/\/www.rtvnoticias.com.ar\/index.php?rest_route=\/wp\/v2\/posts\/36396\/revisions"}],"predecessor-version":[{"id":36402,"href":"http:\/\/www.rtvnoticias.com.ar\/index.php?rest_route=\/wp\/v2\/posts\/36396\/revisions\/36402"}],"wp:featuredmedia":[{"embeddable":true,"href":"http:\/\/www.rtvnoticias.com.ar\/index.php?rest_route=\/wp\/v2\/media\/29706"}],"wp:attachment":[{"href":"http:\/\/www.rtvnoticias.com.ar\/index.php?rest_route=%2Fwp%2Fv2%2Fmedia&parent=36396"}],"wp:term":[{"taxonomy":"category","embeddable":true,"href":"http:\/\/www.rtvnoticias.com.ar\/index.php?rest_route=%2Fwp%2Fv2%2Fcategories&post=36396"},{"taxonomy":"post_tag","embeddable":true,"href":"http:\/\/www.rtvnoticias.com.ar\/index.php?rest_route=%2Fwp%2Fv2%2Ftags&post=36396"}],"curies":[{"name":"wp","href":"https:\/\/api.w.org\/{rel}","templated":true}]}}