{"id":36403,"date":"2023-04-25T09:19:46","date_gmt":"2023-04-25T12:19:46","guid":{"rendered":"http:\/\/www.rtvnoticias.com.ar\/?p=36403"},"modified":"2023-04-25T09:19:50","modified_gmt":"2023-04-25T12:19:50","slug":"educacion-justicia-alumnos-del-colegio-secundario-agropecuario-de-arata-presenciaron-un-debate-publico-en-general-pico","status":"publish","type":"post","link":"http:\/\/www.rtvnoticias.com.ar\/?p=36403","title":{"rendered":"Educaci\u00f3n + Justicia: alumnos del Colegio Secundario Agropecuario de Arata presenciaron un debate p\u00fablico en General Pico."},"content":{"rendered":"\n<p>Estudiantes de 6to a\u00f1o del Colegio Secundario Agropecuario de Arata presenciaron un debate oral y p\u00fablico en una causa sobre homicidio simple que se desarroll\u00f3 en el Edificio Judicial de la ciudad de General Pico.<\/p>\n\n\n\n<p>La audiencia de juicio estuvo coordinada por un tribunal colegiado compuesto por los jueces de audiencia de juicio Marcelo Pagano- presidente del tribunal-, Mar\u00eda Jos\u00e9 Gianinetto y&nbsp;&nbsp;Federico Pellegrino.<\/p>\n\n\n\n<p>Intervinieron por la fiscal\u00eda, el fiscal Guillermo Komarosky y el prosecretario Francisco Trucco. En representaci\u00f3n de los padres de la v\u00edctima particip\u00f3 el letrado Mariano S\u00e1nchez como querellante particular y en representaci\u00f3n del acusado \u2013&nbsp;Ulises Iv\u00e1n Medero- lo hizo el defensor particular Norberto Paesani.<\/p>\n\n\n\n<p>Los diecisiete estudiantes estuvieron acompa\u00f1ados por Mariela Bailo y Norverto Gervasone, docentes de las materias de Construcci\u00f3n de la Ciudadan\u00eda y Biolog\u00eda respectivamente.<\/p>\n\n\n\n<p>Luego de la audiencia, los alumnos realizaron una visita guiada por el Edificio Judicial.<\/p>\n\n\n\n<p>La actividad se realiz\u00f3 en el marco del programa&nbsp;\u201cEducaci\u00f3n + Justicia\u201d&nbsp;del Superior Tribunal de Justicia provincial, que ofrece varias opciones pedag\u00f3gicas. La principal es la de promover que los j\u00f3venes de 16 a\u00f1os o m\u00e1s \u2013una exigencia del C\u00f3digo Procesal Penal de La Pampa\u2013 asistan a presenciar juicios orales en los tribunales de Santa Rosa, General Pico, Victorica y General Acha, las&nbsp;&nbsp;ciudades de la provincia donde se realizan ese tipo de audiencias.<\/p>\n\n\n\n<p>Esta iniciativa cuenta con el respaldo del Ministerio de Educaci\u00f3n y&nbsp;&nbsp;la C\u00e1mara de Diputados lo declar\u00f3 de inter\u00e9s legislativo.&nbsp;Adem\u00e1s de la concurrencia a juicios orales, la iniciativa incluye las siguientes ofertas pedag\u00f3gicas:<\/p>\n\n\n\n<ul><li>Organizaci\u00f3n de un&nbsp; simulacro de juicios, a cargo de los propios alumnos, con asesoramiento y tutor\u00edas de jueces, fiscales y defensores.<\/li><li>Visitas guiadas para alumnos primarios y secundarios, menores de 16 a\u00f1os, al Centro Judicial de Santa Rosa y al Edificio Judicial de General Pico.<\/li><li>Charlas de funcionarios judiciales en colegios secundarios.<\/li><\/ul>\n\n\n\n<p>Las escuelas que est\u00e9n interesadas en participar del programa pueden contactarse con la Oficina de Comunicaci\u00f3n Institucional en General Pico al 02302-325868 (mail:&nbsp;<a rel=\"noreferrer noopener\" href=\"mailto:mcerutti@juslapampa.gob.ar\" target=\"_blank\">mcerutti@juslapampa.gob.ar<\/a>&nbsp;) y en Santa Rosa a los tel\u00e9fonos 02954-451810 y 02954-15551189 (mail:&nbsp;<a rel=\"noreferrer noopener\" href=\"mailto:PrensaSTJ@lapampa.gob.ar\" target=\"_blank\">PrensaSTJ@lapampa.gob.ar<\/a>&nbsp;o&nbsp;prensa@juslapampa.gob.ar).<\/p>\n<div class=\"sharedaddy sd-sharing-enabled\"><div class=\"robots-nocontent sd-block sd-social sd-social-icon sd-sharing\"><h3 class=\"sd-title\">Comparte esto:<\/h3><div class=\"sd-content\"><ul><li class=\"share-twitter\"><a rel=\"nofollow noopener noreferrer\" data-shared=\"sharing-twitter-36403\" class=\"share-twitter sd-button share-icon no-text\" href=\"http:\/\/www.rtvnoticias.com.ar\/?p=36403&amp;share=twitter\" target=\"_blank\" title=\"Haz clic para compartir en Twitter\"><span><\/span><span class=\"sharing-screen-reader-text\">Haz clic para compartir en Twitter (Se abre en una ventana nueva)<\/span><\/a><\/li><li class=\"share-facebook\"><a rel=\"nofollow noopener noreferrer\" data-shared=\"sharing-facebook-36403\" class=\"share-facebook sd-button share-icon no-text\" href=\"http:\/\/www.rtvnoticias.com.ar\/?p=36403&amp;share=facebook\" target=\"_blank\" title=\"Haz clic para compartir en Facebook\"><span><\/span><span class=\"sharing-screen-reader-text\">Haz clic para compartir en Facebook (Se abre en una ventana nueva)<\/span><\/a><\/li><li class=\"share-jetpack-whatsapp\"><a rel=\"nofollow noopener noreferrer\" data-shared=\"\" class=\"share-jetpack-whatsapp sd-button share-icon no-text\" href=\"http:\/\/www.rtvnoticias.com.ar\/?p=36403&amp;share=jetpack-whatsapp\" target=\"_blank\" title=\"Haz clic para compartir en WhatsApp\"><span><\/span><span class=\"sharing-screen-reader-text\">Haz clic para compartir en WhatsApp (Se abre en una ventana nueva)<\/span><\/a><\/li><li class=\"share-telegram\"><a rel=\"nofollow noopener noreferrer\" data-shared=\"\" class=\"share-telegram sd-button share-icon no-text\" href=\"http:\/\/www.rtvnoticias.com.ar\/?p=36403&amp;share=telegram\" target=\"_blank\" title=\"Haz clic para compartir en Telegram\"><span><\/span><span class=\"sharing-screen-reader-text\">Haz clic para compartir en Telegram (Se abre en una ventana nueva)<\/span><\/a><\/li><li class=\"share-end\"><\/li><\/ul><\/div><\/div><\/div>","protected":false},"excerpt":{"rendered":"<p>Estudiantes de 6to a\u00f1o del Colegio Secundario Agropecuario de Arata presenciaron un debate oral y p\u00fablico en una causa sobre homicidio simple que se desarroll\u00f3<\/p>\n<div class=\"sharedaddy sd-sharing-enabled\"><div class=\"robots-nocontent sd-block sd-social sd-social-icon sd-sharing\"><h3 class=\"sd-title\">Comparte esto:<\/h3><div class=\"sd-content\"><ul><li class=\"share-twitter\"><a rel=\"nofollow noopener noreferrer\" data-shared=\"sharing-twitter-36403\" class=\"share-twitter sd-button share-icon no-text\" href=\"http:\/\/www.rtvnoticias.com.ar\/?p=36403&amp;share=twitter\" target=\"_blank\" title=\"Haz clic para compartir en Twitter\"><span><\/span><span class=\"sharing-screen-reader-text\">Haz clic para compartir en Twitter (Se abre en una ventana nueva)<\/span><\/a><\/li><li class=\"share-facebook\"><a rel=\"nofollow noopener noreferrer\" data-shared=\"sharing-facebook-36403\" class=\"share-facebook sd-button share-icon no-text\" href=\"http:\/\/www.rtvnoticias.com.ar\/?p=36403&amp;share=facebook\" target=\"_blank\" title=\"Haz clic para compartir en Facebook\"><span><\/span><span class=\"sharing-screen-reader-text\">Haz clic para compartir en Facebook (Se abre en una ventana nueva)<\/span><\/a><\/li><li class=\"share-jetpack-whatsapp\"><a rel=\"nofollow noopener noreferrer\" data-shared=\"\" class=\"share-jetpack-whatsapp sd-button share-icon no-text\" href=\"http:\/\/www.rtvnoticias.com.ar\/?p=36403&amp;share=jetpack-whatsapp\" target=\"_blank\" title=\"Haz clic para compartir en WhatsApp\"><span><\/span><span class=\"sharing-screen-reader-text\">Haz clic para compartir en WhatsApp (Se abre en una ventana nueva)<\/span><\/a><\/li><li class=\"share-telegram\"><a rel=\"nofollow noopener noreferrer\" data-shared=\"\" class=\"share-telegram sd-button share-icon no-text\" href=\"http:\/\/www.rtvnoticias.com.ar\/?p=36403&amp;share=telegram\" target=\"_blank\" title=\"Haz clic para compartir en Telegram\"><span><\/span><span class=\"sharing-screen-reader-text\">Haz clic para compartir en Telegram (Se abre en una ventana nueva)<\/span><\/a><\/li><li class=\"share-end\"><\/li><\/ul><\/div><\/div><\/div>","protected":false},"author":7,"featured_media":36404,"comment_status":"closed","ping_status":"closed","sticky":false,"template":"","format":"standard","meta":{"spay_email":"","jetpack_publicize_message":"","jetpack_is_tweetstorm":false,"jetpack_publicize_feature_enabled":true},"categories":[4],"tags":[],"jetpack_featured_media_url":"http:\/\/www.rtvnoticias.com.ar\/wp-content\/uploads\/2023\/04\/arata-colegio-audiencia.jpg","jetpack_publicize_connections":[],"jetpack_sharing_enabled":true,"_links":{"self":[{"href":"http:\/\/www.rtvnoticias.com.ar\/index.php?rest_route=\/wp\/v2\/posts\/36403"}],"collection":[{"href":"http:\/\/www.rtvnoticias.com.ar\/index.php?rest_route=\/wp\/v2\/posts"}],"about":[{"href":"http:\/\/www.rtvnoticias.com.ar\/index.php?rest_route=\/wp\/v2\/types\/post"}],"author":[{"embeddable":true,"href":"http:\/\/www.rtvnoticias.com.ar\/index.php?rest_route=\/wp\/v2\/users\/7"}],"replies":[{"embeddable":true,"href":"http:\/\/www.rtvnoticias.com.ar\/index.php?rest_route=%2Fwp%2Fv2%2Fcomments&post=36403"}],"version-history":[{"count":1,"href":"http:\/\/www.rtvnoticias.com.ar\/index.php?rest_route=\/wp\/v2\/posts\/36403\/revisions"}],"predecessor-version":[{"id":36405,"href":"http:\/\/www.rtvnoticias.com.ar\/index.php?rest_route=\/wp\/v2\/posts\/36403\/revisions\/36405"}],"wp:featuredmedia":[{"embeddable":true,"href":"http:\/\/www.rtvnoticias.com.ar\/index.php?rest_route=\/wp\/v2\/media\/36404"}],"wp:attachment":[{"href":"http:\/\/www.rtvnoticias.com.ar\/index.php?rest_route=%2Fwp%2Fv2%2Fmedia&parent=36403"}],"wp:term":[{"taxonomy":"category","embeddable":true,"href":"http:\/\/www.rtvnoticias.com.ar\/index.php?rest_route=%2Fwp%2Fv2%2Fcategories&post=36403"},{"taxonomy":"post_tag","embeddable":true,"href":"http:\/\/www.rtvnoticias.com.ar\/index.php?rest_route=%2Fwp%2Fv2%2Ftags&post=36403"}],"curies":[{"name":"wp","href":"https:\/\/api.w.org\/{rel}","templated":true}]}}