{"id":36409,"date":"2023-04-25T10:14:25","date_gmt":"2023-04-25T13:14:25","guid":{"rendered":"http:\/\/www.rtvnoticias.com.ar\/?p=36409"},"modified":"2023-04-25T10:14:28","modified_gmt":"2023-04-25T13:14:28","slug":"hoy-se-proyectara-el-documental-los-medios-de-la-guerra","status":"publish","type":"post","link":"http:\/\/www.rtvnoticias.com.ar\/?p=36409","title":{"rendered":"Hoy se proyectar\u00e1 el documental \u00abLos medios de la Guerra\u00bb"},"content":{"rendered":"\n<p>En la Asociaci\u00f3n Veteranos de Guerra de Malvinas \u201cAlberto Amesgaray\u201d, la Municipalidad de General Pico, a trav\u00e9s del programa Cabildo XXI, anunci\u00f3 la proyecci\u00f3n del documental \u201cLos medios de la Guerra\u201d. La producci\u00f3n audiovisual podr\u00e1 observarse este martes 25 en Medano.<\/p>\n\n\n\n<p>La proyecci\u00f3n se dar\u00e1 en distintos horarios, comenzando a las 9 y luego a las 15 para colegios secundarios, mientras que el p\u00fablico en general tendr\u00e1 la oportunidad de asistir a las 20.<\/p>\n\n\n\n<p>Participaron de la conferencia de prensa el secretario de Gobierno, Seguridad, Educaci\u00f3n y Cultura, Nicol\u00e1s Mendoza; la coordinadora del programa Cabildo XXI, Gabriela Ram\u00edrez; el presidente de la asociaci\u00f3n malvinense, Jorge Gait\u00e1n y Adriana Cerda, delegada del Ministerio de Educaci\u00f3n zona Norte.<\/p>\n\n\n\n<p>En torno a la actividad, Mendoza apunt\u00f3: \u201cSiempre es de inter\u00e9s reforzar el significado hist\u00f3rico de este acontecimiento, manteniendo su vigencia porque como trasfondo hay un tema que lo atraviesa, que es la soberan\u00eda. Esto se tiene que llevar como pol\u00edtica de Estado, como bandera pol\u00edtica y por ello es necesario trabajarlo con la juventudes\u201d.<\/p>\n\n\n\n<p>Ram\u00edrez se refiri\u00f3 a la propuesta en cuesti\u00f3n: \u201cLa idea de ello seguir malvinizando junto al Ministerio, llegando a todos los colegios para que los chicos reflexionen c\u00f3mo se trat\u00f3 la Guerra de Malvinas desde los medios. Las y los estudiantes podr\u00e1n analizar la forma en qu\u00e9 se cubri\u00f3, con qu\u00e9 mensajes regresaron o las prohibiciones que tuvieron los que all\u00ed trabajaron\u201d.<\/p>\n\n\n\n<p>Adem\u00e1s, inst\u00f3 a que \u201cno nos quedemos solamente en el 2 de abril, sino que la idea es que podamos trabajar la tem\u00e1tica durante el resto del a\u00f1o\u201d.<\/p>\n\n\n\n<p>Por su parte, Gait\u00e1n manifest\u00f3: \u201cEsta instituci\u00f3n sigue trabajando para malvinizar y muchas veces nosotros nos quedamos encapsulados en lo que fue el conflicto de Malvinas en cuestiones personales, pero tambi\u00e9n hemos recuperado un documental que habla del trabajo del periodismo en la Guerra\u201d.<\/p>\n\n\n\n<p>Sobre la iniciativa que se desarrollar\u00e1 ma\u00f1ana, indic\u00f3 que \u201cel documento se lo presentamos a Cerda el a\u00f1o pasado y a partir de ah\u00ed, junto con Nicol\u00e1s y Gabriela, comenzamos a trabajar para presentarlo en Medano\u201d.<\/p>\n<div class=\"sharedaddy sd-sharing-enabled\"><div class=\"robots-nocontent sd-block sd-social sd-social-icon sd-sharing\"><h3 class=\"sd-title\">Comparte esto:<\/h3><div class=\"sd-content\"><ul><li class=\"share-twitter\"><a rel=\"nofollow noopener noreferrer\" data-shared=\"sharing-twitter-36409\" class=\"share-twitter sd-button share-icon no-text\" href=\"http:\/\/www.rtvnoticias.com.ar\/?p=36409&amp;share=twitter\" target=\"_blank\" title=\"Haz clic para compartir en Twitter\"><span><\/span><span class=\"sharing-screen-reader-text\">Haz clic para compartir en Twitter (Se abre en una ventana nueva)<\/span><\/a><\/li><li class=\"share-facebook\"><a rel=\"nofollow noopener noreferrer\" data-shared=\"sharing-facebook-36409\" class=\"share-facebook sd-button share-icon no-text\" href=\"http:\/\/www.rtvnoticias.com.ar\/?p=36409&amp;share=facebook\" target=\"_blank\" title=\"Haz clic para compartir en Facebook\"><span><\/span><span class=\"sharing-screen-reader-text\">Haz clic para compartir en Facebook (Se abre en una ventana nueva)<\/span><\/a><\/li><li class=\"share-jetpack-whatsapp\"><a rel=\"nofollow noopener noreferrer\" data-shared=\"\" class=\"share-jetpack-whatsapp sd-button share-icon no-text\" href=\"http:\/\/www.rtvnoticias.com.ar\/?p=36409&amp;share=jetpack-whatsapp\" target=\"_blank\" title=\"Haz clic para compartir en WhatsApp\"><span><\/span><span class=\"sharing-screen-reader-text\">Haz clic para compartir en WhatsApp (Se abre en una ventana nueva)<\/span><\/a><\/li><li class=\"share-telegram\"><a rel=\"nofollow noopener noreferrer\" data-shared=\"\" class=\"share-telegram sd-button share-icon no-text\" href=\"http:\/\/www.rtvnoticias.com.ar\/?p=36409&amp;share=telegram\" target=\"_blank\" title=\"Haz clic para compartir en Telegram\"><span><\/span><span class=\"sharing-screen-reader-text\">Haz clic para compartir en Telegram (Se abre en una ventana nueva)<\/span><\/a><\/li><li class=\"share-end\"><\/li><\/ul><\/div><\/div><\/div>","protected":false},"excerpt":{"rendered":"<p>En la Asociaci\u00f3n Veteranos de Guerra de Malvinas \u201cAlberto Amesgaray\u201d, la Municipalidad de General Pico, a trav\u00e9s del programa Cabildo XXI, anunci\u00f3 la proyecci\u00f3n del<\/p>\n<div class=\"sharedaddy sd-sharing-enabled\"><div class=\"robots-nocontent sd-block sd-social sd-social-icon sd-sharing\"><h3 class=\"sd-title\">Comparte esto:<\/h3><div class=\"sd-content\"><ul><li class=\"share-twitter\"><a rel=\"nofollow noopener noreferrer\" data-shared=\"sharing-twitter-36409\" class=\"share-twitter sd-button share-icon no-text\" href=\"http:\/\/www.rtvnoticias.com.ar\/?p=36409&amp;share=twitter\" target=\"_blank\" title=\"Haz clic para compartir en Twitter\"><span><\/span><span class=\"sharing-screen-reader-text\">Haz clic para compartir en Twitter (Se abre en una ventana nueva)<\/span><\/a><\/li><li class=\"share-facebook\"><a rel=\"nofollow noopener noreferrer\" data-shared=\"sharing-facebook-36409\" class=\"share-facebook sd-button share-icon no-text\" href=\"http:\/\/www.rtvnoticias.com.ar\/?p=36409&amp;share=facebook\" target=\"_blank\" title=\"Haz clic para compartir en Facebook\"><span><\/span><span class=\"sharing-screen-reader-text\">Haz clic para compartir en Facebook (Se abre en una ventana nueva)<\/span><\/a><\/li><li class=\"share-jetpack-whatsapp\"><a rel=\"nofollow noopener noreferrer\" data-shared=\"\" class=\"share-jetpack-whatsapp sd-button share-icon no-text\" href=\"http:\/\/www.rtvnoticias.com.ar\/?p=36409&amp;share=jetpack-whatsapp\" target=\"_blank\" title=\"Haz clic para compartir en WhatsApp\"><span><\/span><span class=\"sharing-screen-reader-text\">Haz clic para compartir en WhatsApp (Se abre en una ventana nueva)<\/span><\/a><\/li><li class=\"share-telegram\"><a rel=\"nofollow noopener noreferrer\" data-shared=\"\" class=\"share-telegram sd-button share-icon no-text\" href=\"http:\/\/www.rtvnoticias.com.ar\/?p=36409&amp;share=telegram\" target=\"_blank\" title=\"Haz clic para compartir en Telegram\"><span><\/span><span class=\"sharing-screen-reader-text\">Haz clic para compartir en Telegram (Se abre en una ventana nueva)<\/span><\/a><\/li><li class=\"share-end\"><\/li><\/ul><\/div><\/div><\/div>","protected":false},"author":7,"featured_media":36410,"comment_status":"closed","ping_status":"closed","sticky":false,"template":"","format":"standard","meta":{"spay_email":"","jetpack_publicize_message":"","jetpack_is_tweetstorm":false,"jetpack_publicize_feature_enabled":true},"categories":[5],"tags":[],"jetpack_featured_media_url":"http:\/\/www.rtvnoticias.com.ar\/wp-content\/uploads\/2023\/04\/conferencia-malvinas.jpg","jetpack_publicize_connections":[],"jetpack_sharing_enabled":true,"_links":{"self":[{"href":"http:\/\/www.rtvnoticias.com.ar\/index.php?rest_route=\/wp\/v2\/posts\/36409"}],"collection":[{"href":"http:\/\/www.rtvnoticias.com.ar\/index.php?rest_route=\/wp\/v2\/posts"}],"about":[{"href":"http:\/\/www.rtvnoticias.com.ar\/index.php?rest_route=\/wp\/v2\/types\/post"}],"author":[{"embeddable":true,"href":"http:\/\/www.rtvnoticias.com.ar\/index.php?rest_route=\/wp\/v2\/users\/7"}],"replies":[{"embeddable":true,"href":"http:\/\/www.rtvnoticias.com.ar\/index.php?rest_route=%2Fwp%2Fv2%2Fcomments&post=36409"}],"version-history":[{"count":1,"href":"http:\/\/www.rtvnoticias.com.ar\/index.php?rest_route=\/wp\/v2\/posts\/36409\/revisions"}],"predecessor-version":[{"id":36411,"href":"http:\/\/www.rtvnoticias.com.ar\/index.php?rest_route=\/wp\/v2\/posts\/36409\/revisions\/36411"}],"wp:featuredmedia":[{"embeddable":true,"href":"http:\/\/www.rtvnoticias.com.ar\/index.php?rest_route=\/wp\/v2\/media\/36410"}],"wp:attachment":[{"href":"http:\/\/www.rtvnoticias.com.ar\/index.php?rest_route=%2Fwp%2Fv2%2Fmedia&parent=36409"}],"wp:term":[{"taxonomy":"category","embeddable":true,"href":"http:\/\/www.rtvnoticias.com.ar\/index.php?rest_route=%2Fwp%2Fv2%2Fcategories&post=36409"},{"taxonomy":"post_tag","embeddable":true,"href":"http:\/\/www.rtvnoticias.com.ar\/index.php?rest_route=%2Fwp%2Fv2%2Ftags&post=36409"}],"curies":[{"name":"wp","href":"https:\/\/api.w.org\/{rel}","templated":true}]}}