{"id":36432,"date":"2023-04-27T09:21:10","date_gmt":"2023-04-27T12:21:10","guid":{"rendered":"http:\/\/www.rtvnoticias.com.ar\/?p=36432"},"modified":"2023-04-27T09:21:13","modified_gmt":"2023-04-27T12:21:13","slug":"la-anmat-aprobo-el-uso-de-una-vacuna-japonesa-contra-el-dengue","status":"publish","type":"post","link":"http:\/\/www.rtvnoticias.com.ar\/?p=36432","title":{"rendered":"La ANMAT aprob\u00f3 el uso de una vacuna japonesa contra el dengue"},"content":{"rendered":"\n<p class=\"has-text-align-center\"><strong>Se trata de la TAK-003, del laboratorio Takeda. Es tetravalente y est\u00e1 destinada a personas mayores de cuatro a\u00f1os, hayan cursado o no la enfermedad. No bloquea el actual brote. Llegar\u00eda al pa\u00eds a mediados de la primavera.<\/strong><\/p>\n\n\n\n<p>La Administraci\u00f3n Nacional de Medicamentos, Alimentos y Tecnolog\u00eda M\u00e9dica (ANMAT) autoriz\u00f3 este mi\u00e9rcoles el uso de la vacuna contra el dengue desarrollada por el laboratorio japon\u00e9s Takeda para todas las personas mayores de cuatro a\u00f1os, hayan cursado o no previamente la enfermedad.<\/p>\n\n\n\n<p>El laboratorio japon\u00e9s de referencia comenzar\u00e1 el proceso productivo de la misma de modo tal de estar en condiciones de enviar el primer lote al pa\u00eds, inform\u00f3 el Ministerio de Salud.<\/p>\n\n\n\n<p>\u00abLa vacunaci\u00f3n no cumple con la funci\u00f3n de bloqueo frente al actual brote de dengue y recomendaron continuar con las medidas de prevenci\u00f3n y control del vector\u00bb, se indic\u00f3 oficialmente.<\/p>\n\n\n\n<p>Con el nombre de TAK-003, la vacuna se basa en el virus del dengue 2, al que se a\u00f1ade ADN de los otros tres serotipos, para proteger contra cualquiera de los cuatro tipos de dengue.<\/p>\n\n\n\n<p>Su forma de administraci\u00f3n son dos dosis, que deben ser aplicadas en un intervalo de tres meses.<\/p>\n\n\n\n<p>La TAK-003, tambi\u00e9n conocida como Qdenga, recibi\u00f3 su primera aprobaci\u00f3n en agosto de 2022 en Indonesia y, posteriormente, en la Uni\u00f3n Europea, en diciembre de 2022.<\/p>\n\n\n\n<p>Luego, le siguieron el Reino Unido, en enero de 2023, y, recientemente, ha sido tambi\u00e9n aprobada por la Agencia Nacional de Vigilancia Sanitaria de Brasil (ANVISA). Su utilizaci\u00f3n est\u00e1 contemplada para zonas end\u00e9micas.<\/p>\n\n\n\n<p>Tras la aprobaci\u00f3n por parte de la ANMAT, el laboratorio japon\u00e9s establecer\u00e1 los protocolos de inicio del proceso productivo para el env\u00edo de un lote de la misma a nuestro pa\u00eds.<\/p>\n\n\n\n<p>Cuando esto suceda, una vez concluido ese ciclo y siempre siguiendo est\u00e1ndares de calidad y trazabilidad, Argentina estar\u00e1 en condiciones de recibir ese env\u00edo para su posterior comercializaci\u00f3n en territorio nacional, explic\u00f3 el Ministerio.<\/p>\n\n\n\n<p>Autoridades de la cartera que dirige Carla Vizzotti, en tanto, mantuvieron un encuentro con especialistas y expertos para analizar las diferentes vacunas aprobadas contra el dengue o en v\u00edas de aprobaci\u00f3n, as\u00ed como para estudiar las posibles recomendaciones de implementaci\u00f3n de una vacuna contra esta enfermedad.<\/p>\n\n\n\n<p>De la reuni\u00f3n, formaron parte representantes del laboratorio Takeda, como del Instituto Butantan de Brasil y del laboratorio Sanofi-Pasteur, quienes presentaron una actualizaci\u00f3n de los estudios de fase III de sus vacunas contra dengue.<\/p>\n\n\n\n<p>Consideraron que, en base a los datos presentados, ninguna vacuna cumple la funci\u00f3n de bloqueo frente a un brote de dengue como el que tiene lugar actualmente en nuestro pa\u00eds, por lo que se deben mantener las tareas de prevenci\u00f3n.<\/p>\n\n\n\n<p>Hasta el 15 de abril, se notificaron en el pa\u00eds 56.324 casos de dengue, de los cuales 51.637 adquirieron la infecci\u00f3n en la Argentina.<\/p>\n\n\n\n<p>Al momento, la circulaci\u00f3n de este virus se ha identificado en 15 jurisdicciones correspondientes a cuatro regiones: Regi\u00f3n Centro (Buenos Aires; Ciudad Aut\u00f3noma de Buenos Aires; C\u00f3rdoba; Entre R\u00edos; Santa Fe); regi\u00f3n NEA (Corrientes; Formosa; Chaco); regi\u00f3n NOA (Catamarca; Jujuy; La Rioja; Salta; Santiago del Estero; Tucum\u00e1n) y la provincia de San Luis en la regi\u00f3n Cuyo.<\/p>\n\n\n\n<p>Los casos registrados hasta el momento presentan una distribuci\u00f3n territorial amplia con un mayor n\u00famero de casos en las regiones del NOA y Centro, predominado la circulaci\u00f3n de DEN-2 y, en menor medida, DEN-1. Esto es una importante diferencia respecto de otros a\u00f1os, en los que predomin\u00f3 el DEN-1.<\/p>\n<div class=\"sharedaddy sd-sharing-enabled\"><div class=\"robots-nocontent sd-block sd-social sd-social-icon sd-sharing\"><h3 class=\"sd-title\">Comparte esto:<\/h3><div class=\"sd-content\"><ul><li class=\"share-twitter\"><a rel=\"nofollow noopener noreferrer\" data-shared=\"sharing-twitter-36432\" class=\"share-twitter sd-button share-icon no-text\" href=\"http:\/\/www.rtvnoticias.com.ar\/?p=36432&amp;share=twitter\" target=\"_blank\" title=\"Haz clic para compartir en Twitter\"><span><\/span><span class=\"sharing-screen-reader-text\">Haz clic para compartir en Twitter (Se abre en una ventana nueva)<\/span><\/a><\/li><li class=\"share-facebook\"><a rel=\"nofollow noopener noreferrer\" data-shared=\"sharing-facebook-36432\" class=\"share-facebook sd-button share-icon no-text\" href=\"http:\/\/www.rtvnoticias.com.ar\/?p=36432&amp;share=facebook\" target=\"_blank\" title=\"Haz clic para compartir en Facebook\"><span><\/span><span class=\"sharing-screen-reader-text\">Haz clic para compartir en Facebook (Se abre en una ventana nueva)<\/span><\/a><\/li><li class=\"share-jetpack-whatsapp\"><a rel=\"nofollow noopener noreferrer\" data-shared=\"\" class=\"share-jetpack-whatsapp sd-button share-icon no-text\" href=\"http:\/\/www.rtvnoticias.com.ar\/?p=36432&amp;share=jetpack-whatsapp\" target=\"_blank\" title=\"Haz clic para compartir en WhatsApp\"><span><\/span><span class=\"sharing-screen-reader-text\">Haz clic para compartir en WhatsApp (Se abre en una ventana nueva)<\/span><\/a><\/li><li class=\"share-telegram\"><a rel=\"nofollow noopener noreferrer\" data-shared=\"\" class=\"share-telegram sd-button share-icon no-text\" href=\"http:\/\/www.rtvnoticias.com.ar\/?p=36432&amp;share=telegram\" target=\"_blank\" title=\"Haz clic para compartir en Telegram\"><span><\/span><span class=\"sharing-screen-reader-text\">Haz clic para compartir en Telegram (Se abre en una ventana nueva)<\/span><\/a><\/li><li class=\"share-end\"><\/li><\/ul><\/div><\/div><\/div>","protected":false},"excerpt":{"rendered":"<p>Se trata de la TAK-003, del laboratorio Takeda. Es tetravalente y est\u00e1 destinada a personas mayores de cuatro a\u00f1os, hayan cursado o no la enfermedad.<\/p>\n<div class=\"sharedaddy sd-sharing-enabled\"><div class=\"robots-nocontent sd-block sd-social sd-social-icon sd-sharing\"><h3 class=\"sd-title\">Comparte esto:<\/h3><div class=\"sd-content\"><ul><li class=\"share-twitter\"><a rel=\"nofollow noopener noreferrer\" data-shared=\"sharing-twitter-36432\" class=\"share-twitter sd-button share-icon no-text\" href=\"http:\/\/www.rtvnoticias.com.ar\/?p=36432&amp;share=twitter\" target=\"_blank\" title=\"Haz clic para compartir en Twitter\"><span><\/span><span class=\"sharing-screen-reader-text\">Haz clic para compartir en Twitter (Se abre en una ventana nueva)<\/span><\/a><\/li><li class=\"share-facebook\"><a rel=\"nofollow noopener noreferrer\" data-shared=\"sharing-facebook-36432\" class=\"share-facebook sd-button share-icon no-text\" href=\"http:\/\/www.rtvnoticias.com.ar\/?p=36432&amp;share=facebook\" target=\"_blank\" title=\"Haz clic para compartir en Facebook\"><span><\/span><span class=\"sharing-screen-reader-text\">Haz clic para compartir en Facebook (Se abre en una ventana nueva)<\/span><\/a><\/li><li class=\"share-jetpack-whatsapp\"><a rel=\"nofollow noopener noreferrer\" data-shared=\"\" class=\"share-jetpack-whatsapp sd-button share-icon no-text\" href=\"http:\/\/www.rtvnoticias.com.ar\/?p=36432&amp;share=jetpack-whatsapp\" target=\"_blank\" title=\"Haz clic para compartir en WhatsApp\"><span><\/span><span class=\"sharing-screen-reader-text\">Haz clic para compartir en WhatsApp (Se abre en una ventana nueva)<\/span><\/a><\/li><li class=\"share-telegram\"><a rel=\"nofollow noopener noreferrer\" data-shared=\"\" class=\"share-telegram sd-button share-icon no-text\" href=\"http:\/\/www.rtvnoticias.com.ar\/?p=36432&amp;share=telegram\" target=\"_blank\" title=\"Haz clic para compartir en Telegram\"><span><\/span><span class=\"sharing-screen-reader-text\">Haz clic para compartir en Telegram (Se abre en una ventana nueva)<\/span><\/a><\/li><li class=\"share-end\"><\/li><\/ul><\/div><\/div><\/div>","protected":false},"author":7,"featured_media":22980,"comment_status":"closed","ping_status":"closed","sticky":false,"template":"","format":"standard","meta":{"spay_email":"","jetpack_publicize_message":"","jetpack_is_tweetstorm":false,"jetpack_publicize_feature_enabled":true},"categories":[5],"tags":[],"jetpack_featured_media_url":"http:\/\/www.rtvnoticias.com.ar\/wp-content\/uploads\/2020\/08\/dengue.jpg","jetpack_publicize_connections":[],"jetpack_sharing_enabled":true,"_links":{"self":[{"href":"http:\/\/www.rtvnoticias.com.ar\/index.php?rest_route=\/wp\/v2\/posts\/36432"}],"collection":[{"href":"http:\/\/www.rtvnoticias.com.ar\/index.php?rest_route=\/wp\/v2\/posts"}],"about":[{"href":"http:\/\/www.rtvnoticias.com.ar\/index.php?rest_route=\/wp\/v2\/types\/post"}],"author":[{"embeddable":true,"href":"http:\/\/www.rtvnoticias.com.ar\/index.php?rest_route=\/wp\/v2\/users\/7"}],"replies":[{"embeddable":true,"href":"http:\/\/www.rtvnoticias.com.ar\/index.php?rest_route=%2Fwp%2Fv2%2Fcomments&post=36432"}],"version-history":[{"count":1,"href":"http:\/\/www.rtvnoticias.com.ar\/index.php?rest_route=\/wp\/v2\/posts\/36432\/revisions"}],"predecessor-version":[{"id":36433,"href":"http:\/\/www.rtvnoticias.com.ar\/index.php?rest_route=\/wp\/v2\/posts\/36432\/revisions\/36433"}],"wp:featuredmedia":[{"embeddable":true,"href":"http:\/\/www.rtvnoticias.com.ar\/index.php?rest_route=\/wp\/v2\/media\/22980"}],"wp:attachment":[{"href":"http:\/\/www.rtvnoticias.com.ar\/index.php?rest_route=%2Fwp%2Fv2%2Fmedia&parent=36432"}],"wp:term":[{"taxonomy":"category","embeddable":true,"href":"http:\/\/www.rtvnoticias.com.ar\/index.php?rest_route=%2Fwp%2Fv2%2Fcategories&post=36432"},{"taxonomy":"post_tag","embeddable":true,"href":"http:\/\/www.rtvnoticias.com.ar\/index.php?rest_route=%2Fwp%2Fv2%2Ftags&post=36432"}],"curies":[{"name":"wp","href":"https:\/\/api.w.org\/{rel}","templated":true}]}}