{"id":36436,"date":"2023-04-27T10:00:42","date_gmt":"2023-04-27T13:00:42","guid":{"rendered":"http:\/\/www.rtvnoticias.com.ar\/?p=36436"},"modified":"2023-04-27T10:00:46","modified_gmt":"2023-04-27T13:00:46","slug":"esteban-bullrich-lanzara-un-llamado-a-un-gran-acuerdo-nacional","status":"publish","type":"post","link":"http:\/\/www.rtvnoticias.com.ar\/?p=36436","title":{"rendered":"Esteban Bullrich lanzar\u00e1 un llamado a un gran acuerdo nacional"},"content":{"rendered":"\n<p class=\"has-text-align-center\"><strong>El exsenador de Juntos por el Cambio asegur\u00f3 que mantiene di\u00e1logo con dirigentes, sindicalistas, empresarios y actores de la sociedad civil de todo el espectro ideol\u00f3gico. El pr\u00f3ximo lunes oficializar\u00e1 la convocatoria.<\/strong><\/p>\n\n\n\n<p>El exsenador de Juntos por el Cambio, Estaban Bullrich, anunci\u00f3 que lanzar\u00e1 un llamado a un gran acuerdo nacional y una campa\u00f1a de reuniones en medio de un contexto complejo, marcado por la escalada del d\u00f3lar blue y la inflaci\u00f3n que impacta de manera directa en los salarios.<\/p>\n\n\n\n<p>A trav\u00e9s de un video que fue publicado en sus redes sociales, y en las v\u00edsperas de los armados electorales, el referente del PRO precis\u00f3 que el pr\u00f3ximo lunes 1\u00b0 de mayo, D\u00eda del Trabajador, al mediod\u00eda, oficializar\u00e1 la convocatoria a lo que defini\u00f3 como \u00abun gran acuerdo nacional\u00bb.<\/p>\n\n\n\n<p>\u00abQuiero invitarlos el lunes primero de mayo para celebrar juntos el 170\u00b0 aniversario de la Constituci\u00f3n Nacional en San Nicol\u00e1s, voy a aprovechar para lanzar una convocatoria a un gran acuerdo nacional\u00bb, plante\u00f3 desde su cama, producto al avance de la enfermedad degenerativa, Esclerosis Lateral Amiotr\u00f3fica (ELA), diagnosticada en 2021.<\/p>\n\n\n\n<p>En la misma l\u00ednea, continu\u00f3: \u00abEn el lugar donde se acord\u00f3 lanzar la constituyente que pari\u00f3 nuestro primer gran acuerdo nacional voy a proponer uno nuevo\u00bb.<\/p>\n\n\n\n<p>Asimismo, sin dar mayores precisiones, revel\u00f3 que inici\u00f3 di\u00e1logo con dirigentes pol\u00edticos, sindicalistas, empresarios y actores de la sociedad civil de distintos espectros ideol\u00f3gicos a los que les pidi\u00f3 que sintetizaran 10 puntos centrales para la construcci\u00f3n de un acuerdo conjunto. \u00abComo era muy dif\u00edcil sino imposible reunirlos f\u00edsicamente los reun\u00ed en mi cabeza y en mi coraz\u00f3n\u00bb, indic\u00f3 el exministro de Educaci\u00f3n.<\/p>\n\n\n\n<p>\u00abEl lunes con la propuesta del acuerdo voy a dictar las coincidencias. All\u00ed tambi\u00e9n lanzar\u00e9 una campa\u00f1a de reuniones en las que buscar\u00e9 acercarme a esas coincidencias. Los espero, muchas gracias\u201d, concluy\u00f3.<\/p>\n\n\n\n<p>No es la primera vez que Esteban Bullrich manifiesta su disconformidad respecto al accionar de la pol\u00edtica actual, del que debi\u00f3 alejarse producto de su enfermedad. A pesar de no participar de forma activa, publica sus reflexiones de forma cotidiana.<\/p>\n\n\n\n<p>En marzo, el dirigente comparti\u00f3 una foto junto al t\u00e9cnico campe\u00f3n Lionel Scaloni, y plante\u00f3: \u00abCu\u00e1nto puede aprender de \u00e9l nuestra dirigencia pol\u00edtica atiborrada de prepotencia, hipocres\u00eda y declaraciones exuberantes\u00bb. En otras oportunidades, cuestion\u00f3 adem\u00e1s la interna en Juntos por el Cambio.<\/p>\n<div class=\"sharedaddy sd-sharing-enabled\"><div class=\"robots-nocontent sd-block sd-social sd-social-icon sd-sharing\"><h3 class=\"sd-title\">Comparte esto:<\/h3><div class=\"sd-content\"><ul><li class=\"share-twitter\"><a rel=\"nofollow noopener noreferrer\" data-shared=\"sharing-twitter-36436\" class=\"share-twitter sd-button share-icon no-text\" href=\"http:\/\/www.rtvnoticias.com.ar\/?p=36436&amp;share=twitter\" target=\"_blank\" title=\"Haz clic para compartir en Twitter\"><span><\/span><span class=\"sharing-screen-reader-text\">Haz clic para compartir en Twitter (Se abre en una ventana nueva)<\/span><\/a><\/li><li class=\"share-facebook\"><a rel=\"nofollow noopener noreferrer\" data-shared=\"sharing-facebook-36436\" class=\"share-facebook sd-button share-icon no-text\" href=\"http:\/\/www.rtvnoticias.com.ar\/?p=36436&amp;share=facebook\" target=\"_blank\" title=\"Haz clic para compartir en Facebook\"><span><\/span><span class=\"sharing-screen-reader-text\">Haz clic para compartir en Facebook (Se abre en una ventana nueva)<\/span><\/a><\/li><li class=\"share-jetpack-whatsapp\"><a rel=\"nofollow noopener noreferrer\" data-shared=\"\" class=\"share-jetpack-whatsapp sd-button share-icon no-text\" href=\"http:\/\/www.rtvnoticias.com.ar\/?p=36436&amp;share=jetpack-whatsapp\" target=\"_blank\" title=\"Haz clic para compartir en WhatsApp\"><span><\/span><span class=\"sharing-screen-reader-text\">Haz clic para compartir en WhatsApp (Se abre en una ventana nueva)<\/span><\/a><\/li><li class=\"share-telegram\"><a rel=\"nofollow noopener noreferrer\" data-shared=\"\" class=\"share-telegram sd-button share-icon no-text\" href=\"http:\/\/www.rtvnoticias.com.ar\/?p=36436&amp;share=telegram\" target=\"_blank\" title=\"Haz clic para compartir en Telegram\"><span><\/span><span class=\"sharing-screen-reader-text\">Haz clic para compartir en Telegram (Se abre en una ventana nueva)<\/span><\/a><\/li><li class=\"share-end\"><\/li><\/ul><\/div><\/div><\/div>","protected":false},"excerpt":{"rendered":"<p>El exsenador de Juntos por el Cambio asegur\u00f3 que mantiene di\u00e1logo con dirigentes, sindicalistas, empresarios y actores de la sociedad civil de todo el espectro<\/p>\n<div class=\"sharedaddy sd-sharing-enabled\"><div class=\"robots-nocontent sd-block sd-social sd-social-icon sd-sharing\"><h3 class=\"sd-title\">Comparte esto:<\/h3><div class=\"sd-content\"><ul><li class=\"share-twitter\"><a rel=\"nofollow noopener noreferrer\" data-shared=\"sharing-twitter-36436\" class=\"share-twitter sd-button share-icon no-text\" href=\"http:\/\/www.rtvnoticias.com.ar\/?p=36436&amp;share=twitter\" target=\"_blank\" title=\"Haz clic para compartir en Twitter\"><span><\/span><span class=\"sharing-screen-reader-text\">Haz clic para compartir en Twitter (Se abre en una ventana nueva)<\/span><\/a><\/li><li class=\"share-facebook\"><a rel=\"nofollow noopener noreferrer\" data-shared=\"sharing-facebook-36436\" class=\"share-facebook sd-button share-icon no-text\" href=\"http:\/\/www.rtvnoticias.com.ar\/?p=36436&amp;share=facebook\" target=\"_blank\" title=\"Haz clic para compartir en Facebook\"><span><\/span><span class=\"sharing-screen-reader-text\">Haz clic para compartir en Facebook (Se abre en una ventana nueva)<\/span><\/a><\/li><li class=\"share-jetpack-whatsapp\"><a rel=\"nofollow noopener noreferrer\" data-shared=\"\" class=\"share-jetpack-whatsapp sd-button share-icon no-text\" href=\"http:\/\/www.rtvnoticias.com.ar\/?p=36436&amp;share=jetpack-whatsapp\" target=\"_blank\" title=\"Haz clic para compartir en WhatsApp\"><span><\/span><span class=\"sharing-screen-reader-text\">Haz clic para compartir en WhatsApp (Se abre en una ventana nueva)<\/span><\/a><\/li><li class=\"share-telegram\"><a rel=\"nofollow noopener noreferrer\" data-shared=\"\" class=\"share-telegram sd-button share-icon no-text\" href=\"http:\/\/www.rtvnoticias.com.ar\/?p=36436&amp;share=telegram\" target=\"_blank\" title=\"Haz clic para compartir en Telegram\"><span><\/span><span class=\"sharing-screen-reader-text\">Haz clic para compartir en Telegram (Se abre en una ventana nueva)<\/span><\/a><\/li><li class=\"share-end\"><\/li><\/ul><\/div><\/div><\/div>","protected":false},"author":7,"featured_media":36437,"comment_status":"closed","ping_status":"closed","sticky":false,"template":"","format":"standard","meta":{"spay_email":"","jetpack_publicize_message":"","jetpack_is_tweetstorm":false,"jetpack_publicize_feature_enabled":true},"categories":[5],"tags":[],"jetpack_featured_media_url":"http:\/\/www.rtvnoticias.com.ar\/wp-content\/uploads\/2023\/04\/bullrich1.jpg","jetpack_publicize_connections":[],"jetpack_sharing_enabled":true,"_links":{"self":[{"href":"http:\/\/www.rtvnoticias.com.ar\/index.php?rest_route=\/wp\/v2\/posts\/36436"}],"collection":[{"href":"http:\/\/www.rtvnoticias.com.ar\/index.php?rest_route=\/wp\/v2\/posts"}],"about":[{"href":"http:\/\/www.rtvnoticias.com.ar\/index.php?rest_route=\/wp\/v2\/types\/post"}],"author":[{"embeddable":true,"href":"http:\/\/www.rtvnoticias.com.ar\/index.php?rest_route=\/wp\/v2\/users\/7"}],"replies":[{"embeddable":true,"href":"http:\/\/www.rtvnoticias.com.ar\/index.php?rest_route=%2Fwp%2Fv2%2Fcomments&post=36436"}],"version-history":[{"count":1,"href":"http:\/\/www.rtvnoticias.com.ar\/index.php?rest_route=\/wp\/v2\/posts\/36436\/revisions"}],"predecessor-version":[{"id":36438,"href":"http:\/\/www.rtvnoticias.com.ar\/index.php?rest_route=\/wp\/v2\/posts\/36436\/revisions\/36438"}],"wp:featuredmedia":[{"embeddable":true,"href":"http:\/\/www.rtvnoticias.com.ar\/index.php?rest_route=\/wp\/v2\/media\/36437"}],"wp:attachment":[{"href":"http:\/\/www.rtvnoticias.com.ar\/index.php?rest_route=%2Fwp%2Fv2%2Fmedia&parent=36436"}],"wp:term":[{"taxonomy":"category","embeddable":true,"href":"http:\/\/www.rtvnoticias.com.ar\/index.php?rest_route=%2Fwp%2Fv2%2Fcategories&post=36436"},{"taxonomy":"post_tag","embeddable":true,"href":"http:\/\/www.rtvnoticias.com.ar\/index.php?rest_route=%2Fwp%2Fv2%2Ftags&post=36436"}],"curies":[{"name":"wp","href":"https:\/\/api.w.org\/{rel}","templated":true}]}}