{"id":36439,"date":"2023-04-27T11:48:35","date_gmt":"2023-04-27T14:48:35","guid":{"rendered":"http:\/\/www.rtvnoticias.com.ar\/?p=36439"},"modified":"2023-04-27T11:48:38","modified_gmt":"2023-04-27T14:48:38","slug":"el-tribunal-electoral-inicio-investigacion-por-denuncias-de-irregularidades-en-el-padron-de-la-maruja","status":"publish","type":"post","link":"http:\/\/www.rtvnoticias.com.ar\/?p=36439","title":{"rendered":"El Tribunal Electoral inici\u00f3  investigaci\u00f3n por denuncias de irregularidades en el padr\u00f3n de La Maruja"},"content":{"rendered":"\n<p>\u00abLos padrones se exhibieron, hubo un per\u00edodo para reclamar y no recibimos objeciones\u00bb, replic\u00f3 este jueves el Tribunal Electoral de La Pampa, ante las denuncias de irregularidades en el padr\u00f3n de La Maruja que present\u00f3 Juntos por el Cambio.<\/p>\n\n\n\n<p>De todos modos, aclar\u00f3 que iniciaron una investigaci\u00f3n para constatar el domicilio de las personas denunciadas.<\/p>\n\n\n\n<p>El \u00f3rgano inform\u00f3 que \u00abconfeccion\u00f3 los padrones para las elecciones generales provinciales del 14 de mayo, a partir de la base de datos entregada por la justicia electoral nacional con la n\u00f3mina de los electores que est\u00e1n registrados en el distrito La Pampa y con un corte al 1 de diciembre de 2022\u00bb.<\/p>\n\n\n\n<p>\u00abSi all\u00ed figuraba una persona fallecida o si viv\u00eda efectivamente en el domicilio que aparec\u00eda en el listado, el TEP a priori no ten\u00eda manera de saberlo. Para eso el Tribunal aprob\u00f3 y estableci\u00f3 un cronograma electoral, con plazos para efectuar eventuales observaciones\u00bb, aclar\u00f3.<\/p>\n\n\n\n<p>El TEP se\u00f1al\u00f3 que, al fijar el cronograma electoral, exhibi\u00f3 p\u00fablicamente los padrones provisorios \u2013entre el 31 de diciembre de 2022 y el 10 de enero de 2023\u2013 para que cualquier ciudadano o fuerza pol\u00edtica realizara reclamos en caso de que hubiese alg\u00fan error o anomal\u00eda. \u00abConcluido ese per\u00edodo, ning\u00fan partido o frente pol\u00edtico efectu\u00f3 observaciones sobre el tema\u00bb, apunt\u00f3.<\/p>\n\n\n\n<p>Ahora, ante la denuncia presentada el martes por el apoderado de la Uni\u00f3n C\u00edvica Radical, el Tribunal \u00abcomo lo hizo en otras oportunidades, inici\u00f3 la investigaci\u00f3n correspondiente, seg\u00fan lo previsto en la ley electoral provincial 1593, para constatar el domicilio registrado de las personas denunciada\u00bb.<\/p>\n<div class=\"sharedaddy sd-sharing-enabled\"><div class=\"robots-nocontent sd-block sd-social sd-social-icon sd-sharing\"><h3 class=\"sd-title\">Comparte esto:<\/h3><div class=\"sd-content\"><ul><li class=\"share-twitter\"><a rel=\"nofollow noopener noreferrer\" data-shared=\"sharing-twitter-36439\" class=\"share-twitter sd-button share-icon no-text\" href=\"http:\/\/www.rtvnoticias.com.ar\/?p=36439&amp;share=twitter\" target=\"_blank\" title=\"Haz clic para compartir en Twitter\"><span><\/span><span class=\"sharing-screen-reader-text\">Haz clic para compartir en Twitter (Se abre en una ventana nueva)<\/span><\/a><\/li><li class=\"share-facebook\"><a rel=\"nofollow noopener noreferrer\" data-shared=\"sharing-facebook-36439\" class=\"share-facebook sd-button share-icon no-text\" href=\"http:\/\/www.rtvnoticias.com.ar\/?p=36439&amp;share=facebook\" target=\"_blank\" title=\"Haz clic para compartir en Facebook\"><span><\/span><span class=\"sharing-screen-reader-text\">Haz clic para compartir en Facebook (Se abre en una ventana nueva)<\/span><\/a><\/li><li class=\"share-jetpack-whatsapp\"><a rel=\"nofollow noopener noreferrer\" data-shared=\"\" class=\"share-jetpack-whatsapp sd-button share-icon no-text\" href=\"http:\/\/www.rtvnoticias.com.ar\/?p=36439&amp;share=jetpack-whatsapp\" target=\"_blank\" title=\"Haz clic para compartir en WhatsApp\"><span><\/span><span class=\"sharing-screen-reader-text\">Haz clic para compartir en WhatsApp (Se abre en una ventana nueva)<\/span><\/a><\/li><li class=\"share-telegram\"><a rel=\"nofollow noopener noreferrer\" data-shared=\"\" class=\"share-telegram sd-button share-icon no-text\" href=\"http:\/\/www.rtvnoticias.com.ar\/?p=36439&amp;share=telegram\" target=\"_blank\" title=\"Haz clic para compartir en Telegram\"><span><\/span><span class=\"sharing-screen-reader-text\">Haz clic para compartir en Telegram (Se abre en una ventana nueva)<\/span><\/a><\/li><li class=\"share-end\"><\/li><\/ul><\/div><\/div><\/div>","protected":false},"excerpt":{"rendered":"<p>\u00abLos padrones se exhibieron, hubo un per\u00edodo para reclamar y no recibimos objeciones\u00bb, replic\u00f3 este jueves el Tribunal Electoral de La Pampa, ante las denuncias<\/p>\n<div class=\"sharedaddy sd-sharing-enabled\"><div class=\"robots-nocontent sd-block sd-social sd-social-icon sd-sharing\"><h3 class=\"sd-title\">Comparte esto:<\/h3><div class=\"sd-content\"><ul><li class=\"share-twitter\"><a rel=\"nofollow noopener noreferrer\" data-shared=\"sharing-twitter-36439\" class=\"share-twitter sd-button share-icon no-text\" href=\"http:\/\/www.rtvnoticias.com.ar\/?p=36439&amp;share=twitter\" target=\"_blank\" title=\"Haz clic para compartir en Twitter\"><span><\/span><span class=\"sharing-screen-reader-text\">Haz clic para compartir en Twitter (Se abre en una ventana nueva)<\/span><\/a><\/li><li class=\"share-facebook\"><a rel=\"nofollow noopener noreferrer\" data-shared=\"sharing-facebook-36439\" class=\"share-facebook sd-button share-icon no-text\" href=\"http:\/\/www.rtvnoticias.com.ar\/?p=36439&amp;share=facebook\" target=\"_blank\" title=\"Haz clic para compartir en Facebook\"><span><\/span><span class=\"sharing-screen-reader-text\">Haz clic para compartir en Facebook (Se abre en una ventana nueva)<\/span><\/a><\/li><li class=\"share-jetpack-whatsapp\"><a rel=\"nofollow noopener noreferrer\" data-shared=\"\" class=\"share-jetpack-whatsapp sd-button share-icon no-text\" href=\"http:\/\/www.rtvnoticias.com.ar\/?p=36439&amp;share=jetpack-whatsapp\" target=\"_blank\" title=\"Haz clic para compartir en WhatsApp\"><span><\/span><span class=\"sharing-screen-reader-text\">Haz clic para compartir en WhatsApp (Se abre en una ventana nueva)<\/span><\/a><\/li><li class=\"share-telegram\"><a rel=\"nofollow noopener noreferrer\" data-shared=\"\" class=\"share-telegram sd-button share-icon no-text\" href=\"http:\/\/www.rtvnoticias.com.ar\/?p=36439&amp;share=telegram\" target=\"_blank\" title=\"Haz clic para compartir en Telegram\"><span><\/span><span class=\"sharing-screen-reader-text\">Haz clic para compartir en Telegram (Se abre en una ventana nueva)<\/span><\/a><\/li><li class=\"share-end\"><\/li><\/ul><\/div><\/div><\/div>","protected":false},"author":7,"featured_media":16008,"comment_status":"closed","ping_status":"closed","sticky":false,"template":"","format":"standard","meta":{"spay_email":"","jetpack_publicize_message":"","jetpack_is_tweetstorm":false,"jetpack_publicize_feature_enabled":true},"categories":[4],"tags":[],"jetpack_featured_media_url":"http:\/\/www.rtvnoticias.com.ar\/wp-content\/uploads\/2019\/10\/urna.png","jetpack_publicize_connections":[],"jetpack_sharing_enabled":true,"_links":{"self":[{"href":"http:\/\/www.rtvnoticias.com.ar\/index.php?rest_route=\/wp\/v2\/posts\/36439"}],"collection":[{"href":"http:\/\/www.rtvnoticias.com.ar\/index.php?rest_route=\/wp\/v2\/posts"}],"about":[{"href":"http:\/\/www.rtvnoticias.com.ar\/index.php?rest_route=\/wp\/v2\/types\/post"}],"author":[{"embeddable":true,"href":"http:\/\/www.rtvnoticias.com.ar\/index.php?rest_route=\/wp\/v2\/users\/7"}],"replies":[{"embeddable":true,"href":"http:\/\/www.rtvnoticias.com.ar\/index.php?rest_route=%2Fwp%2Fv2%2Fcomments&post=36439"}],"version-history":[{"count":1,"href":"http:\/\/www.rtvnoticias.com.ar\/index.php?rest_route=\/wp\/v2\/posts\/36439\/revisions"}],"predecessor-version":[{"id":36440,"href":"http:\/\/www.rtvnoticias.com.ar\/index.php?rest_route=\/wp\/v2\/posts\/36439\/revisions\/36440"}],"wp:featuredmedia":[{"embeddable":true,"href":"http:\/\/www.rtvnoticias.com.ar\/index.php?rest_route=\/wp\/v2\/media\/16008"}],"wp:attachment":[{"href":"http:\/\/www.rtvnoticias.com.ar\/index.php?rest_route=%2Fwp%2Fv2%2Fmedia&parent=36439"}],"wp:term":[{"taxonomy":"category","embeddable":true,"href":"http:\/\/www.rtvnoticias.com.ar\/index.php?rest_route=%2Fwp%2Fv2%2Fcategories&post=36439"},{"taxonomy":"post_tag","embeddable":true,"href":"http:\/\/www.rtvnoticias.com.ar\/index.php?rest_route=%2Fwp%2Fv2%2Ftags&post=36439"}],"curies":[{"name":"wp","href":"https:\/\/api.w.org\/{rel}","templated":true}]}}