{"id":36454,"date":"2023-04-28T09:56:48","date_gmt":"2023-04-28T12:56:48","guid":{"rendered":"http:\/\/www.rtvnoticias.com.ar\/?p=36454"},"modified":"2023-04-28T09:56:51","modified_gmt":"2023-04-28T12:56:51","slug":"el-gobierno-oficializo-la-convocatoria-a-las-paso-y-a-las-generales","status":"publish","type":"post","link":"http:\/\/www.rtvnoticias.com.ar\/?p=36454","title":{"rendered":"El Gobierno oficializ\u00f3 la convocatoria a las PASO y a las generales"},"content":{"rendered":"\n<p>El presidente Alberto Fern\u00e1ndez formaliz\u00f3 la convocatoria a las elecciones primarias y generales, y tambi\u00e9n ratific\u00f3 la fecha para una eventual segunda vuelta.<\/p>\n\n\n\n<p>A trav\u00e9s del Decreto 237\/2023, publicado este viernes en el Bolet\u00edn Oficial, el jefe de Estado culmin\u00f3 con los detalles legales para la realizaci\u00f3n de los comicios, ya que anteriormente la C\u00e1mara Nacional Electoral hab\u00eda establecido los d\u00edas en que los argentinos ir\u00e1n a las urnas para votar Presidente, vicepresidente, senadores, diputados y legisladores del Parlasur.<\/p>\n\n\n\n<p>De esta manera, quedaron ratificados los domingos 13 de agosto para la realizaci\u00f3n de las elecciones Primarias, Abiertas, Simult\u00e1neas y Obligatorias (PASO) y 22 de octubre para las generales.<\/p>\n\n\n\n<p>En tanto, el 19 de noviembre qued\u00f3 fijado como el d\u00eda para una eventual segunda vuelta, si los resultados de las generales no fueran los establecidos por ley para definir al pr\u00f3ximo Presidente.<\/p>\n\n\n\n<p>Adem\u00e1s, mediante el Decreto 238\/2023, el mandatario tambi\u00e9n constituy\u00f3 el Comando General Electoral, que tendr\u00e1 la tarea de custodiar las elecciones.<\/p>\n\n\n\n<p>El CGE estar\u00e1 integrado por efectivos del Ej\u00e9rcito, la Armada y la Fuerza A\u00e9rea, aunque tambi\u00e9n podr\u00eda contar con uniformados de la Gendarmer\u00eda Nacional, la Prefectura, la Polic\u00eda de Seguridad Aeroportuaria (PSA), la Polic\u00eda Federal y las Fuerzas de Seguridad provinciales, en caso de ser necesario.<\/p>\n\n\n\n<p>Finalmente, el jefe de Gabinete, Agust\u00edn Rossi, aprob\u00f3 la contrataci\u00f3n directa por adjudicaci\u00f3n simple interadministrativa del Correo Oficial para la prestaci\u00f3n de un servicio de log\u00edstica general para las elecciones y tambi\u00e9n la infraestructura para el recuento provisional de resultados.<\/p>\n\n\n\n<p>El costo total, de acuerdo con la Decisi\u00f3n Administrativa 350\/2023, se elevar\u00e1 a 21.545.940.000 pesos.<\/p>\n<div class=\"sharedaddy sd-sharing-enabled\"><div class=\"robots-nocontent sd-block sd-social sd-social-icon sd-sharing\"><h3 class=\"sd-title\">Comparte esto:<\/h3><div class=\"sd-content\"><ul><li class=\"share-twitter\"><a rel=\"nofollow noopener noreferrer\" data-shared=\"sharing-twitter-36454\" class=\"share-twitter sd-button share-icon no-text\" href=\"http:\/\/www.rtvnoticias.com.ar\/?p=36454&amp;share=twitter\" target=\"_blank\" title=\"Haz clic para compartir en Twitter\"><span><\/span><span class=\"sharing-screen-reader-text\">Haz clic para compartir en Twitter (Se abre en una ventana nueva)<\/span><\/a><\/li><li class=\"share-facebook\"><a rel=\"nofollow noopener noreferrer\" data-shared=\"sharing-facebook-36454\" class=\"share-facebook sd-button share-icon no-text\" href=\"http:\/\/www.rtvnoticias.com.ar\/?p=36454&amp;share=facebook\" target=\"_blank\" title=\"Haz clic para compartir en Facebook\"><span><\/span><span class=\"sharing-screen-reader-text\">Haz clic para compartir en Facebook (Se abre en una ventana nueva)<\/span><\/a><\/li><li class=\"share-jetpack-whatsapp\"><a rel=\"nofollow noopener noreferrer\" data-shared=\"\" class=\"share-jetpack-whatsapp sd-button share-icon no-text\" href=\"http:\/\/www.rtvnoticias.com.ar\/?p=36454&amp;share=jetpack-whatsapp\" target=\"_blank\" title=\"Haz clic para compartir en WhatsApp\"><span><\/span><span class=\"sharing-screen-reader-text\">Haz clic para compartir en WhatsApp (Se abre en una ventana nueva)<\/span><\/a><\/li><li class=\"share-telegram\"><a rel=\"nofollow noopener noreferrer\" data-shared=\"\" class=\"share-telegram sd-button share-icon no-text\" href=\"http:\/\/www.rtvnoticias.com.ar\/?p=36454&amp;share=telegram\" target=\"_blank\" title=\"Haz clic para compartir en Telegram\"><span><\/span><span class=\"sharing-screen-reader-text\">Haz clic para compartir en Telegram (Se abre en una ventana nueva)<\/span><\/a><\/li><li class=\"share-end\"><\/li><\/ul><\/div><\/div><\/div>","protected":false},"excerpt":{"rendered":"<p>El presidente Alberto Fern\u00e1ndez formaliz\u00f3 la convocatoria a las elecciones primarias y generales, y tambi\u00e9n ratific\u00f3 la fecha para una eventual segunda vuelta. A trav\u00e9s<\/p>\n<div class=\"sharedaddy sd-sharing-enabled\"><div class=\"robots-nocontent sd-block sd-social sd-social-icon sd-sharing\"><h3 class=\"sd-title\">Comparte esto:<\/h3><div class=\"sd-content\"><ul><li class=\"share-twitter\"><a rel=\"nofollow noopener noreferrer\" data-shared=\"sharing-twitter-36454\" class=\"share-twitter sd-button share-icon no-text\" href=\"http:\/\/www.rtvnoticias.com.ar\/?p=36454&amp;share=twitter\" target=\"_blank\" title=\"Haz clic para compartir en Twitter\"><span><\/span><span class=\"sharing-screen-reader-text\">Haz clic para compartir en Twitter (Se abre en una ventana nueva)<\/span><\/a><\/li><li class=\"share-facebook\"><a rel=\"nofollow noopener noreferrer\" data-shared=\"sharing-facebook-36454\" class=\"share-facebook sd-button share-icon no-text\" href=\"http:\/\/www.rtvnoticias.com.ar\/?p=36454&amp;share=facebook\" target=\"_blank\" title=\"Haz clic para compartir en Facebook\"><span><\/span><span class=\"sharing-screen-reader-text\">Haz clic para compartir en Facebook (Se abre en una ventana nueva)<\/span><\/a><\/li><li class=\"share-jetpack-whatsapp\"><a rel=\"nofollow noopener noreferrer\" data-shared=\"\" class=\"share-jetpack-whatsapp sd-button share-icon no-text\" href=\"http:\/\/www.rtvnoticias.com.ar\/?p=36454&amp;share=jetpack-whatsapp\" target=\"_blank\" title=\"Haz clic para compartir en WhatsApp\"><span><\/span><span class=\"sharing-screen-reader-text\">Haz clic para compartir en WhatsApp (Se abre en una ventana nueva)<\/span><\/a><\/li><li class=\"share-telegram\"><a rel=\"nofollow noopener noreferrer\" data-shared=\"\" class=\"share-telegram sd-button share-icon no-text\" href=\"http:\/\/www.rtvnoticias.com.ar\/?p=36454&amp;share=telegram\" target=\"_blank\" title=\"Haz clic para compartir en Telegram\"><span><\/span><span class=\"sharing-screen-reader-text\">Haz clic para compartir en Telegram (Se abre en una ventana nueva)<\/span><\/a><\/li><li class=\"share-end\"><\/li><\/ul><\/div><\/div><\/div>","protected":false},"author":7,"featured_media":14077,"comment_status":"closed","ping_status":"closed","sticky":false,"template":"","format":"standard","meta":{"spay_email":"","jetpack_publicize_message":"","jetpack_is_tweetstorm":false,"jetpack_publicize_feature_enabled":true},"categories":[5],"tags":[],"jetpack_featured_media_url":"http:\/\/www.rtvnoticias.com.ar\/wp-content\/uploads\/2019\/08\/1551563920541elecciones-urna.jpg","jetpack_publicize_connections":[],"jetpack_sharing_enabled":true,"_links":{"self":[{"href":"http:\/\/www.rtvnoticias.com.ar\/index.php?rest_route=\/wp\/v2\/posts\/36454"}],"collection":[{"href":"http:\/\/www.rtvnoticias.com.ar\/index.php?rest_route=\/wp\/v2\/posts"}],"about":[{"href":"http:\/\/www.rtvnoticias.com.ar\/index.php?rest_route=\/wp\/v2\/types\/post"}],"author":[{"embeddable":true,"href":"http:\/\/www.rtvnoticias.com.ar\/index.php?rest_route=\/wp\/v2\/users\/7"}],"replies":[{"embeddable":true,"href":"http:\/\/www.rtvnoticias.com.ar\/index.php?rest_route=%2Fwp%2Fv2%2Fcomments&post=36454"}],"version-history":[{"count":1,"href":"http:\/\/www.rtvnoticias.com.ar\/index.php?rest_route=\/wp\/v2\/posts\/36454\/revisions"}],"predecessor-version":[{"id":36455,"href":"http:\/\/www.rtvnoticias.com.ar\/index.php?rest_route=\/wp\/v2\/posts\/36454\/revisions\/36455"}],"wp:featuredmedia":[{"embeddable":true,"href":"http:\/\/www.rtvnoticias.com.ar\/index.php?rest_route=\/wp\/v2\/media\/14077"}],"wp:attachment":[{"href":"http:\/\/www.rtvnoticias.com.ar\/index.php?rest_route=%2Fwp%2Fv2%2Fmedia&parent=36454"}],"wp:term":[{"taxonomy":"category","embeddable":true,"href":"http:\/\/www.rtvnoticias.com.ar\/index.php?rest_route=%2Fwp%2Fv2%2Fcategories&post=36454"},{"taxonomy":"post_tag","embeddable":true,"href":"http:\/\/www.rtvnoticias.com.ar\/index.php?rest_route=%2Fwp%2Fv2%2Ftags&post=36454"}],"curies":[{"name":"wp","href":"https:\/\/api.w.org\/{rel}","templated":true}]}}