{"id":36456,"date":"2023-04-28T10:10:30","date_gmt":"2023-04-28T13:10:30","guid":{"rendered":"http:\/\/www.rtvnoticias.com.ar\/?p=36456"},"modified":"2023-04-28T10:10:32","modified_gmt":"2023-04-28T13:10:32","slug":"ziliotto-rechazo-el-aval-de-nacion-a-la-presa-el-baqueano","status":"publish","type":"post","link":"http:\/\/www.rtvnoticias.com.ar\/?p=36456","title":{"rendered":"Ziliotto rechaz\u00f3 el aval de Naci\u00f3n a la presa El Baqueano"},"content":{"rendered":"\n<p>El gobernador Sergio Ziliotto, mediante nota ante el Ministerio de Econom\u00eda de la Naci\u00f3n, rechaz\u00f3 en\u00e9rgicamente y pidi\u00f3 la suspensi\u00f3n del acuerdo de ayer entre la Secretar\u00eda de Energ\u00eda nacional y la provincia de Mendoza, por el cual se avala llevar adelante la presa hidroel\u00e9ctrica El Baqueano sobre el r\u00edo Diamante, perteneciente a la cuenca Desaguadero &#8211; Salado &#8211; Chadileuv\u00fa- Curac\u00f3, donde las provincias de Catamarca, La Rioja, San Juan, Mendoza, San Luis y La Pampa son cond\u00f3minas.<\/p>\n\n\n\n<p>El acuerdo fue rubricado por el ministro de Econom\u00eda Sergio Massa, la secretaria de Energ\u00eda Flavia Roy\u00f3n y el gobernador de la provincia de Mendoza Rodolfo Su\u00e1rez. En medio de la conmoci\u00f3n por la actuaci\u00f3n de las autoridades nacionales, Ziliotto instruy\u00f3 a la Fiscal\u00eda de Estado para que ampl\u00ede, en el marco de las demandas ya existentes por dicha cuenca, las acciones judiciales y\/o extrajudiciales que se consideren pertinentes a los fines de resguardar el recurso h\u00eddrico y exigir el cumplimiento de las leyes ambientales y la ley de obras hidr\u00e1ulicas.<\/p>\n\n\n\n<p>\u00abLa ejecuci\u00f3n de la obra &#8216;El Baqueano&#8217; en las condiciones estipuladas por la provincia de Mendoza conllevar\u00eda a un mayor da\u00f1o violent\u00e1ndose el derecho humano al agua y a un ambiente equilibrado y sustentable. Para la Provincia de La Pampa la soberan\u00eda h\u00eddrica es innegociable. Es una prioridad irrenunciable lograr una gesti\u00f3n integrada del manejo de aguas que tenga al ambiente como usuario en s\u00ed mismo. No se concibe el manejo unilateral e inconsulto de un recurso interjurisdiccional, menos a\u00fan en desmedro de las restantes provincias integrantes de la cuenca\u00bb, dijeron desde el Centro C\u00edvico.<\/p>\n\n\n\n<p>Ayer, el gobierno de Mendoza celebr\u00f3 el \u00abhist\u00f3rico acuerdo\u00bb que Su\u00e1rez firm\u00f3 con Massa por la hidroel\u00e9ctrica El Baqueano, a la cual definieron como \u00abla obra m\u00e1s importante de energ\u00eda limpia desde el dique Potrerillos\u00bb. El convenio firmado implica el ingreso de la presa en el programa nacional que garantiza el precio de compra de energ\u00eda durante 15 a\u00f1os y el ingreso de 1.230 millones de d\u00f3lares, casi lo mismo que Portezuelo del Viento, seg\u00fan explicaron.<\/p>\n\n\n\n<p>Para La Pampa, El Baqueano, como lo era Portezuelo, no es m\u00e1s que un nuevo abuso de Mendoza, aprovechando inconsultamente un recurso interprovincial, en desmedro nuestra provincia y el resto de las que pertenecen a la cuenca. Esto cuando aun la provincia de aguas arribas no cumple con el fallo de la Corte que la oblig\u00f3 a restituir el caudal del r\u00edo Atuel, que cort\u00f3 inconsultamente cuando construy\u00f3 el sistema de represas Los Nihuiles.<\/p>\n\n\n\n<p>El Baqueano, que se pretende construir en la zona de San Rafael, tiene como objetivo \u00abel aprovechamiento multiprop\u00f3sito sobre el r\u00edo Diamante\u00bb. Este recurso forma parte de la cuenca del r\u00edo Desaguadero-Salado-Chadileuvu-Curaco.<\/p>\n\n\n\n<p>La firma del acuerdo se realiz\u00f3 en la Ciudad Aut\u00f3noma de Buenos Aires, donde Massa recibi\u00f3 al gobernador radical de la provincia cuyana. Junto a Su\u00e1rez viajaron el ministro de Econom\u00eda y Energ\u00eda, Enrique Vaqui\u00e9, y de Planificaci\u00f3n e Infraestructura, Mario Isgro, junto al presidente de la Empresa Mendocina de Energ\u00eda (Emesa), Pablo Magistocchi, y al superintendente general de Irrigaci\u00f3n, Sergio Marinelli.<\/p>\n\n\n\n<p>\u00abEsto es pr\u00e1cticamente como tener un nuevo Portezuelo del Viento para Mendoza. Es un paso important\u00edsimo para que podamos seguir con las otras presas, incluido Portezuelo del Viento. Estamos en un momento hist\u00f3rico para la provincia de Mendoza\u00bb, dijo Su\u00e1rez tras la r\u00fabrica del convenio.<\/p>\n<div class=\"sharedaddy sd-sharing-enabled\"><div class=\"robots-nocontent sd-block sd-social sd-social-icon sd-sharing\"><h3 class=\"sd-title\">Comparte esto:<\/h3><div class=\"sd-content\"><ul><li class=\"share-twitter\"><a rel=\"nofollow noopener noreferrer\" data-shared=\"sharing-twitter-36456\" class=\"share-twitter sd-button share-icon no-text\" href=\"http:\/\/www.rtvnoticias.com.ar\/?p=36456&amp;share=twitter\" target=\"_blank\" title=\"Haz clic para compartir en Twitter\"><span><\/span><span class=\"sharing-screen-reader-text\">Haz clic para compartir en Twitter (Se abre en una ventana nueva)<\/span><\/a><\/li><li class=\"share-facebook\"><a rel=\"nofollow noopener noreferrer\" data-shared=\"sharing-facebook-36456\" class=\"share-facebook sd-button share-icon no-text\" href=\"http:\/\/www.rtvnoticias.com.ar\/?p=36456&amp;share=facebook\" target=\"_blank\" title=\"Haz clic para compartir en Facebook\"><span><\/span><span class=\"sharing-screen-reader-text\">Haz clic para compartir en Facebook (Se abre en una ventana nueva)<\/span><\/a><\/li><li class=\"share-jetpack-whatsapp\"><a rel=\"nofollow noopener noreferrer\" data-shared=\"\" class=\"share-jetpack-whatsapp sd-button share-icon no-text\" href=\"http:\/\/www.rtvnoticias.com.ar\/?p=36456&amp;share=jetpack-whatsapp\" target=\"_blank\" title=\"Haz clic para compartir en WhatsApp\"><span><\/span><span class=\"sharing-screen-reader-text\">Haz clic para compartir en WhatsApp (Se abre en una ventana nueva)<\/span><\/a><\/li><li class=\"share-telegram\"><a rel=\"nofollow noopener noreferrer\" data-shared=\"\" class=\"share-telegram sd-button share-icon no-text\" href=\"http:\/\/www.rtvnoticias.com.ar\/?p=36456&amp;share=telegram\" target=\"_blank\" title=\"Haz clic para compartir en Telegram\"><span><\/span><span class=\"sharing-screen-reader-text\">Haz clic para compartir en Telegram (Se abre en una ventana nueva)<\/span><\/a><\/li><li class=\"share-end\"><\/li><\/ul><\/div><\/div><\/div>","protected":false},"excerpt":{"rendered":"<p>El gobernador Sergio Ziliotto, mediante nota ante el Ministerio de Econom\u00eda de la Naci\u00f3n, rechaz\u00f3 en\u00e9rgicamente y pidi\u00f3 la suspensi\u00f3n del acuerdo de ayer entre<\/p>\n<div class=\"sharedaddy sd-sharing-enabled\"><div class=\"robots-nocontent sd-block sd-social sd-social-icon sd-sharing\"><h3 class=\"sd-title\">Comparte esto:<\/h3><div class=\"sd-content\"><ul><li class=\"share-twitter\"><a rel=\"nofollow noopener noreferrer\" data-shared=\"sharing-twitter-36456\" class=\"share-twitter sd-button share-icon no-text\" href=\"http:\/\/www.rtvnoticias.com.ar\/?p=36456&amp;share=twitter\" target=\"_blank\" title=\"Haz clic para compartir en Twitter\"><span><\/span><span class=\"sharing-screen-reader-text\">Haz clic para compartir en Twitter (Se abre en una ventana nueva)<\/span><\/a><\/li><li class=\"share-facebook\"><a rel=\"nofollow noopener noreferrer\" data-shared=\"sharing-facebook-36456\" class=\"share-facebook sd-button share-icon no-text\" href=\"http:\/\/www.rtvnoticias.com.ar\/?p=36456&amp;share=facebook\" target=\"_blank\" title=\"Haz clic para compartir en Facebook\"><span><\/span><span class=\"sharing-screen-reader-text\">Haz clic para compartir en Facebook (Se abre en una ventana nueva)<\/span><\/a><\/li><li class=\"share-jetpack-whatsapp\"><a rel=\"nofollow noopener noreferrer\" data-shared=\"\" class=\"share-jetpack-whatsapp sd-button share-icon no-text\" href=\"http:\/\/www.rtvnoticias.com.ar\/?p=36456&amp;share=jetpack-whatsapp\" target=\"_blank\" title=\"Haz clic para compartir en WhatsApp\"><span><\/span><span class=\"sharing-screen-reader-text\">Haz clic para compartir en WhatsApp (Se abre en una ventana nueva)<\/span><\/a><\/li><li class=\"share-telegram\"><a rel=\"nofollow noopener noreferrer\" data-shared=\"\" class=\"share-telegram sd-button share-icon no-text\" href=\"http:\/\/www.rtvnoticias.com.ar\/?p=36456&amp;share=telegram\" target=\"_blank\" title=\"Haz clic para compartir en Telegram\"><span><\/span><span class=\"sharing-screen-reader-text\">Haz clic para compartir en Telegram (Se abre en una ventana nueva)<\/span><\/a><\/li><li class=\"share-end\"><\/li><\/ul><\/div><\/div><\/div>","protected":false},"author":7,"featured_media":36457,"comment_status":"closed","ping_status":"closed","sticky":false,"template":"","format":"standard","meta":{"spay_email":"","jetpack_publicize_message":"","jetpack_is_tweetstorm":false,"jetpack_publicize_feature_enabled":true},"categories":[5],"tags":[],"jetpack_featured_media_url":"http:\/\/www.rtvnoticias.com.ar\/wp-content\/uploads\/2023\/04\/El-Baqueano.jpg","jetpack_publicize_connections":[],"jetpack_sharing_enabled":true,"_links":{"self":[{"href":"http:\/\/www.rtvnoticias.com.ar\/index.php?rest_route=\/wp\/v2\/posts\/36456"}],"collection":[{"href":"http:\/\/www.rtvnoticias.com.ar\/index.php?rest_route=\/wp\/v2\/posts"}],"about":[{"href":"http:\/\/www.rtvnoticias.com.ar\/index.php?rest_route=\/wp\/v2\/types\/post"}],"author":[{"embeddable":true,"href":"http:\/\/www.rtvnoticias.com.ar\/index.php?rest_route=\/wp\/v2\/users\/7"}],"replies":[{"embeddable":true,"href":"http:\/\/www.rtvnoticias.com.ar\/index.php?rest_route=%2Fwp%2Fv2%2Fcomments&post=36456"}],"version-history":[{"count":1,"href":"http:\/\/www.rtvnoticias.com.ar\/index.php?rest_route=\/wp\/v2\/posts\/36456\/revisions"}],"predecessor-version":[{"id":36458,"href":"http:\/\/www.rtvnoticias.com.ar\/index.php?rest_route=\/wp\/v2\/posts\/36456\/revisions\/36458"}],"wp:featuredmedia":[{"embeddable":true,"href":"http:\/\/www.rtvnoticias.com.ar\/index.php?rest_route=\/wp\/v2\/media\/36457"}],"wp:attachment":[{"href":"http:\/\/www.rtvnoticias.com.ar\/index.php?rest_route=%2Fwp%2Fv2%2Fmedia&parent=36456"}],"wp:term":[{"taxonomy":"category","embeddable":true,"href":"http:\/\/www.rtvnoticias.com.ar\/index.php?rest_route=%2Fwp%2Fv2%2Fcategories&post=36456"},{"taxonomy":"post_tag","embeddable":true,"href":"http:\/\/www.rtvnoticias.com.ar\/index.php?rest_route=%2Fwp%2Fv2%2Ftags&post=36456"}],"curies":[{"name":"wp","href":"https:\/\/api.w.org\/{rel}","templated":true}]}}