{"id":36463,"date":"2023-04-28T12:02:38","date_gmt":"2023-04-28T15:02:38","guid":{"rendered":"http:\/\/www.rtvnoticias.com.ar\/?p=36463"},"modified":"2023-04-28T12:02:40","modified_gmt":"2023-04-28T15:02:40","slug":"levantaron-los-cortes-de-rutas-en-vaca-muerta-del-sindicato-de-petroleros","status":"publish","type":"post","link":"http:\/\/www.rtvnoticias.com.ar\/?p=36463","title":{"rendered":"Levantaron los cortes de rutas en Vaca Muerta, del Sindicato de Petroleros"},"content":{"rendered":"\n<p class=\"has-text-align-center\"><strong>Ayer muri\u00f3 un petrolero, por un choque. El secretario general, Marcelo Rucci, inform\u00f3 que reclaman que mejoren los caminos. En el inicio del fin de semana largo, por el feriado del lunes, se hab\u00edan apostado en los principales caminos.<\/strong><\/p>\n\n\n\n<p>El Sindicato de Petroleros Privados comenz\u00f3 a levantar, desde las 11, los cortes de las principales rutas de Vaca Muerta, en Neuqu\u00e9n, R\u00edo Negro y La Pampa. Se encontraban sobre las Rutas 1, 5, 6, 7, 8, 17, 51, 57, 151 y Autov\u00eda Norte. La protesta golpe\u00f3 con fuerza al sector y preocup\u00f3 el inicio del fin de semana largo, por el feriado del lunes. Seg\u00fan el secretario general, Marcelo Rucci, lo hicieron para reclamar obras en los caminos, luego de la muerte de un trabajador por el choque de dos camiones y por los numerosos accidentes que sufren a diario. El fin de la protesta se decidi\u00f3 en una reuni\u00f3n virtual de la comisi\u00f3n directiva, realizada a media ma\u00f1ana.<\/p>\n\n\n\n<p>Desde el Sindicato se hab\u00eda indicado que solo se imped\u00eda el paso de los veh\u00edculos relacionados a la industria petrolera, pero no a los particulares.<\/p>\n\n\n\n<p>Los cortes se realizaron en: Ruta 5, en el ingreso a Rinc\u00f3n de los Sauces; Ruta 6 en General Roca, a unos 150 metros al norte de la rotonda del aeropuerto local; Ruta 6 en Rinc\u00f3n de los Sauces; el cruce de las Rutas 7 y 8; cruce de las Rutas 17 y 1, en el acceso al yacimiento Fort\u00edn de Piedra; el cruce de las Rutas 17 y 7, frente a Shell; Ruta 17 y bajada Los Patrias; Autov\u00eda Norte (actual Ruta 22), sobre la rotonda frente a la base de Crexell (ingreso a la Ruta 67); Ruta 151, a la altura de Medanito: Ruta 57, a la altura de Pe\u00f1as Blancas; y Ruta 51 y 8 (zona del lago Mari Menuco).<\/p>\n\n\n\n<p>El secretario general resalt\u00f3 que la protesta hab\u00eda sido definida por la muerte de un trabajador petrolero, Gustavo Riquelme, de 48 a\u00f1os, que ocurri\u00f3 ayer, sobre la Ruta 151. \u00ab\u00bfCu\u00e1ntas muertes m\u00e1s hacen falta?\u00bb, cuestion\u00f3 el dirigente. Tambi\u00e9n, record\u00f3 que el martes hubo un choque en A\u00f1elo, entre un cami\u00f3n y un colectivo que transportaba a petroleros.<\/p>\n\n\n\n<p>El dirigente se\u00f1al\u00f3 que el problema no lo sufren solamente los petroleros, sino los vecinos de las localidades y los trabajadores de otros rubros, como los de la construcci\u00f3n (a los que referenci\u00f3 con su sindicato, la UOCRA).<\/p>\n\n\n\n<p>Rucci puntualiz\u00f3 que los dos problemas m\u00e1s grandes son el colapso de las rutas y el mal estado general de los caminos, no solo de los principales, sino tambi\u00e9n de las picadas dentro de los yacimientos.<\/p>\n\n\n\n<p><strong>C\u00f3mo muri\u00f3 el petrolero, por el que cortan las rutas de Vaca Muerta<br><\/strong>Gustavo Riquelme ten\u00eda 48 a\u00f1os y trabajaba como mec\u00e1nico para la empresa Clear. Muri\u00f3 por el choque entre dos camiones, que ocurri\u00f3 ayer, jueves, alrededor de las 18. Fue sobre la Ruta 151, en la zona de \u00abLa Escondida\u00bb, a la altura del kil\u00f3metro 93.<\/p>\n\n\n\n<p>Adem\u00e1s de la muerte del petrolero, se registraron varios heridos porque no solo chocaron los dos camiones, sino que terminaron impactando contra otros veh\u00edculos menores que circulaban por el sector. Fueron tres camionetas, dos de empresas petroleras y una particular.<\/p>\n\n\n\n<p>De acuerdo a lo que indicaron testigos, un cami\u00f3n de la empresa Clear remolcaba un tr\u00e1iler que rompi\u00f3 una rueda a causa de los pozos que hay en la cinta asf\u00e1ltica. El mec\u00e1nico de la firma se dispuso a cambiar la rueda cuando fue embestido por el otro cami\u00f3n y muri\u00f3.<\/p>\n<div class=\"sharedaddy sd-sharing-enabled\"><div class=\"robots-nocontent sd-block sd-social sd-social-icon sd-sharing\"><h3 class=\"sd-title\">Comparte esto:<\/h3><div class=\"sd-content\"><ul><li class=\"share-twitter\"><a rel=\"nofollow noopener noreferrer\" data-shared=\"sharing-twitter-36463\" class=\"share-twitter sd-button share-icon no-text\" href=\"http:\/\/www.rtvnoticias.com.ar\/?p=36463&amp;share=twitter\" target=\"_blank\" title=\"Haz clic para compartir en Twitter\"><span><\/span><span class=\"sharing-screen-reader-text\">Haz clic para compartir en Twitter (Se abre en una ventana nueva)<\/span><\/a><\/li><li class=\"share-facebook\"><a rel=\"nofollow noopener noreferrer\" data-shared=\"sharing-facebook-36463\" class=\"share-facebook sd-button share-icon no-text\" href=\"http:\/\/www.rtvnoticias.com.ar\/?p=36463&amp;share=facebook\" target=\"_blank\" title=\"Haz clic para compartir en Facebook\"><span><\/span><span class=\"sharing-screen-reader-text\">Haz clic para compartir en Facebook (Se abre en una ventana nueva)<\/span><\/a><\/li><li class=\"share-jetpack-whatsapp\"><a rel=\"nofollow noopener noreferrer\" data-shared=\"\" class=\"share-jetpack-whatsapp sd-button share-icon no-text\" href=\"http:\/\/www.rtvnoticias.com.ar\/?p=36463&amp;share=jetpack-whatsapp\" target=\"_blank\" title=\"Haz clic para compartir en WhatsApp\"><span><\/span><span class=\"sharing-screen-reader-text\">Haz clic para compartir en WhatsApp (Se abre en una ventana nueva)<\/span><\/a><\/li><li class=\"share-telegram\"><a rel=\"nofollow noopener noreferrer\" data-shared=\"\" class=\"share-telegram sd-button share-icon no-text\" href=\"http:\/\/www.rtvnoticias.com.ar\/?p=36463&amp;share=telegram\" target=\"_blank\" title=\"Haz clic para compartir en Telegram\"><span><\/span><span class=\"sharing-screen-reader-text\">Haz clic para compartir en Telegram (Se abre en una ventana nueva)<\/span><\/a><\/li><li class=\"share-end\"><\/li><\/ul><\/div><\/div><\/div>","protected":false},"excerpt":{"rendered":"<p>Ayer muri\u00f3 un petrolero, por un choque. El secretario general, Marcelo Rucci, inform\u00f3 que reclaman que mejoren los caminos. En el inicio del fin de<\/p>\n<div class=\"sharedaddy sd-sharing-enabled\"><div class=\"robots-nocontent sd-block sd-social sd-social-icon sd-sharing\"><h3 class=\"sd-title\">Comparte esto:<\/h3><div class=\"sd-content\"><ul><li class=\"share-twitter\"><a rel=\"nofollow noopener noreferrer\" data-shared=\"sharing-twitter-36463\" class=\"share-twitter sd-button share-icon no-text\" href=\"http:\/\/www.rtvnoticias.com.ar\/?p=36463&amp;share=twitter\" target=\"_blank\" title=\"Haz clic para compartir en Twitter\"><span><\/span><span class=\"sharing-screen-reader-text\">Haz clic para compartir en Twitter (Se abre en una ventana nueva)<\/span><\/a><\/li><li class=\"share-facebook\"><a rel=\"nofollow noopener noreferrer\" data-shared=\"sharing-facebook-36463\" class=\"share-facebook sd-button share-icon no-text\" href=\"http:\/\/www.rtvnoticias.com.ar\/?p=36463&amp;share=facebook\" target=\"_blank\" title=\"Haz clic para compartir en Facebook\"><span><\/span><span class=\"sharing-screen-reader-text\">Haz clic para compartir en Facebook (Se abre en una ventana nueva)<\/span><\/a><\/li><li class=\"share-jetpack-whatsapp\"><a rel=\"nofollow noopener noreferrer\" data-shared=\"\" class=\"share-jetpack-whatsapp sd-button share-icon no-text\" href=\"http:\/\/www.rtvnoticias.com.ar\/?p=36463&amp;share=jetpack-whatsapp\" target=\"_blank\" title=\"Haz clic para compartir en WhatsApp\"><span><\/span><span class=\"sharing-screen-reader-text\">Haz clic para compartir en WhatsApp (Se abre en una ventana nueva)<\/span><\/a><\/li><li class=\"share-telegram\"><a rel=\"nofollow noopener noreferrer\" data-shared=\"\" class=\"share-telegram sd-button share-icon no-text\" href=\"http:\/\/www.rtvnoticias.com.ar\/?p=36463&amp;share=telegram\" target=\"_blank\" title=\"Haz clic para compartir en Telegram\"><span><\/span><span class=\"sharing-screen-reader-text\">Haz clic para compartir en Telegram (Se abre en una ventana nueva)<\/span><\/a><\/li><li class=\"share-end\"><\/li><\/ul><\/div><\/div><\/div>","protected":false},"author":7,"featured_media":36464,"comment_status":"closed","ping_status":"closed","sticky":false,"template":"","format":"standard","meta":{"spay_email":"","jetpack_publicize_message":"","jetpack_is_tweetstorm":false,"jetpack_publicize_feature_enabled":true},"categories":[5],"tags":[],"jetpack_featured_media_url":"http:\/\/www.rtvnoticias.com.ar\/wp-content\/uploads\/2023\/04\/corte-de-petroleros.jpeg","jetpack_publicize_connections":[],"jetpack_sharing_enabled":true,"_links":{"self":[{"href":"http:\/\/www.rtvnoticias.com.ar\/index.php?rest_route=\/wp\/v2\/posts\/36463"}],"collection":[{"href":"http:\/\/www.rtvnoticias.com.ar\/index.php?rest_route=\/wp\/v2\/posts"}],"about":[{"href":"http:\/\/www.rtvnoticias.com.ar\/index.php?rest_route=\/wp\/v2\/types\/post"}],"author":[{"embeddable":true,"href":"http:\/\/www.rtvnoticias.com.ar\/index.php?rest_route=\/wp\/v2\/users\/7"}],"replies":[{"embeddable":true,"href":"http:\/\/www.rtvnoticias.com.ar\/index.php?rest_route=%2Fwp%2Fv2%2Fcomments&post=36463"}],"version-history":[{"count":1,"href":"http:\/\/www.rtvnoticias.com.ar\/index.php?rest_route=\/wp\/v2\/posts\/36463\/revisions"}],"predecessor-version":[{"id":36465,"href":"http:\/\/www.rtvnoticias.com.ar\/index.php?rest_route=\/wp\/v2\/posts\/36463\/revisions\/36465"}],"wp:featuredmedia":[{"embeddable":true,"href":"http:\/\/www.rtvnoticias.com.ar\/index.php?rest_route=\/wp\/v2\/media\/36464"}],"wp:attachment":[{"href":"http:\/\/www.rtvnoticias.com.ar\/index.php?rest_route=%2Fwp%2Fv2%2Fmedia&parent=36463"}],"wp:term":[{"taxonomy":"category","embeddable":true,"href":"http:\/\/www.rtvnoticias.com.ar\/index.php?rest_route=%2Fwp%2Fv2%2Fcategories&post=36463"},{"taxonomy":"post_tag","embeddable":true,"href":"http:\/\/www.rtvnoticias.com.ar\/index.php?rest_route=%2Fwp%2Fv2%2Ftags&post=36463"}],"curies":[{"name":"wp","href":"https:\/\/api.w.org\/{rel}","templated":true}]}}