{"id":36497,"date":"2023-05-04T18:39:26","date_gmt":"2023-05-04T21:39:26","guid":{"rendered":"http:\/\/www.rtvnoticias.com.ar\/?p=36497"},"modified":"2023-05-04T18:39:29","modified_gmt":"2023-05-04T21:39:29","slug":"sesiono-el-concejo-deliberante-con-el-tratamiento-de-29-puntos","status":"publish","type":"post","link":"http:\/\/www.rtvnoticias.com.ar\/?p=36497","title":{"rendered":"Sesion\u00f3 el Concejo Deliberante con el tratamiento de 29 puntos"},"content":{"rendered":"\n<p> Con un orden del d\u00eda con 29 puntos, sesion\u00f3 el Concejo Deliberante de esta ciudad, aprobando diversos expedientes e ingresando varios para su tratamiento en las distintas comisiones. El presidente del cuerpo Daniel L\u00f3pez dio detalles sobre dos expedientes vinculados a obras en la ciudad.<\/p>\n\n\n\n<p>\u00abIngresaron dos solicitudes de aprobaci\u00f3n de lo que son los modelos de contratos entre el Departamento Ejecutivo local y la cartera social a nivel nacional y que permitir\u00e1n construir en la ciudad un SUM y dos playones multideportivos. Ser\u00e1 en el barrio Rucci donde se refuncionaliza el conocido CIC del barrio y se proceder\u00e1 a la construcci\u00f3n de un Sal\u00f3n de Usos M\u00faltiples que permita el desarrollo de actividades culturales, deportivas, educativas, teniendo en cuenta que el sector est\u00e1 en constante desarrollo y crecimiento y es fundamental contar con espacio de tales caracter\u00edsticas. Esta es una inversi\u00f3n de m\u00e1s de 42 millones de pesos, atendiendo a las necesidades de ese sector de la ciudad\u00bb, dijo el viceintendente al concluir la sesi\u00f3n<\/p>\n\n\n\n<p>Destac\u00f3 que son m\u00e1s obras en la ciudad en distintos barrios que aportan a la calidad de vida, mejoran los espacios p\u00fablicos y la seguridad vial. \u00abA lo anterior se suman dos obras en otros dos barrios, siguiendo con las que ha impulsado el Gobierno provincial y local, que no solo se han concentrado en el centro de la ciudad como fue renovar el denominado casco hist\u00f3rico, sino que son muchas las construcciones que avanzan en los distintos barrios. En continuidad con esta descentralizaci\u00f3n de la obra p\u00fablica estaremos trabajando este expediente que ingresa que permitir\u00e1 contar con playones multideportivos accesibles en el barrio Sur y el Ranqueles. Sin dudas dos obras que se suman al extenso listado que el Gobierno provincial viene realizando en la ciudad en beneficio de todas y todos los piquenses\u00bb, sostuvo L\u00f3pez.<\/p>\n\n\n\n<p><strong>Acompa\u00f1amiento<\/strong><\/p>\n\n\n\n<p>Sobre la aprobaci\u00f3n del proyecto que adhiere a la conmemoraci\u00f3n del D\u00eda Mundial de la Fibromialgia y S\u00edndrome de la Fatiga Cr\u00f3nica que se conmemora el 12 de mayo de cada a\u00f1o por iniciativa de la Organizaci\u00f3n Mundial de la Salud, el presidente del Concejo estableci\u00f3 que: \u201cuna vez m\u00e1s nos hicimos eco del pedido de los y las vecinas, en este caso un pedido originado por el grupo de pacientes autoconvocadas de la ciudad de General Pico que declarar de inter\u00e9s el d\u00eda y sumarnos a las actividades. Lidia Minetti, referente de este grupo, tom\u00f3 contacto y finalmente llevamos adelante la aprobaci\u00f3n de este proyecto de Ordenanza que deja establecido que cada 12 de mayo debemos iluminar el edificio Municipal y el Concejo como una forma de visibilizar esta enfermedad, adem\u00e1s de estar compartiendo la jornada que tendr\u00e1 lugar en la fecha mencionada con una propuesta de difusi\u00f3n de los alcances y consecuencias de esta enfermedad. No es el primer a\u00f1o que junto a los dem\u00e1s bloques acompa\u00f1amos a la causa, sino que hemos trabajado en acciones conjuntas de difusi\u00f3n y concientizaci\u00f3n\u201d.<\/p>\n\n\n\n<p>Continuando el acompa\u00f1amiento a distintas organizaciones del medio Daniel L\u00f3pez cont\u00f3 que \u201cdeclaramos de inter\u00e9s legislativo y estaremos acompa\u00f1ando tambi\u00e9n a la ONG General Pico se Une por la M\u00e9dula en la celebraci\u00f3n de su d\u00e9cimo aniversario en nuestra ciudad. Un gran trabajo el que lleva adelante esta organizaci\u00f3n con la que venimos trabajando en conjunto ya hace unos a\u00f1os y a los que nos sumamos en campa\u00f1as voluntarias de donaci\u00f3n de sangre y de m\u00e9dula \u00f3sea, incluso en nuestro propio edificio. Tomamos contacto con Agustina (Vanarelli) y r\u00e1pidamente nos pusimos de acuerdo para estar tambi\u00e9n en esta actividad de conmemoraci\u00f3n que denominaron 10\u00b0 aniversario de compromiso para una comunidad donante, que tendr\u00e1 lugar el pr\u00f3ximo 25 de mayo en plaza San Mart\u00edn y en donde esperamos que toda la comunidad acompa\u00f1e en esta causa que es nada m\u00e1s y nada menos que promover la vida porque cualquiera de nosotros podemos necesitar una donaci\u00f3n en cualquier momento\u201d.<\/p>\n\n\n\n<p>Consultado sobre el acompa\u00f1amiento a otras instituciones como son las deportivas y los bomberos voluntarios de la ciudad, otros de los puntos enumerados en el orden del d\u00eda de esta sesi\u00f3n, el presidente del Concejo dijo \u201cestuvo en el Concejo el presidente de la Asociaci\u00f3n de Bomberos Voluntarios de la ciudad Hugo Santamarina, compartiendo la iniciativa de llevar adelante una pe\u00f1a en el marco de las actividades que planea la asociaci\u00f3n para la celebraci\u00f3n del D\u00eda Nacional del Bombero Voluntario y que estaremos acompa\u00f1ando. Dicho evento tendr\u00e1 lugar en el mes de junio y por supuesto que estaremos cerca, hoy ingres\u00f3 el expediente con el pedido de acompa\u00f1amiento formal que ser\u00e1 abordado en las comisiones, pero estamos de acuerdo en este Concejo que es fundamental estar cerca de esta instituci\u00f3n que lleva adelante una enorme labor hacia la comunidad\u201d.<\/p>\n\n\n\n<p><strong>Prevenci\u00f3n<\/strong><\/p>\n\n\n\n<p>Finalmente Daniel L\u00f3pez se refiri\u00f3 al proyecto que ingres\u00f3 al Concejo en esta sesi\u00f3n y que pretende llevar adelante la construcci\u00f3n de un un ordenador vial. \u201cEs la secretar\u00eda de Planificaci\u00f3n local la que eleva este proyecto de construcci\u00f3n de lo que se denomina un ordenador vial, que son esas rotondas urbanas, intersecciones giratorias, que exigen la disminuci\u00f3n de la velocidad, lo que contribuye no solo a la disminuci\u00f3n de siniestros viales sino que proporcionan una mayor seguridad a peatones ya que garantizan cruces seguros mediante rampas y sendas peatonales, y sin generar grandes costos para su ejecuci\u00f3n. Esta obra est\u00e1 planificada para la intersecci\u00f3n de las calles 5, 300 y 305, una zona que requiere de alg\u00fan tipo de intervenci\u00f3n justamente para proporcionar m\u00e1s seguridad\u201d.<\/p>\n\n\n\n<p>\u201cSi bien el expediente estar\u00e1 en tratamiento en las comisiones internas la propuesta ya fue abordada dentro del Consejo Municipal de Tr\u00e1nsito, espacio del que forma parte el Concejo Deliberante, y tuvo su visto bueno all\u00ed por, lo que ya llega con un importante respaldo de este espacio con diversas representaciones. La intenci\u00f3n es aportar siempre a generar entornos seguros, en este caso vinculado a la seguridad vial. Es un sector que por el porcentaje de siniestros ocasionados necesita de alguna intervenci\u00f3n y estaremos debatiendo en el interior de las comisiones si esta podr\u00eda ser una de las alternativas para reducir este impacto negativo\u201d, sentenci\u00f3 L\u00f3pez.<\/p>\n<div class=\"sharedaddy sd-sharing-enabled\"><div class=\"robots-nocontent sd-block sd-social sd-social-icon sd-sharing\"><h3 class=\"sd-title\">Comparte esto:<\/h3><div class=\"sd-content\"><ul><li class=\"share-twitter\"><a rel=\"nofollow noopener noreferrer\" data-shared=\"sharing-twitter-36497\" class=\"share-twitter sd-button share-icon no-text\" href=\"http:\/\/www.rtvnoticias.com.ar\/?p=36497&amp;share=twitter\" target=\"_blank\" title=\"Haz clic para compartir en Twitter\"><span><\/span><span class=\"sharing-screen-reader-text\">Haz clic para compartir en Twitter (Se abre en una ventana nueva)<\/span><\/a><\/li><li class=\"share-facebook\"><a rel=\"nofollow noopener noreferrer\" data-shared=\"sharing-facebook-36497\" class=\"share-facebook sd-button share-icon no-text\" href=\"http:\/\/www.rtvnoticias.com.ar\/?p=36497&amp;share=facebook\" target=\"_blank\" title=\"Haz clic para compartir en Facebook\"><span><\/span><span class=\"sharing-screen-reader-text\">Haz clic para compartir en Facebook (Se abre en una ventana nueva)<\/span><\/a><\/li><li class=\"share-jetpack-whatsapp\"><a rel=\"nofollow noopener noreferrer\" data-shared=\"\" class=\"share-jetpack-whatsapp sd-button share-icon no-text\" href=\"http:\/\/www.rtvnoticias.com.ar\/?p=36497&amp;share=jetpack-whatsapp\" target=\"_blank\" title=\"Haz clic para compartir en WhatsApp\"><span><\/span><span class=\"sharing-screen-reader-text\">Haz clic para compartir en WhatsApp (Se abre en una ventana nueva)<\/span><\/a><\/li><li class=\"share-telegram\"><a rel=\"nofollow noopener noreferrer\" data-shared=\"\" class=\"share-telegram sd-button share-icon no-text\" href=\"http:\/\/www.rtvnoticias.com.ar\/?p=36497&amp;share=telegram\" target=\"_blank\" title=\"Haz clic para compartir en Telegram\"><span><\/span><span class=\"sharing-screen-reader-text\">Haz clic para compartir en Telegram (Se abre en una ventana nueva)<\/span><\/a><\/li><li class=\"share-end\"><\/li><\/ul><\/div><\/div><\/div>","protected":false},"excerpt":{"rendered":"<p>Con un orden del d\u00eda con 29 puntos, sesion\u00f3 el Concejo Deliberante de esta ciudad, aprobando diversos expedientes e ingresando varios para su tratamiento en<\/p>\n<div class=\"sharedaddy sd-sharing-enabled\"><div class=\"robots-nocontent sd-block sd-social sd-social-icon sd-sharing\"><h3 class=\"sd-title\">Comparte esto:<\/h3><div class=\"sd-content\"><ul><li class=\"share-twitter\"><a rel=\"nofollow noopener noreferrer\" data-shared=\"sharing-twitter-36497\" class=\"share-twitter sd-button share-icon no-text\" href=\"http:\/\/www.rtvnoticias.com.ar\/?p=36497&amp;share=twitter\" target=\"_blank\" title=\"Haz clic para compartir en Twitter\"><span><\/span><span class=\"sharing-screen-reader-text\">Haz clic para compartir en Twitter (Se abre en una ventana nueva)<\/span><\/a><\/li><li class=\"share-facebook\"><a rel=\"nofollow noopener noreferrer\" data-shared=\"sharing-facebook-36497\" class=\"share-facebook sd-button share-icon no-text\" href=\"http:\/\/www.rtvnoticias.com.ar\/?p=36497&amp;share=facebook\" target=\"_blank\" title=\"Haz clic para compartir en Facebook\"><span><\/span><span class=\"sharing-screen-reader-text\">Haz clic para compartir en Facebook (Se abre en una ventana nueva)<\/span><\/a><\/li><li class=\"share-jetpack-whatsapp\"><a rel=\"nofollow noopener noreferrer\" data-shared=\"\" class=\"share-jetpack-whatsapp sd-button share-icon no-text\" href=\"http:\/\/www.rtvnoticias.com.ar\/?p=36497&amp;share=jetpack-whatsapp\" target=\"_blank\" title=\"Haz clic para compartir en WhatsApp\"><span><\/span><span class=\"sharing-screen-reader-text\">Haz clic para compartir en WhatsApp (Se abre en una ventana nueva)<\/span><\/a><\/li><li class=\"share-telegram\"><a rel=\"nofollow noopener noreferrer\" data-shared=\"\" class=\"share-telegram sd-button share-icon no-text\" href=\"http:\/\/www.rtvnoticias.com.ar\/?p=36497&amp;share=telegram\" target=\"_blank\" title=\"Haz clic para compartir en Telegram\"><span><\/span><span class=\"sharing-screen-reader-text\">Haz clic para compartir en Telegram (Se abre en una ventana nueva)<\/span><\/a><\/li><li class=\"share-end\"><\/li><\/ul><\/div><\/div><\/div>","protected":false},"author":5,"featured_media":36498,"comment_status":"closed","ping_status":"closed","sticky":false,"template":"","format":"standard","meta":{"spay_email":"","jetpack_publicize_message":"","jetpack_is_tweetstorm":false,"jetpack_publicize_feature_enabled":true},"categories":[3],"tags":[197],"jetpack_featured_media_url":"http:\/\/www.rtvnoticias.com.ar\/wp-content\/uploads\/2023\/05\/lopez-dany.jpg","jetpack_publicize_connections":[],"jetpack_sharing_enabled":true,"_links":{"self":[{"href":"http:\/\/www.rtvnoticias.com.ar\/index.php?rest_route=\/wp\/v2\/posts\/36497"}],"collection":[{"href":"http:\/\/www.rtvnoticias.com.ar\/index.php?rest_route=\/wp\/v2\/posts"}],"about":[{"href":"http:\/\/www.rtvnoticias.com.ar\/index.php?rest_route=\/wp\/v2\/types\/post"}],"author":[{"embeddable":true,"href":"http:\/\/www.rtvnoticias.com.ar\/index.php?rest_route=\/wp\/v2\/users\/5"}],"replies":[{"embeddable":true,"href":"http:\/\/www.rtvnoticias.com.ar\/index.php?rest_route=%2Fwp%2Fv2%2Fcomments&post=36497"}],"version-history":[{"count":1,"href":"http:\/\/www.rtvnoticias.com.ar\/index.php?rest_route=\/wp\/v2\/posts\/36497\/revisions"}],"predecessor-version":[{"id":36499,"href":"http:\/\/www.rtvnoticias.com.ar\/index.php?rest_route=\/wp\/v2\/posts\/36497\/revisions\/36499"}],"wp:featuredmedia":[{"embeddable":true,"href":"http:\/\/www.rtvnoticias.com.ar\/index.php?rest_route=\/wp\/v2\/media\/36498"}],"wp:attachment":[{"href":"http:\/\/www.rtvnoticias.com.ar\/index.php?rest_route=%2Fwp%2Fv2%2Fmedia&parent=36497"}],"wp:term":[{"taxonomy":"category","embeddable":true,"href":"http:\/\/www.rtvnoticias.com.ar\/index.php?rest_route=%2Fwp%2Fv2%2Fcategories&post=36497"},{"taxonomy":"post_tag","embeddable":true,"href":"http:\/\/www.rtvnoticias.com.ar\/index.php?rest_route=%2Fwp%2Fv2%2Ftags&post=36497"}],"curies":[{"name":"wp","href":"https:\/\/api.w.org\/{rel}","templated":true}]}}