{"id":36505,"date":"2023-05-05T12:23:00","date_gmt":"2023-05-05T15:23:00","guid":{"rendered":"http:\/\/www.rtvnoticias.com.ar\/?p=36505"},"modified":"2023-05-04T19:26:13","modified_gmt":"2023-05-04T22:26:13","slug":"vacunacion-antirrabica-y-castraciones-en-los-barrios-roca-y-empleados-de-comercio","status":"publish","type":"post","link":"http:\/\/www.rtvnoticias.com.ar\/?p=36505","title":{"rendered":"Vacunaci\u00f3n antirr\u00e1bica y castraciones en los barrios Roca y Empleados de Comercio"},"content":{"rendered":"\n<p>Con el objetivo de mantener las acciones de cuidado destinadas a animales de compa\u00f1\u00eda la Municipalidad de General Pico llevar\u00e1 a cabo una nueva jornada libre y gratuita de vacunaci\u00f3n antirr\u00e1bica y castraciones a trav\u00e9s del Quir\u00f3fano m\u00f3vil en los barrios Roca y Empleados de Comercio, sectores que tendr\u00e1n prioridad, el 10 y 11 de mayo, con inscripci\u00f3n previa.<\/p>\n\n\n\n<p>En este sentido, y por una cuesti\u00f3n de cupos, los turnos para castraciones de caninos y felinos podr\u00e1n sacarse hasta el martes 9, de 8:00 a 12:30, en el Servicio Social de Base de calle 116 N\u00b0 124. La vacunaci\u00f3n antirr\u00e1bica no requiere inscripci\u00f3n.<\/p>\n\n\n\n<p>En relaci\u00f3n al nuevo operativo del plan municipal de castraciones, el director de Zoonosis y Vectores, Mat\u00edas Calmels coment\u00f3: \u201cEstamos convocando a las y los vecinos de la zona: Malvinas, Talleres, Empleados de Comercio y Roca quienes van a tener prioridad para inscribirse en el mismo servicio social de base o v\u00eda web\u201d.<\/p>\n\n\n\n<p>Respecto al pre quir\u00fargico necesario para la seguridad de las y los pacientes, Calmels destac\u00f3: \u201cNo se puede ir con el perrito o el gatito en el momento porque las castraciones requieren de turnos con anticipaci\u00f3n por el per\u00edodo de ayuno\u201d.<\/p>\n\n\n\n<p>De la misma manera agreg\u00f3: \u201cSolicitamos collar y correa para los canes y bolsito, jaula transportadora o mochila para los felinos. Siempre reforzamos esas recomendaciones porque buscamos reducir los riesgos que tiene una cirug\u00eda\u201d.<\/p>\n\n\n\n<p>En cuanto al operativo, el director de Zoonosis indic\u00f3: \u201cEl resto es muy sencillo y la gente se sorprende porque el tiempo de espera es relativamente corto, los profesionales est\u00e1n muy entrenados, siempre y cuando la preparaci\u00f3n del animal est\u00e9 en condiciones y siguiendo las recomendaciones\u201d.<\/p>\n\n\n\n<p>En relaci\u00f3n a los dos casos de murci\u00e9lagos que arrojaron resultados positivos para el virus de la rabia, indic\u00f3: \u201cHicimos las campa\u00f1as de vacunaci\u00f3n necesarias. Se trata de una enfermedad zoon\u00f3tica y mortal, la \u00fanica manera de prevenirla es a trav\u00e9s de la vacunaci\u00f3n antirr\u00e1bica de nuestras mascotas. Vacunar demora 5 minutos y ellos se van protegidos y con su certificado\u201d.<\/p>\n\n\n\n<p>Finalmente, respecto a las estad\u00edsticas, el profesional coment\u00f3: \u201cEn cuanto al sexo, la proporci\u00f3n de castraciones es pareja 50% hembras y 50% machos. Hace casi dos a\u00f1os que advertimos m\u00e1s solicitudes de turnos en felinos que en caninos, en un porcentaje 60% a 40%\u201d.<\/p>\n\n\n\n<p>Cabe destacar que siempre se indica castrar a edad temprana ya que se reducen las posibilidades de desarrollo de enfermedades hormonodependientes, posibles huidas y conductas de marcaci\u00f3n en el caso de los machos.<\/p>\n\n\n\n<p>CASTRACIONES MASIVAS<\/p>\n\n\n\n<p>La pr\u00f3xima edici\u00f3n del 10 y 11 de mayo es la tercera que se realiza en el a\u00f1o. El Quir\u00f3fano m\u00f3vil ya estuvo en los barrios Don Bosco &#8211; Frank Allan y Malvinas.<\/p>\n\n\n\n<p>En el a\u00f1o 2022 el municipio local intervino 750 perros y gatos en 11 operativos de \u00e9ste tipo. Desde que inici\u00f3 la gesti\u00f3n de Fernanda Alonso se esterilizaron m\u00e1s de 1.500 ejemplares a trav\u00e9s del Quir\u00f3fano m\u00f3vil y 11 mil en total.<\/p>\n<div class=\"sharedaddy sd-sharing-enabled\"><div class=\"robots-nocontent sd-block sd-social sd-social-icon sd-sharing\"><h3 class=\"sd-title\">Comparte esto:<\/h3><div class=\"sd-content\"><ul><li class=\"share-twitter\"><a rel=\"nofollow noopener noreferrer\" data-shared=\"sharing-twitter-36505\" class=\"share-twitter sd-button share-icon no-text\" href=\"http:\/\/www.rtvnoticias.com.ar\/?p=36505&amp;share=twitter\" target=\"_blank\" title=\"Haz clic para compartir en Twitter\"><span><\/span><span class=\"sharing-screen-reader-text\">Haz clic para compartir en Twitter (Se abre en una ventana nueva)<\/span><\/a><\/li><li class=\"share-facebook\"><a rel=\"nofollow noopener noreferrer\" data-shared=\"sharing-facebook-36505\" class=\"share-facebook sd-button share-icon no-text\" href=\"http:\/\/www.rtvnoticias.com.ar\/?p=36505&amp;share=facebook\" target=\"_blank\" title=\"Haz clic para compartir en Facebook\"><span><\/span><span class=\"sharing-screen-reader-text\">Haz clic para compartir en Facebook (Se abre en una ventana nueva)<\/span><\/a><\/li><li class=\"share-jetpack-whatsapp\"><a rel=\"nofollow noopener noreferrer\" data-shared=\"\" class=\"share-jetpack-whatsapp sd-button share-icon no-text\" href=\"http:\/\/www.rtvnoticias.com.ar\/?p=36505&amp;share=jetpack-whatsapp\" target=\"_blank\" title=\"Haz clic para compartir en WhatsApp\"><span><\/span><span class=\"sharing-screen-reader-text\">Haz clic para compartir en WhatsApp (Se abre en una ventana nueva)<\/span><\/a><\/li><li class=\"share-telegram\"><a rel=\"nofollow noopener noreferrer\" data-shared=\"\" class=\"share-telegram sd-button share-icon no-text\" href=\"http:\/\/www.rtvnoticias.com.ar\/?p=36505&amp;share=telegram\" target=\"_blank\" title=\"Haz clic para compartir en Telegram\"><span><\/span><span class=\"sharing-screen-reader-text\">Haz clic para compartir en Telegram (Se abre en una ventana nueva)<\/span><\/a><\/li><li class=\"share-end\"><\/li><\/ul><\/div><\/div><\/div>","protected":false},"excerpt":{"rendered":"<p>Con el objetivo de mantener las acciones de cuidado destinadas a animales de compa\u00f1\u00eda la Municipalidad de General Pico llevar\u00e1 a cabo una nueva jornada<\/p>\n<div class=\"sharedaddy sd-sharing-enabled\"><div class=\"robots-nocontent sd-block sd-social sd-social-icon sd-sharing\"><h3 class=\"sd-title\">Comparte esto:<\/h3><div class=\"sd-content\"><ul><li class=\"share-twitter\"><a rel=\"nofollow noopener noreferrer\" data-shared=\"sharing-twitter-36505\" class=\"share-twitter sd-button share-icon no-text\" href=\"http:\/\/www.rtvnoticias.com.ar\/?p=36505&amp;share=twitter\" target=\"_blank\" title=\"Haz clic para compartir en Twitter\"><span><\/span><span class=\"sharing-screen-reader-text\">Haz clic para compartir en Twitter (Se abre en una ventana nueva)<\/span><\/a><\/li><li class=\"share-facebook\"><a rel=\"nofollow noopener noreferrer\" data-shared=\"sharing-facebook-36505\" class=\"share-facebook sd-button share-icon no-text\" href=\"http:\/\/www.rtvnoticias.com.ar\/?p=36505&amp;share=facebook\" target=\"_blank\" title=\"Haz clic para compartir en Facebook\"><span><\/span><span class=\"sharing-screen-reader-text\">Haz clic para compartir en Facebook (Se abre en una ventana nueva)<\/span><\/a><\/li><li class=\"share-jetpack-whatsapp\"><a rel=\"nofollow noopener noreferrer\" data-shared=\"\" class=\"share-jetpack-whatsapp sd-button share-icon no-text\" href=\"http:\/\/www.rtvnoticias.com.ar\/?p=36505&amp;share=jetpack-whatsapp\" target=\"_blank\" title=\"Haz clic para compartir en WhatsApp\"><span><\/span><span class=\"sharing-screen-reader-text\">Haz clic para compartir en WhatsApp (Se abre en una ventana nueva)<\/span><\/a><\/li><li class=\"share-telegram\"><a rel=\"nofollow noopener noreferrer\" data-shared=\"\" class=\"share-telegram sd-button share-icon no-text\" href=\"http:\/\/www.rtvnoticias.com.ar\/?p=36505&amp;share=telegram\" target=\"_blank\" title=\"Haz clic para compartir en Telegram\"><span><\/span><span class=\"sharing-screen-reader-text\">Haz clic para compartir en Telegram (Se abre en una ventana nueva)<\/span><\/a><\/li><li class=\"share-end\"><\/li><\/ul><\/div><\/div><\/div>","protected":false},"author":7,"featured_media":36299,"comment_status":"closed","ping_status":"closed","sticky":false,"template":"","format":"standard","meta":{"spay_email":"","jetpack_publicize_message":"","jetpack_is_tweetstorm":false,"jetpack_publicize_feature_enabled":true},"categories":[3],"tags":[],"jetpack_featured_media_url":"http:\/\/www.rtvnoticias.com.ar\/wp-content\/uploads\/2023\/04\/Antirrabica.jpg","jetpack_publicize_connections":[],"jetpack_sharing_enabled":true,"_links":{"self":[{"href":"http:\/\/www.rtvnoticias.com.ar\/index.php?rest_route=\/wp\/v2\/posts\/36505"}],"collection":[{"href":"http:\/\/www.rtvnoticias.com.ar\/index.php?rest_route=\/wp\/v2\/posts"}],"about":[{"href":"http:\/\/www.rtvnoticias.com.ar\/index.php?rest_route=\/wp\/v2\/types\/post"}],"author":[{"embeddable":true,"href":"http:\/\/www.rtvnoticias.com.ar\/index.php?rest_route=\/wp\/v2\/users\/7"}],"replies":[{"embeddable":true,"href":"http:\/\/www.rtvnoticias.com.ar\/index.php?rest_route=%2Fwp%2Fv2%2Fcomments&post=36505"}],"version-history":[{"count":1,"href":"http:\/\/www.rtvnoticias.com.ar\/index.php?rest_route=\/wp\/v2\/posts\/36505\/revisions"}],"predecessor-version":[{"id":36506,"href":"http:\/\/www.rtvnoticias.com.ar\/index.php?rest_route=\/wp\/v2\/posts\/36505\/revisions\/36506"}],"wp:featuredmedia":[{"embeddable":true,"href":"http:\/\/www.rtvnoticias.com.ar\/index.php?rest_route=\/wp\/v2\/media\/36299"}],"wp:attachment":[{"href":"http:\/\/www.rtvnoticias.com.ar\/index.php?rest_route=%2Fwp%2Fv2%2Fmedia&parent=36505"}],"wp:term":[{"taxonomy":"category","embeddable":true,"href":"http:\/\/www.rtvnoticias.com.ar\/index.php?rest_route=%2Fwp%2Fv2%2Fcategories&post=36505"},{"taxonomy":"post_tag","embeddable":true,"href":"http:\/\/www.rtvnoticias.com.ar\/index.php?rest_route=%2Fwp%2Fv2%2Ftags&post=36505"}],"curies":[{"name":"wp","href":"https:\/\/api.w.org\/{rel}","templated":true}]}}