{"id":36518,"date":"2023-05-08T08:55:41","date_gmt":"2023-05-08T11:55:41","guid":{"rendered":"http:\/\/www.rtvnoticias.com.ar\/?p=36518"},"modified":"2023-05-08T08:55:44","modified_gmt":"2023-05-08T11:55:44","slug":"la-rioja-jujuy-y-misiones-los-oficialismos-ganaron-comodos-y-nadie-se-saco-ventaja-a-nivel-nacional","status":"publish","type":"post","link":"http:\/\/www.rtvnoticias.com.ar\/?p=36518","title":{"rendered":"La Rioja, Jujuy y Misiones: los oficialismos ganaron c\u00f3modos y nadie se sac\u00f3 ventaja a nivel nacional"},"content":{"rendered":"\n<p>Las elecciones provinciales en Misiones, Jujuy y La Rioja dejaron victorias holgadas de los oficialismos y paridad en el reparto de los triunfos para las fuerzas nacionales, que no pudieron sacarse ventaja.<\/p>\n\n\n\n<p>La reelecci\u00f3n de Ricardo Quintela en La Rioja anot\u00f3 un punto para el Frente de Todos, mientras que el triunfo de Carlos Sadir en Jujuy igual\u00f3 el marcador para Juntos por el Cambio.<\/p>\n\n\n\n<p>La victoria m\u00e1s contundente se dio en Misiones, con Hugo Passalacqua, aunque su performance no cuenta a nivel nacional, ya que el Frente Renovador de la Concordia no se referencia ni en el oficialismo ni en la oposici\u00f3n.<\/p>\n\n\n\n<p>Con este conteo, el Frente de Todos y Juntos por el Cambio no lograron sacarse ventaja en las celebraciones de este domingo, aunque tendr\u00e1n una nueva jornada de disputa provincial la pr\u00f3xima semana, cuando se lleven a cabo elecciones en San Juan, Salta, Tucum\u00e1n, La Pampa y Tierra del Fuego.<\/p>\n\n\n\n<p>El b\u00fanker del Frente Cambia Jujuy acogi\u00f3 a dos postulantes presidenciales de Juntos por el Cambio, al local y gobernador de la UCR, Gerardo Morales, y al jefe de Gobierno porte\u00f1o, Horacio Rodr\u00edguez Larreta.<\/p>\n\n\n\n<p>La imagen del l\u00edder del radicalismo y el precandidato nacional del PRO no pas\u00f3 desapercibida para quienes especulan con que podr\u00edan compartir una f\u00f3rmula en las PASO de agosto pr\u00f3ximo.<\/p>\n\n\n\n<p>Adem\u00e1s, a la foto se sum\u00f3 el senador nacional Mart\u00edn Lousteau, anotado para disputar con los referentes del PRO la sucesi\u00f3n de Parque Patricios en primarias.<\/p>\n\n\n\n<p>\u00ab\u00c9l te va a reemplazar. Si Dios quiere, estamos trabajando fuerte para eso\u00bb, le dijo Morales este domingo a Rodr\u00edguez Larreta y se\u00f1alando a Lousteau.<\/p>\n\n\n\n<p>Esa imagen tampoco pas\u00f3 desapercibida para los macristas que acusaban al jefe de Gobierno de tener un acuerdo solapado con el l\u00edder de Evoluci\u00f3n.<\/p>\n\n\n\n<p>En la otra vereda del PRO, la precandidata Patricia Bullrich salud\u00f3 a Sadir y a Morales v\u00eda Twitter: \u00ab\u00a1Felicitaciones @carlossadirjuy por tu triunfo! Los juje\u00f1os decidieron continuar con el cambio que @GerardoMorales comenz\u00f3 con coraje, quien no dud\u00f3 en terminar con la mafia de Milagro Sala. Ellos son testimonio de c\u00f3mo se puede vencer al kirchnerismo. Un fuerte abrazo a los candidatos electos de Juntos por el Cambio\u00bb.<\/p>\n\n\n\n<p>En La Rioja, el festejo de Quintela no tuvo referentes nacionales este domingo, aunque el presidente Alberto Fern\u00e1ndez viajar\u00e1 esta tarde para encabezar un acto y tratar de capitalizar la victoria en momentos dif\u00edciles para la gesti\u00f3n y la unidad del Frente de Todos.<\/p>\n\n\n\n<p>\u00ab\u00a1Felicitaciones querido gobernador Ricardo Quintela! Desde el Frente de Todos trabajaste incansablemente por nuestra maravillosa La Rioja y el pueblo te acompa\u00f1a nuevamente\u00bb, public\u00f3 Fern\u00e1ndez en su cuenta de Twitter.<\/p>\n\n\n\n<p>No hubo saludo p\u00fablico de la vicepresidenta Cristina Kirchner ni del ministro de Econom\u00eda, Sergio Massa.<\/p>\n\n\n\n<p>En Misiones, donde Passalacqua le sac\u00f3 40 puntos al segundo, el mensaje fue una dura cr\u00edtica al poder central y a todo lo que viene de \u00abBuenos Aires\u00bb.<\/p>\n\n\n\n<p>En su conferencia durante los festejos, el flamante gobernador electo aclar\u00f3 que no hay identificaci\u00f3n con espacios nacionales: \u00abNunca quisimos una foto con nadie\u00bb.<\/p>\n\n\n\n<p>Esa diferenciaci\u00f3n y el intento de despegarse de los frente m\u00e1s polarizados se repiti\u00f3 en las elecciones que tuvieron lugar semanas atr\u00e1s en Neuqu\u00e9n y R\u00edo Negro, una f\u00f3rmula que les sirvi\u00f3 en la victoria a los ganadores.<\/p>\n\n\n\n<p>El domingo pr\u00f3ximo el Frente de Todos es el que pone m\u00e1s en juego, ya que de las cinco provincias son gobernadas por dirigentes oficialistas.<\/p>\n\n\n\n<p>Por ahora, de las cinco elecciones realizadas hasta el momento, solo en Neuqu\u00e9n perdi\u00f3 el frente gobernante (Rolando Figueroa desbanc\u00f3 al Movimiento Popular Neuquino), por lo que habr\u00e1 que esperar para ver cu\u00e1l es la suerte de los oficialismos de Tucum\u00e1n, Salta, La Pampa, Tierra del Fuego y San Juan.<\/p>\n<div class=\"sharedaddy sd-sharing-enabled\"><div class=\"robots-nocontent sd-block sd-social sd-social-icon sd-sharing\"><h3 class=\"sd-title\">Comparte esto:<\/h3><div class=\"sd-content\"><ul><li class=\"share-twitter\"><a rel=\"nofollow noopener noreferrer\" data-shared=\"sharing-twitter-36518\" class=\"share-twitter sd-button share-icon no-text\" href=\"http:\/\/www.rtvnoticias.com.ar\/?p=36518&amp;share=twitter\" target=\"_blank\" title=\"Haz clic para compartir en Twitter\"><span><\/span><span class=\"sharing-screen-reader-text\">Haz clic para compartir en Twitter (Se abre en una ventana nueva)<\/span><\/a><\/li><li class=\"share-facebook\"><a rel=\"nofollow noopener noreferrer\" data-shared=\"sharing-facebook-36518\" class=\"share-facebook sd-button share-icon no-text\" href=\"http:\/\/www.rtvnoticias.com.ar\/?p=36518&amp;share=facebook\" target=\"_blank\" title=\"Haz clic para compartir en Facebook\"><span><\/span><span class=\"sharing-screen-reader-text\">Haz clic para compartir en Facebook (Se abre en una ventana nueva)<\/span><\/a><\/li><li class=\"share-jetpack-whatsapp\"><a rel=\"nofollow noopener noreferrer\" data-shared=\"\" class=\"share-jetpack-whatsapp sd-button share-icon no-text\" href=\"http:\/\/www.rtvnoticias.com.ar\/?p=36518&amp;share=jetpack-whatsapp\" target=\"_blank\" title=\"Haz clic para compartir en WhatsApp\"><span><\/span><span class=\"sharing-screen-reader-text\">Haz clic para compartir en WhatsApp (Se abre en una ventana nueva)<\/span><\/a><\/li><li class=\"share-telegram\"><a rel=\"nofollow noopener noreferrer\" data-shared=\"\" class=\"share-telegram sd-button share-icon no-text\" href=\"http:\/\/www.rtvnoticias.com.ar\/?p=36518&amp;share=telegram\" target=\"_blank\" title=\"Haz clic para compartir en Telegram\"><span><\/span><span class=\"sharing-screen-reader-text\">Haz clic para compartir en Telegram (Se abre en una ventana nueva)<\/span><\/a><\/li><li class=\"share-end\"><\/li><\/ul><\/div><\/div><\/div>","protected":false},"excerpt":{"rendered":"<p>Las elecciones provinciales en Misiones, Jujuy y La Rioja dejaron victorias holgadas de los oficialismos y paridad en el reparto de los triunfos para las<\/p>\n<div class=\"sharedaddy sd-sharing-enabled\"><div class=\"robots-nocontent sd-block sd-social sd-social-icon sd-sharing\"><h3 class=\"sd-title\">Comparte esto:<\/h3><div class=\"sd-content\"><ul><li class=\"share-twitter\"><a rel=\"nofollow noopener noreferrer\" data-shared=\"sharing-twitter-36518\" class=\"share-twitter sd-button share-icon no-text\" href=\"http:\/\/www.rtvnoticias.com.ar\/?p=36518&amp;share=twitter\" target=\"_blank\" title=\"Haz clic para compartir en Twitter\"><span><\/span><span class=\"sharing-screen-reader-text\">Haz clic para compartir en Twitter (Se abre en una ventana nueva)<\/span><\/a><\/li><li class=\"share-facebook\"><a rel=\"nofollow noopener noreferrer\" data-shared=\"sharing-facebook-36518\" class=\"share-facebook sd-button share-icon no-text\" href=\"http:\/\/www.rtvnoticias.com.ar\/?p=36518&amp;share=facebook\" target=\"_blank\" title=\"Haz clic para compartir en Facebook\"><span><\/span><span class=\"sharing-screen-reader-text\">Haz clic para compartir en Facebook (Se abre en una ventana nueva)<\/span><\/a><\/li><li class=\"share-jetpack-whatsapp\"><a rel=\"nofollow noopener noreferrer\" data-shared=\"\" class=\"share-jetpack-whatsapp sd-button share-icon no-text\" href=\"http:\/\/www.rtvnoticias.com.ar\/?p=36518&amp;share=jetpack-whatsapp\" target=\"_blank\" title=\"Haz clic para compartir en WhatsApp\"><span><\/span><span class=\"sharing-screen-reader-text\">Haz clic para compartir en WhatsApp (Se abre en una ventana nueva)<\/span><\/a><\/li><li class=\"share-telegram\"><a rel=\"nofollow noopener noreferrer\" data-shared=\"\" class=\"share-telegram sd-button share-icon no-text\" href=\"http:\/\/www.rtvnoticias.com.ar\/?p=36518&amp;share=telegram\" target=\"_blank\" title=\"Haz clic para compartir en Telegram\"><span><\/span><span class=\"sharing-screen-reader-text\">Haz clic para compartir en Telegram (Se abre en una ventana nueva)<\/span><\/a><\/li><li class=\"share-end\"><\/li><\/ul><\/div><\/div><\/div>","protected":false},"author":7,"featured_media":36519,"comment_status":"closed","ping_status":"closed","sticky":false,"template":"","format":"standard","meta":{"spay_email":"","jetpack_publicize_message":"","jetpack_is_tweetstorm":false,"jetpack_publicize_feature_enabled":true},"categories":[5],"tags":[],"jetpack_featured_media_url":"http:\/\/www.rtvnoticias.com.ar\/wp-content\/uploads\/2023\/05\/sadir-quintela-passalacqua.jpg","jetpack_publicize_connections":[],"jetpack_sharing_enabled":true,"_links":{"self":[{"href":"http:\/\/www.rtvnoticias.com.ar\/index.php?rest_route=\/wp\/v2\/posts\/36518"}],"collection":[{"href":"http:\/\/www.rtvnoticias.com.ar\/index.php?rest_route=\/wp\/v2\/posts"}],"about":[{"href":"http:\/\/www.rtvnoticias.com.ar\/index.php?rest_route=\/wp\/v2\/types\/post"}],"author":[{"embeddable":true,"href":"http:\/\/www.rtvnoticias.com.ar\/index.php?rest_route=\/wp\/v2\/users\/7"}],"replies":[{"embeddable":true,"href":"http:\/\/www.rtvnoticias.com.ar\/index.php?rest_route=%2Fwp%2Fv2%2Fcomments&post=36518"}],"version-history":[{"count":1,"href":"http:\/\/www.rtvnoticias.com.ar\/index.php?rest_route=\/wp\/v2\/posts\/36518\/revisions"}],"predecessor-version":[{"id":36520,"href":"http:\/\/www.rtvnoticias.com.ar\/index.php?rest_route=\/wp\/v2\/posts\/36518\/revisions\/36520"}],"wp:featuredmedia":[{"embeddable":true,"href":"http:\/\/www.rtvnoticias.com.ar\/index.php?rest_route=\/wp\/v2\/media\/36519"}],"wp:attachment":[{"href":"http:\/\/www.rtvnoticias.com.ar\/index.php?rest_route=%2Fwp%2Fv2%2Fmedia&parent=36518"}],"wp:term":[{"taxonomy":"category","embeddable":true,"href":"http:\/\/www.rtvnoticias.com.ar\/index.php?rest_route=%2Fwp%2Fv2%2Fcategories&post=36518"},{"taxonomy":"post_tag","embeddable":true,"href":"http:\/\/www.rtvnoticias.com.ar\/index.php?rest_route=%2Fwp%2Fv2%2Ftags&post=36518"}],"curies":[{"name":"wp","href":"https:\/\/api.w.org\/{rel}","templated":true}]}}