{"id":36524,"date":"2023-05-08T09:05:27","date_gmt":"2023-05-08T12:05:27","guid":{"rendered":"http:\/\/www.rtvnoticias.com.ar\/?p=36524"},"modified":"2023-05-08T09:05:30","modified_gmt":"2023-05-08T12:05:30","slug":"murio-gary-prado-salmon-el-militar-boliviano-que-capturo-al-che-guevara","status":"publish","type":"post","link":"http:\/\/www.rtvnoticias.com.ar\/?p=36524","title":{"rendered":"Muri\u00f3 Gary Prado Salm\u00f3n, el militar boliviano que captur\u00f3 al \u00abChe\u00bb Guevara"},"content":{"rendered":"\n<p>El general boliviano Gary Prado Salm\u00f3n, quien captur\u00f3 al guerrillero argentino Ernesto \u00abChe\u00bb Guevara en 1967, muri\u00f3 en la ciudad de Santa Cruz a los 84 a\u00f1os, inform\u00f3 su hijo en redes sociales.<\/p>\n\n\n\n<p>\u00abEl Se\u00f1or acaba de llamar a su Reino a mi padre Gral Div SP Gary Augusto Prado Salm\u00f3n\u00bb, escribi\u00f3 su hijo, Gary Prado Ara\u00faz, ayer en su cuenta en Facebook.<\/p>\n\n\n\n<p>\u00abSe fue acompa\u00f1ado de su esposa e hijos. Nos deja un legado de amor, honradez y temple. Fue una persona extraordinaria\u00bb, agreg\u00f3.<\/p>\n\n\n\n<p>Desde mediados de abril, Prado Salm\u00f3n sufri\u00f3 complicaciones de salud y estuvo hospitalizado.<\/p>\n\n\n\n<p>Su hijo agradeci\u00f3 en su mensaje a todas las personas que apoyaron a su familia \u00aben este tiempo de su agon\u00eda\u00bb.<\/p>\n\n\n\n<p>El general Gary Prado Salm\u00f3n comand\u00f3 el 8 de octubre 1967 una patrulla en el suroeste de Bolivia que termin\u00f3 con la captura del \u00abChe\u00bb Guevara, quien entonces estaba herido.<\/p>\n\n\n\n<p>Un d\u00eda despu\u00e9s, el Ej\u00e9rcito boliviano cumpli\u00f3 la orden de ejecutar a Guevara.<\/p>\n\n\n\n<p>Ese mismo a\u00f1o, el Congreso boliviano nombr\u00f3 a Prado Salm\u00f3n h\u00e9roe nacional por defender lo que gobierno militar boliviano del general golpista Ren\u00e9 Barrientos consider\u00f3 entonces una \u00abinvasi\u00f3n extranjera subversiva\u00bb.<\/p>\n\n\n\n<p>En 1981, un disparo accidental alcanz\u00f3 su columna y lo dej\u00f3 en silla de ruedas. En 1988 se retir\u00f3 de la carrera militar.<\/p>\n<div class=\"sharedaddy sd-sharing-enabled\"><div class=\"robots-nocontent sd-block sd-social sd-social-icon sd-sharing\"><h3 class=\"sd-title\">Comparte esto:<\/h3><div class=\"sd-content\"><ul><li class=\"share-twitter\"><a rel=\"nofollow noopener noreferrer\" data-shared=\"sharing-twitter-36524\" class=\"share-twitter sd-button share-icon no-text\" href=\"http:\/\/www.rtvnoticias.com.ar\/?p=36524&amp;share=twitter\" target=\"_blank\" title=\"Haz clic para compartir en Twitter\"><span><\/span><span class=\"sharing-screen-reader-text\">Haz clic para compartir en Twitter (Se abre en una ventana nueva)<\/span><\/a><\/li><li class=\"share-facebook\"><a rel=\"nofollow noopener noreferrer\" data-shared=\"sharing-facebook-36524\" class=\"share-facebook sd-button share-icon no-text\" href=\"http:\/\/www.rtvnoticias.com.ar\/?p=36524&amp;share=facebook\" target=\"_blank\" title=\"Haz clic para compartir en Facebook\"><span><\/span><span class=\"sharing-screen-reader-text\">Haz clic para compartir en Facebook (Se abre en una ventana nueva)<\/span><\/a><\/li><li class=\"share-jetpack-whatsapp\"><a rel=\"nofollow noopener noreferrer\" data-shared=\"\" class=\"share-jetpack-whatsapp sd-button share-icon no-text\" href=\"http:\/\/www.rtvnoticias.com.ar\/?p=36524&amp;share=jetpack-whatsapp\" target=\"_blank\" title=\"Haz clic para compartir en WhatsApp\"><span><\/span><span class=\"sharing-screen-reader-text\">Haz clic para compartir en WhatsApp (Se abre en una ventana nueva)<\/span><\/a><\/li><li class=\"share-telegram\"><a rel=\"nofollow noopener noreferrer\" data-shared=\"\" class=\"share-telegram sd-button share-icon no-text\" href=\"http:\/\/www.rtvnoticias.com.ar\/?p=36524&amp;share=telegram\" target=\"_blank\" title=\"Haz clic para compartir en Telegram\"><span><\/span><span class=\"sharing-screen-reader-text\">Haz clic para compartir en Telegram (Se abre en una ventana nueva)<\/span><\/a><\/li><li class=\"share-end\"><\/li><\/ul><\/div><\/div><\/div>","protected":false},"excerpt":{"rendered":"<p>El general boliviano Gary Prado Salm\u00f3n, quien captur\u00f3 al guerrillero argentino Ernesto \u00abChe\u00bb Guevara en 1967, muri\u00f3 en la ciudad de Santa Cruz a los<\/p>\n<div class=\"sharedaddy sd-sharing-enabled\"><div class=\"robots-nocontent sd-block sd-social sd-social-icon sd-sharing\"><h3 class=\"sd-title\">Comparte esto:<\/h3><div class=\"sd-content\"><ul><li class=\"share-twitter\"><a rel=\"nofollow noopener noreferrer\" data-shared=\"sharing-twitter-36524\" class=\"share-twitter sd-button share-icon no-text\" href=\"http:\/\/www.rtvnoticias.com.ar\/?p=36524&amp;share=twitter\" target=\"_blank\" title=\"Haz clic para compartir en Twitter\"><span><\/span><span class=\"sharing-screen-reader-text\">Haz clic para compartir en Twitter (Se abre en una ventana nueva)<\/span><\/a><\/li><li class=\"share-facebook\"><a rel=\"nofollow noopener noreferrer\" data-shared=\"sharing-facebook-36524\" class=\"share-facebook sd-button share-icon no-text\" href=\"http:\/\/www.rtvnoticias.com.ar\/?p=36524&amp;share=facebook\" target=\"_blank\" title=\"Haz clic para compartir en Facebook\"><span><\/span><span class=\"sharing-screen-reader-text\">Haz clic para compartir en Facebook (Se abre en una ventana nueva)<\/span><\/a><\/li><li class=\"share-jetpack-whatsapp\"><a rel=\"nofollow noopener noreferrer\" data-shared=\"\" class=\"share-jetpack-whatsapp sd-button share-icon no-text\" href=\"http:\/\/www.rtvnoticias.com.ar\/?p=36524&amp;share=jetpack-whatsapp\" target=\"_blank\" title=\"Haz clic para compartir en WhatsApp\"><span><\/span><span class=\"sharing-screen-reader-text\">Haz clic para compartir en WhatsApp (Se abre en una ventana nueva)<\/span><\/a><\/li><li class=\"share-telegram\"><a rel=\"nofollow noopener noreferrer\" data-shared=\"\" class=\"share-telegram sd-button share-icon no-text\" href=\"http:\/\/www.rtvnoticias.com.ar\/?p=36524&amp;share=telegram\" target=\"_blank\" title=\"Haz clic para compartir en Telegram\"><span><\/span><span class=\"sharing-screen-reader-text\">Haz clic para compartir en Telegram (Se abre en una ventana nueva)<\/span><\/a><\/li><li class=\"share-end\"><\/li><\/ul><\/div><\/div><\/div>","protected":false},"author":7,"featured_media":36525,"comment_status":"closed","ping_status":"closed","sticky":false,"template":"","format":"standard","meta":{"spay_email":"","jetpack_publicize_message":"","jetpack_is_tweetstorm":false,"jetpack_publicize_feature_enabled":true},"categories":[7],"tags":[],"jetpack_featured_media_url":"http:\/\/www.rtvnoticias.com.ar\/wp-content\/uploads\/2023\/05\/gary-prado-salmon-che-guevara-ernesto-guevara-de-la-serna-fallece-gary-prado.jpg","jetpack_publicize_connections":[],"jetpack_sharing_enabled":true,"_links":{"self":[{"href":"http:\/\/www.rtvnoticias.com.ar\/index.php?rest_route=\/wp\/v2\/posts\/36524"}],"collection":[{"href":"http:\/\/www.rtvnoticias.com.ar\/index.php?rest_route=\/wp\/v2\/posts"}],"about":[{"href":"http:\/\/www.rtvnoticias.com.ar\/index.php?rest_route=\/wp\/v2\/types\/post"}],"author":[{"embeddable":true,"href":"http:\/\/www.rtvnoticias.com.ar\/index.php?rest_route=\/wp\/v2\/users\/7"}],"replies":[{"embeddable":true,"href":"http:\/\/www.rtvnoticias.com.ar\/index.php?rest_route=%2Fwp%2Fv2%2Fcomments&post=36524"}],"version-history":[{"count":1,"href":"http:\/\/www.rtvnoticias.com.ar\/index.php?rest_route=\/wp\/v2\/posts\/36524\/revisions"}],"predecessor-version":[{"id":36526,"href":"http:\/\/www.rtvnoticias.com.ar\/index.php?rest_route=\/wp\/v2\/posts\/36524\/revisions\/36526"}],"wp:featuredmedia":[{"embeddable":true,"href":"http:\/\/www.rtvnoticias.com.ar\/index.php?rest_route=\/wp\/v2\/media\/36525"}],"wp:attachment":[{"href":"http:\/\/www.rtvnoticias.com.ar\/index.php?rest_route=%2Fwp%2Fv2%2Fmedia&parent=36524"}],"wp:term":[{"taxonomy":"category","embeddable":true,"href":"http:\/\/www.rtvnoticias.com.ar\/index.php?rest_route=%2Fwp%2Fv2%2Fcategories&post=36524"},{"taxonomy":"post_tag","embeddable":true,"href":"http:\/\/www.rtvnoticias.com.ar\/index.php?rest_route=%2Fwp%2Fv2%2Ftags&post=36524"}],"curies":[{"name":"wp","href":"https:\/\/api.w.org\/{rel}","templated":true}]}}