{"id":36541,"date":"2023-05-08T20:01:52","date_gmt":"2023-05-08T23:01:52","guid":{"rendered":"http:\/\/www.rtvnoticias.com.ar\/?p=36541"},"modified":"2023-05-08T20:11:11","modified_gmt":"2023-05-08T23:11:11","slug":"la-pampa-presento-amparo-ambiental-ante-la-corte-suprema-por-la-represa-el-baqueano","status":"publish","type":"post","link":"http:\/\/www.rtvnoticias.com.ar\/?p=36541","title":{"rendered":"La Pampa present\u00f3 Amparo Ambiental ante la Corte Suprema por la represa \u201cEl Baqueano\u201d"},"content":{"rendered":"\n<p>A trav\u00e9s de la Fiscal\u00eda de Estado, el gobernador Sergio Ziliotto, interpuso ante la Corte Suprema de Justicia de la Naci\u00f3n \u2013CSJN- una demanda de Amparo Ambiental contra la provincia de Mendoza y el Estado Nacional. Solicit\u00f3 una medida cautelar para que no se avance con la obra sin previo estudio de impacto ambiental sobre toda la cuenca. Tambi\u00e9n se requiri\u00f3 la realizaci\u00f3n de una audiencia p\u00fablica con la participaci\u00f3n de la Naci\u00f3n y de todas las provincias que integran la cuenca.<\/p>\n\n\n\n<p>La demanda tuvo por objeto que se ordene no iniciar y\/o se suspendan los procedimientos y\/o gestiones administrativas y\/o trabajos que se est\u00e9n llevando adelante con el fin de la concreci\u00f3n y puesta en funcionamiento de la obra denominada \u201cAprovechamiento H\u00eddrico Multiprop\u00f3sito El Baqueano\u201d.<\/p>\n\n\n\n<p>Se reclama la realizaci\u00f3n de un Estudio de Impacto Ambiental Regional sobre toda la Cuenca del R\u00edo DESAGUADERO-SALADO-CHADILEUV\u00da-CURACO, del que todas las provincias formen parte, con car\u00e1cter vinculante en su aprobaci\u00f3n, conforme la legislaci\u00f3n vigente en la materia, la Constituci\u00f3n Nacional y tratados internacionales de los cuales nuestro pa\u00eds forma parte.<\/p>\n\n\n\n<p>Asimismo, se insiste en la creaci\u00f3n de un Comit\u00e9 de Cuenca, cuyo reclamo judicial ya fue iniciado por esta provincia ante la Corte, que se encuentra a\u00fan pendiente de resoluci\u00f3n.<\/p>\n\n\n\n<p>Se manifest\u00f3 ante la Corte que el manejo unilateral de los r\u00edos, posibilita el desarrollo de un \u00e1rea a expensas de otras, las cuales se transforman en zonas de sacrificio ambiental. Por ello, el gobierno de la provincia de La Pampa insiste en la necesidad de poner fin a los manejos arbitrarios y unilaterales que acrecientan cada vez m\u00e1s el da\u00f1o y ocasionan que su posible resoluci\u00f3n sea cada d\u00eda m\u00e1s dif\u00edcil.<\/p>\n\n\n\n<p>El manejo unilateral, inconsulto y total de las aguas es una actitud que se repite en todos los r\u00edos de la cuenca DSCC sin que exista una medida efectiva y de fondo que detenga este avasallamiento. En tales t\u00e9rminos, se rechaz\u00f3 formalmente el \u00faltimo Acuerdo suscripto el pasado 27 de abril entre la provincia de Mendoza y la Secretar\u00eda de Energ\u00eda de la Naci\u00f3n, solicitando su inmediata suspensi\u00f3n.<\/p>\n\n\n\n<p>En definitiva, se hace \u00e9nfasis en que no se puede permitir que se sigan realizando mega obras de acopio de agua que acrecientan el ecocidio ambiental en el que se encuentra la porci\u00f3n baja de la cuenca.<\/p>\n\n\n\n<p><strong>Cuenca Desaguadero<\/strong><\/p>\n\n\n\n<p>La cuenca del r\u00edo Desaguadero-Salado-Chadileuv\u00fa?-Curaco? constituye la cuenca de mayor superficie \u00edntegramente desarrollada en territorio argentino. Abarca parcial o totalmente las provincias de Catamarca, La Rioja, San Juan, Mendoza, San Luis y La Pampa.<\/p>\n\n\n\n<p>La superficie total es de aproximadamente 315.000 km2 y comprende las subcuencas de los ri?os Vinchina-Bermejo, Ja?chal, San Juan, Mendoza, Tunuy\u00e1n, Diamante y Atuel.<\/p>\n\n\n\n<p>La represa El baqueano planea realizarse sobre la Subcuenca Ri?o Diamante, que es un curso de agua permanente cuya cuenca se ubica en el centro-sur de la provincia de Mendoza en los departamentos de San Carlos, San Rafael y General Alvear.<\/p>\n\n\n\n<p>El uso unilateral y total que la provincia de Mendoza hace del r\u00edo ocasiona un dr\u00e1stico impacto sobre el r\u00e9gimen hidrol\u00f3gico, afectando a todo el sistema de la cuenca DSCC. La realizaci\u00f3n de una obra m\u00e1s, a realizar sin tener en cuenta a la cuenca en su conjunto y al ambiente como un usuario ambiental ocasionara m\u00e1s da\u00f1o y provocara que llegar a una soluci\u00f3n sea cada vez m\u00e1s dif\u00edcil.<\/p>\n<div class=\"sharedaddy sd-sharing-enabled\"><div class=\"robots-nocontent sd-block sd-social sd-social-icon sd-sharing\"><h3 class=\"sd-title\">Comparte esto:<\/h3><div class=\"sd-content\"><ul><li class=\"share-twitter\"><a rel=\"nofollow noopener noreferrer\" data-shared=\"sharing-twitter-36541\" class=\"share-twitter sd-button share-icon no-text\" href=\"http:\/\/www.rtvnoticias.com.ar\/?p=36541&amp;share=twitter\" target=\"_blank\" title=\"Haz clic para compartir en Twitter\"><span><\/span><span class=\"sharing-screen-reader-text\">Haz clic para compartir en Twitter (Se abre en una ventana nueva)<\/span><\/a><\/li><li class=\"share-facebook\"><a rel=\"nofollow noopener noreferrer\" data-shared=\"sharing-facebook-36541\" class=\"share-facebook sd-button share-icon no-text\" href=\"http:\/\/www.rtvnoticias.com.ar\/?p=36541&amp;share=facebook\" target=\"_blank\" title=\"Haz clic para compartir en Facebook\"><span><\/span><span class=\"sharing-screen-reader-text\">Haz clic para compartir en Facebook (Se abre en una ventana nueva)<\/span><\/a><\/li><li class=\"share-jetpack-whatsapp\"><a rel=\"nofollow noopener noreferrer\" data-shared=\"\" class=\"share-jetpack-whatsapp sd-button share-icon no-text\" href=\"http:\/\/www.rtvnoticias.com.ar\/?p=36541&amp;share=jetpack-whatsapp\" target=\"_blank\" title=\"Haz clic para compartir en WhatsApp\"><span><\/span><span class=\"sharing-screen-reader-text\">Haz clic para compartir en WhatsApp (Se abre en una ventana nueva)<\/span><\/a><\/li><li class=\"share-telegram\"><a rel=\"nofollow noopener noreferrer\" data-shared=\"\" class=\"share-telegram sd-button share-icon no-text\" href=\"http:\/\/www.rtvnoticias.com.ar\/?p=36541&amp;share=telegram\" target=\"_blank\" title=\"Haz clic para compartir en Telegram\"><span><\/span><span class=\"sharing-screen-reader-text\">Haz clic para compartir en Telegram (Se abre en una ventana nueva)<\/span><\/a><\/li><li class=\"share-end\"><\/li><\/ul><\/div><\/div><\/div>","protected":false},"excerpt":{"rendered":"<p>A trav\u00e9s de la Fiscal\u00eda de Estado, el gobernador Sergio Ziliotto, interpuso ante la Corte Suprema de Justicia de la Naci\u00f3n \u2013CSJN- una demanda de<\/p>\n<div class=\"sharedaddy sd-sharing-enabled\"><div class=\"robots-nocontent sd-block sd-social sd-social-icon sd-sharing\"><h3 class=\"sd-title\">Comparte esto:<\/h3><div class=\"sd-content\"><ul><li class=\"share-twitter\"><a rel=\"nofollow noopener noreferrer\" data-shared=\"sharing-twitter-36541\" class=\"share-twitter sd-button share-icon no-text\" href=\"http:\/\/www.rtvnoticias.com.ar\/?p=36541&amp;share=twitter\" target=\"_blank\" title=\"Haz clic para compartir en Twitter\"><span><\/span><span class=\"sharing-screen-reader-text\">Haz clic para compartir en Twitter (Se abre en una ventana nueva)<\/span><\/a><\/li><li class=\"share-facebook\"><a rel=\"nofollow noopener noreferrer\" data-shared=\"sharing-facebook-36541\" class=\"share-facebook sd-button share-icon no-text\" href=\"http:\/\/www.rtvnoticias.com.ar\/?p=36541&amp;share=facebook\" target=\"_blank\" title=\"Haz clic para compartir en Facebook\"><span><\/span><span class=\"sharing-screen-reader-text\">Haz clic para compartir en Facebook (Se abre en una ventana nueva)<\/span><\/a><\/li><li class=\"share-jetpack-whatsapp\"><a rel=\"nofollow noopener noreferrer\" data-shared=\"\" class=\"share-jetpack-whatsapp sd-button share-icon no-text\" href=\"http:\/\/www.rtvnoticias.com.ar\/?p=36541&amp;share=jetpack-whatsapp\" target=\"_blank\" title=\"Haz clic para compartir en WhatsApp\"><span><\/span><span class=\"sharing-screen-reader-text\">Haz clic para compartir en WhatsApp (Se abre en una ventana nueva)<\/span><\/a><\/li><li class=\"share-telegram\"><a rel=\"nofollow noopener noreferrer\" data-shared=\"\" class=\"share-telegram sd-button share-icon no-text\" href=\"http:\/\/www.rtvnoticias.com.ar\/?p=36541&amp;share=telegram\" target=\"_blank\" title=\"Haz clic para compartir en Telegram\"><span><\/span><span class=\"sharing-screen-reader-text\">Haz clic para compartir en Telegram (Se abre en una ventana nueva)<\/span><\/a><\/li><li class=\"share-end\"><\/li><\/ul><\/div><\/div><\/div>","protected":false},"author":5,"featured_media":36542,"comment_status":"closed","ping_status":"closed","sticky":false,"template":"","format":"standard","meta":{"spay_email":"","jetpack_publicize_message":"","jetpack_is_tweetstorm":false,"jetpack_publicize_feature_enabled":true},"categories":[4],"tags":[4041],"jetpack_featured_media_url":"http:\/\/www.rtvnoticias.com.ar\/wp-content\/uploads\/2023\/05\/cortesuprema.jpg","jetpack_publicize_connections":[],"jetpack_sharing_enabled":true,"_links":{"self":[{"href":"http:\/\/www.rtvnoticias.com.ar\/index.php?rest_route=\/wp\/v2\/posts\/36541"}],"collection":[{"href":"http:\/\/www.rtvnoticias.com.ar\/index.php?rest_route=\/wp\/v2\/posts"}],"about":[{"href":"http:\/\/www.rtvnoticias.com.ar\/index.php?rest_route=\/wp\/v2\/types\/post"}],"author":[{"embeddable":true,"href":"http:\/\/www.rtvnoticias.com.ar\/index.php?rest_route=\/wp\/v2\/users\/5"}],"replies":[{"embeddable":true,"href":"http:\/\/www.rtvnoticias.com.ar\/index.php?rest_route=%2Fwp%2Fv2%2Fcomments&post=36541"}],"version-history":[{"count":1,"href":"http:\/\/www.rtvnoticias.com.ar\/index.php?rest_route=\/wp\/v2\/posts\/36541\/revisions"}],"predecessor-version":[{"id":36543,"href":"http:\/\/www.rtvnoticias.com.ar\/index.php?rest_route=\/wp\/v2\/posts\/36541\/revisions\/36543"}],"wp:featuredmedia":[{"embeddable":true,"href":"http:\/\/www.rtvnoticias.com.ar\/index.php?rest_route=\/wp\/v2\/media\/36542"}],"wp:attachment":[{"href":"http:\/\/www.rtvnoticias.com.ar\/index.php?rest_route=%2Fwp%2Fv2%2Fmedia&parent=36541"}],"wp:term":[{"taxonomy":"category","embeddable":true,"href":"http:\/\/www.rtvnoticias.com.ar\/index.php?rest_route=%2Fwp%2Fv2%2Fcategories&post=36541"},{"taxonomy":"post_tag","embeddable":true,"href":"http:\/\/www.rtvnoticias.com.ar\/index.php?rest_route=%2Fwp%2Fv2%2Ftags&post=36541"}],"curies":[{"name":"wp","href":"https:\/\/api.w.org\/{rel}","templated":true}]}}