{"id":36551,"date":"2023-05-09T21:00:02","date_gmt":"2023-05-10T00:00:02","guid":{"rendered":"http:\/\/www.rtvnoticias.com.ar\/?p=36551"},"modified":"2023-05-09T21:02:37","modified_gmt":"2023-05-10T00:02:37","slug":"la-corte-suprema-suspendio-las-elecciones-en-san-juan-y-tucuman","status":"publish","type":"post","link":"http:\/\/www.rtvnoticias.com.ar\/?p=36551","title":{"rendered":"La Corte Suprema suspendi\u00f3 las elecciones en San Juan y Tucum\u00e1n"},"content":{"rendered":"\n<p>La Corte Suprema suspendi\u00f3 mediante sendas medidas cautelares las elecciones provinciales del pr\u00f3ximo domingo en Tucum\u00e1n y San Juan.<\/p>\n\n\n\n<p>Lo hizo para evitar la posibilidad de que fueran electos los candidatos Sergio U\u00f1ac, en San Juan, y Juan Manzur, en Tucum\u00e1n, cuyas postulaciones fueron objetadas por la oposici\u00f3n, que sostiene que se est\u00e1n presentando para un cuarto mandato sucesivo.<\/p>\n\n\n\n<p>La medida, a la que accedi\u00f3 Noticias Argentinas, fue firmada por los jueces Horacio Rosatti, Carlos Rosenkrantz y Juan Carlos Maqueda, en tanto que Ricardo Lorenzetti no suscribi\u00f3 ninguna de las dos decisiones.<\/p>\n\n\n\n<p>Del texto del fallo parece adelantarse que, finalmente, la Corte no permitir\u00e1 las candidaturas de U\u00f1ac y Manzur, puesto que sostiene que \u201ccuando el Tribunal Electoral Provincial oficializ\u00f3 la candidatura del gobernador habilit\u00f3 para competir en las elecciones que tendr\u00e1n lugar el 14 de mayo pr\u00f3ximo en b\u00fasqueda de un cuarto mandato\u201d.<\/p>\n\n\n\n<p>El texto habla de \u201ccuarto mandato\u201d, que es justamente lo que argumenta la oposici\u00f3n para oponerse a la nueva candidatura de Manzur y U\u00f1ac<\/p>\n\n\n\n<p>\u201cEs evidente entonces que ese acto electoral podr\u00eda producir en breve un trastorno institucional de dif\u00edcil reparaci\u00f3n. Ante ello, esta Corte debe asegurar preventivamente que cualquiera sea la sentencia definitiva que recaiga en la causa, su cumplimiento sea a\u00fan posible dentro del sistema representativo republicano que las provincias se comprometieron a garantizar\u201d, sostuvieron los jueces de la Corte.<\/p>\n\n\n\n<p>Pese a que las elecciones provinciales forman parte de las facultades previstas en las constituciones locales, la Corte interpret\u00f3 que puede fallar en ambos casos.<\/p>\n\n\n\n<p>\u201cDado que es parte demandada una provincia y que el actor ha planteado ante esta Corte de manera seria una cuesti\u00f3n federal predominante, el proceso corresponde a la competencia originaria del Tribunal\u201d, dijeron Rosatti, Rosenkrantz y Maqueda al justificar su intervenci\u00f3n.<\/p>\n\n\n\n<p>\u201cLa inminencia de las elecciones previstas para el pr\u00f3ximo 14 de mayo y la trascendencia institucional que reviste el planteo efectuado, exigen a este Tribunal adecuar el procedimiento a la v\u00eda prevista en la ley 16.986\u201d, tambi\u00e9n conocida como ley de \u201cAcci\u00f3n de Amparo\u201d.<\/p>\n\n\n\n<p>Los jueces enmarcaron la acci\u00f3n en lo que establece el art\u00edculo ocho de esa normativa para \u201cabreviar los plazos para integrar el contradictorio\u201d, por lo que requirieron a ambas provincias que en cinco d\u00edas presente \u201cel informe circunstanciado\u201d que establece la norma previo a resolver.<\/p>\n\n\n\n<p>As\u00ed, la Corte podr\u00eda autorizar la realizaci\u00f3n de las elecciones en ambas provincias en un plazo perentorio.<\/p>\n\n\n\n<p>La ley prev\u00e9 que \u201ccuando la acci\u00f3n fuera admisible, el juez requerir\u00e1 la autoridad que corresponda un informe circunstanciado acerca de los antecedentes y fundamento de la medida impugnada, el que deber\u00e1 ser evacuado dentro del plazo prudencial que fije\u201d.<\/p>\n\n\n\n<p>Los cinco d\u00edas fijados por la Corte vencer\u00e1n el pr\u00f3ximo mi\u00e9rcoles. Superado ese plazo, \u201cse dictar\u00e1 sentencia fundada dentro de las 48 horas, concediendo o denegando el amparo\u201d.<\/p>\n\n\n\n<p>De tal forma, la Corte podr\u00eda resolver la semana pr\u00f3xima la habilitaci\u00f3n de las elecciones y, en ese marco, si U\u00f1ac y Manzur pueden ser candidatos. ,<\/p>\n\n\n\n<p>La Corte cit\u00f3 como antecedente de los casos de Tucum\u00e1n y San Juan lo que resolvi\u00f3 en 2019 respecto de Santiago del Estero: \u201cla historia pol\u00edtica de la Argentina es tr\u00e1gicamente pr\u00f3diga en experimentos institucionales que con menor o mayor envergadura y \u00e9xito intentaron forzar \u2014en algunos casos hasta hacerlos desaparecer\u2014 los principios republicanos que establece nuestra Constituci\u00f3n\u201d.<\/p>\n\n\n\n<p>\u201cEse pasado deber\u00eda desalentar ensayos que persiguen el \u00fanico objetivo de otorgar cuatro a\u00f1os m\u00e1s en el ejercicio de las m\u00e1ximas magistraturas de la provincia a quien ya lleva doce a\u00f1os ininterrumpidos en esos cargos, desconociendo el texto constitucional\u201d, sostuvo el tribunal en sus fundamentos, en un virtual adelanto de lo que resolver\u00e1 sobre el fondo de la cuesti\u00f3n.<\/p>\n<div class=\"sharedaddy sd-sharing-enabled\"><div class=\"robots-nocontent sd-block sd-social sd-social-icon sd-sharing\"><h3 class=\"sd-title\">Comparte esto:<\/h3><div class=\"sd-content\"><ul><li class=\"share-twitter\"><a rel=\"nofollow noopener noreferrer\" data-shared=\"sharing-twitter-36551\" class=\"share-twitter sd-button share-icon no-text\" href=\"http:\/\/www.rtvnoticias.com.ar\/?p=36551&amp;share=twitter\" target=\"_blank\" title=\"Haz clic para compartir en Twitter\"><span><\/span><span class=\"sharing-screen-reader-text\">Haz clic para compartir en Twitter (Se abre en una ventana nueva)<\/span><\/a><\/li><li class=\"share-facebook\"><a rel=\"nofollow noopener noreferrer\" data-shared=\"sharing-facebook-36551\" class=\"share-facebook sd-button share-icon no-text\" href=\"http:\/\/www.rtvnoticias.com.ar\/?p=36551&amp;share=facebook\" target=\"_blank\" title=\"Haz clic para compartir en Facebook\"><span><\/span><span class=\"sharing-screen-reader-text\">Haz clic para compartir en Facebook (Se abre en una ventana nueva)<\/span><\/a><\/li><li class=\"share-jetpack-whatsapp\"><a rel=\"nofollow noopener noreferrer\" data-shared=\"\" class=\"share-jetpack-whatsapp sd-button share-icon no-text\" href=\"http:\/\/www.rtvnoticias.com.ar\/?p=36551&amp;share=jetpack-whatsapp\" target=\"_blank\" title=\"Haz clic para compartir en WhatsApp\"><span><\/span><span class=\"sharing-screen-reader-text\">Haz clic para compartir en WhatsApp (Se abre en una ventana nueva)<\/span><\/a><\/li><li class=\"share-telegram\"><a rel=\"nofollow noopener noreferrer\" data-shared=\"\" class=\"share-telegram sd-button share-icon no-text\" href=\"http:\/\/www.rtvnoticias.com.ar\/?p=36551&amp;share=telegram\" target=\"_blank\" title=\"Haz clic para compartir en Telegram\"><span><\/span><span class=\"sharing-screen-reader-text\">Haz clic para compartir en Telegram (Se abre en una ventana nueva)<\/span><\/a><\/li><li class=\"share-end\"><\/li><\/ul><\/div><\/div><\/div>","protected":false},"excerpt":{"rendered":"<p>La Corte Suprema suspendi\u00f3 mediante sendas medidas cautelares las elecciones provinciales del pr\u00f3ximo domingo en Tucum\u00e1n y San Juan. Lo hizo para evitar la posibilidad<\/p>\n<div class=\"sharedaddy sd-sharing-enabled\"><div class=\"robots-nocontent sd-block sd-social sd-social-icon sd-sharing\"><h3 class=\"sd-title\">Comparte esto:<\/h3><div class=\"sd-content\"><ul><li class=\"share-twitter\"><a rel=\"nofollow noopener noreferrer\" data-shared=\"sharing-twitter-36551\" class=\"share-twitter sd-button share-icon no-text\" href=\"http:\/\/www.rtvnoticias.com.ar\/?p=36551&amp;share=twitter\" target=\"_blank\" title=\"Haz clic para compartir en Twitter\"><span><\/span><span class=\"sharing-screen-reader-text\">Haz clic para compartir en Twitter (Se abre en una ventana nueva)<\/span><\/a><\/li><li class=\"share-facebook\"><a rel=\"nofollow noopener noreferrer\" data-shared=\"sharing-facebook-36551\" class=\"share-facebook sd-button share-icon no-text\" href=\"http:\/\/www.rtvnoticias.com.ar\/?p=36551&amp;share=facebook\" target=\"_blank\" title=\"Haz clic para compartir en Facebook\"><span><\/span><span class=\"sharing-screen-reader-text\">Haz clic para compartir en Facebook (Se abre en una ventana nueva)<\/span><\/a><\/li><li class=\"share-jetpack-whatsapp\"><a rel=\"nofollow noopener noreferrer\" data-shared=\"\" class=\"share-jetpack-whatsapp sd-button share-icon no-text\" href=\"http:\/\/www.rtvnoticias.com.ar\/?p=36551&amp;share=jetpack-whatsapp\" target=\"_blank\" title=\"Haz clic para compartir en WhatsApp\"><span><\/span><span class=\"sharing-screen-reader-text\">Haz clic para compartir en WhatsApp (Se abre en una ventana nueva)<\/span><\/a><\/li><li class=\"share-telegram\"><a rel=\"nofollow noopener noreferrer\" data-shared=\"\" class=\"share-telegram sd-button share-icon no-text\" href=\"http:\/\/www.rtvnoticias.com.ar\/?p=36551&amp;share=telegram\" target=\"_blank\" title=\"Haz clic para compartir en Telegram\"><span><\/span><span class=\"sharing-screen-reader-text\">Haz clic para compartir en Telegram (Se abre en una ventana nueva)<\/span><\/a><\/li><li class=\"share-end\"><\/li><\/ul><\/div><\/div><\/div>","protected":false},"author":5,"featured_media":36554,"comment_status":"closed","ping_status":"closed","sticky":false,"template":"","format":"standard","meta":{"spay_email":"","jetpack_publicize_message":"","jetpack_is_tweetstorm":false,"jetpack_publicize_feature_enabled":true},"categories":[5,1],"tags":[4043],"jetpack_featured_media_url":"http:\/\/www.rtvnoticias.com.ar\/wp-content\/uploads\/2023\/05\/guzman-unac.jpg","jetpack_publicize_connections":[],"jetpack_sharing_enabled":true,"_links":{"self":[{"href":"http:\/\/www.rtvnoticias.com.ar\/index.php?rest_route=\/wp\/v2\/posts\/36551"}],"collection":[{"href":"http:\/\/www.rtvnoticias.com.ar\/index.php?rest_route=\/wp\/v2\/posts"}],"about":[{"href":"http:\/\/www.rtvnoticias.com.ar\/index.php?rest_route=\/wp\/v2\/types\/post"}],"author":[{"embeddable":true,"href":"http:\/\/www.rtvnoticias.com.ar\/index.php?rest_route=\/wp\/v2\/users\/5"}],"replies":[{"embeddable":true,"href":"http:\/\/www.rtvnoticias.com.ar\/index.php?rest_route=%2Fwp%2Fv2%2Fcomments&post=36551"}],"version-history":[{"count":1,"href":"http:\/\/www.rtvnoticias.com.ar\/index.php?rest_route=\/wp\/v2\/posts\/36551\/revisions"}],"predecessor-version":[{"id":36552,"href":"http:\/\/www.rtvnoticias.com.ar\/index.php?rest_route=\/wp\/v2\/posts\/36551\/revisions\/36552"}],"wp:featuredmedia":[{"embeddable":true,"href":"http:\/\/www.rtvnoticias.com.ar\/index.php?rest_route=\/wp\/v2\/media\/36554"}],"wp:attachment":[{"href":"http:\/\/www.rtvnoticias.com.ar\/index.php?rest_route=%2Fwp%2Fv2%2Fmedia&parent=36551"}],"wp:term":[{"taxonomy":"category","embeddable":true,"href":"http:\/\/www.rtvnoticias.com.ar\/index.php?rest_route=%2Fwp%2Fv2%2Fcategories&post=36551"},{"taxonomy":"post_tag","embeddable":true,"href":"http:\/\/www.rtvnoticias.com.ar\/index.php?rest_route=%2Fwp%2Fv2%2Ftags&post=36551"}],"curies":[{"name":"wp","href":"https:\/\/api.w.org\/{rel}","templated":true}]}}