{"id":36560,"date":"2023-05-11T08:08:34","date_gmt":"2023-05-11T11:08:34","guid":{"rendered":"http:\/\/www.rtvnoticias.com.ar\/?p=36560"},"modified":"2023-05-11T08:08:37","modified_gmt":"2023-05-11T11:08:37","slug":"las-jubilaciones-aumentaran-2092-en-junio-y-habra-tres-refuerzos-mensuales","status":"publish","type":"post","link":"http:\/\/www.rtvnoticias.com.ar\/?p=36560","title":{"rendered":"Las jubilaciones aumentar\u00e1n 20,92% en junio y habr\u00e1 tres refuerzos mensuales"},"content":{"rendered":"\n<p class=\"has-text-align-center\"><strong>Lo anunciaron el ministro de Econom\u00eda, Sergio Massa, y la titular de ANSES, Fernanda Raverta. La m\u00ednima pasar\u00e1 de $58.665 a $70.938. Para los haberes m\u00e1s bajos, habr\u00e1 adicionales de $15 mil, $17 mil y $20 mil entre junio y agosto.<\/strong><\/p>\n\n\n\n<p>Las jubilaciones y pensiones subir\u00e1n 20,92% a partir de junio, anunciaron la directora ejecutiva de la ANSES, Fernanda Raverta, y el ministro de Econom\u00eda, Sergio Massa.<\/p>\n\n\n\n<p>De esta manera, el haber m\u00ednimo pasar\u00e1 de los $58.665,43, que se perciben hoy, a $70.938,23.<\/p>\n\n\n\n<p>El ajuste corresponde a lo marcado por la Ley de Movilidad, mientras que habr\u00e1 un refuerzo para las jubilaciones y pensiones m\u00ednimas de 15 mil pesos en junio, 17 mil pesos en julio y 20 mil pesos en agosto.<\/p>\n\n\n\n<p>Asimismo, en junio se pagar\u00e1 el medio aguinaldo, por lo que un jubilado de la m\u00ednima percibir\u00e1 121.407 pesos.<\/p>\n\n\n\n<p>Adem\u00e1s, quienes perciban una jubilaci\u00f3n o pensi\u00f3n de hasta dos haberes m\u00ednimos tambi\u00e9n cobrar\u00e1n un proporcional del refuerzo de hasta 5.000 pesos.<\/p>\n\n\n\n<p>As\u00ed, una persona con ingresos de hasta dos jubilaciones m\u00ednimas, a partir de junio pasar\u00e1 a percibir 146.876 pesos m\u00e1s el aguinaldo.<\/p>\n\n\n\n<p>De esta forma, la jubilaci\u00f3n m\u00ednima habr\u00e1 tenido un 130 por ciento de incremento anual (junio 2022-junio 2023), representando un aumento del 7 por ciento en t\u00e9rminos reales.<\/p>\n\n\n\n<p>A su vez, con este nuevo aumento por movilidad, la Asignaci\u00f3n Universal por Hijo (AUH) y la Asignaci\u00f3n por Embarazo Para Protecci\u00f3n Social (AxE) pasar\u00e1n a ser de 13.864 pesos.<\/p>\n\n\n\n<p>La movilidad, que regir\u00e1 a partir del pr\u00f3ximo mes, impacta en todas las jubilaciones, pensiones y asignaciones de la ANSES, alcanzando a m\u00e1s de 17 millones de beneficiarios (7,4 millones de jubilados y pensionados).<\/p>\n\n\n\n<p>En este marco, Raverta expres\u00f3: \u00abCon esta medida, seguimos acompa\u00f1ando a hombres y mujeres de la Argentina que necesitan, adem\u00e1s del aumento por movilidad, tener un acompa\u00f1amiento extraordinario por parte del Estado y afianzamos nuestro compromiso de que los jubilados y pensionados todos los meses est\u00e9n mejor\u00bb.<\/p>\n\n\n\n<p>Por su parte, Massa se\u00f1al\u00f3: \u00abEsto que el Estado est\u00e1 poniendo por encima de la f\u00f3rmula de movilidad no es gasto, sino inversi\u00f3n, porque va al mercado interno y porque ayuda al consumo de nuestros jubilados y nuestras jubiladas\u00bb.<\/p>\n<div class=\"sharedaddy sd-sharing-enabled\"><div class=\"robots-nocontent sd-block sd-social sd-social-icon sd-sharing\"><h3 class=\"sd-title\">Comparte esto:<\/h3><div class=\"sd-content\"><ul><li class=\"share-twitter\"><a rel=\"nofollow noopener noreferrer\" data-shared=\"sharing-twitter-36560\" class=\"share-twitter sd-button share-icon no-text\" href=\"http:\/\/www.rtvnoticias.com.ar\/?p=36560&amp;share=twitter\" target=\"_blank\" title=\"Haz clic para compartir en Twitter\"><span><\/span><span class=\"sharing-screen-reader-text\">Haz clic para compartir en Twitter (Se abre en una ventana nueva)<\/span><\/a><\/li><li class=\"share-facebook\"><a rel=\"nofollow noopener noreferrer\" data-shared=\"sharing-facebook-36560\" class=\"share-facebook sd-button share-icon no-text\" href=\"http:\/\/www.rtvnoticias.com.ar\/?p=36560&amp;share=facebook\" target=\"_blank\" title=\"Haz clic para compartir en Facebook\"><span><\/span><span class=\"sharing-screen-reader-text\">Haz clic para compartir en Facebook (Se abre en una ventana nueva)<\/span><\/a><\/li><li class=\"share-jetpack-whatsapp\"><a rel=\"nofollow noopener noreferrer\" data-shared=\"\" class=\"share-jetpack-whatsapp sd-button share-icon no-text\" href=\"http:\/\/www.rtvnoticias.com.ar\/?p=36560&amp;share=jetpack-whatsapp\" target=\"_blank\" title=\"Haz clic para compartir en WhatsApp\"><span><\/span><span class=\"sharing-screen-reader-text\">Haz clic para compartir en WhatsApp (Se abre en una ventana nueva)<\/span><\/a><\/li><li class=\"share-telegram\"><a rel=\"nofollow noopener noreferrer\" data-shared=\"\" class=\"share-telegram sd-button share-icon no-text\" href=\"http:\/\/www.rtvnoticias.com.ar\/?p=36560&amp;share=telegram\" target=\"_blank\" title=\"Haz clic para compartir en Telegram\"><span><\/span><span class=\"sharing-screen-reader-text\">Haz clic para compartir en Telegram (Se abre en una ventana nueva)<\/span><\/a><\/li><li class=\"share-end\"><\/li><\/ul><\/div><\/div><\/div>","protected":false},"excerpt":{"rendered":"<p>Lo anunciaron el ministro de Econom\u00eda, Sergio Massa, y la titular de ANSES, Fernanda Raverta. La m\u00ednima pasar\u00e1 de $58.665 a $70.938. Para los haberes<\/p>\n<div class=\"sharedaddy sd-sharing-enabled\"><div class=\"robots-nocontent sd-block sd-social sd-social-icon sd-sharing\"><h3 class=\"sd-title\">Comparte esto:<\/h3><div class=\"sd-content\"><ul><li class=\"share-twitter\"><a rel=\"nofollow noopener noreferrer\" data-shared=\"sharing-twitter-36560\" class=\"share-twitter sd-button share-icon no-text\" href=\"http:\/\/www.rtvnoticias.com.ar\/?p=36560&amp;share=twitter\" target=\"_blank\" title=\"Haz clic para compartir en Twitter\"><span><\/span><span class=\"sharing-screen-reader-text\">Haz clic para compartir en Twitter (Se abre en una ventana nueva)<\/span><\/a><\/li><li class=\"share-facebook\"><a rel=\"nofollow noopener noreferrer\" data-shared=\"sharing-facebook-36560\" class=\"share-facebook sd-button share-icon no-text\" href=\"http:\/\/www.rtvnoticias.com.ar\/?p=36560&amp;share=facebook\" target=\"_blank\" title=\"Haz clic para compartir en Facebook\"><span><\/span><span class=\"sharing-screen-reader-text\">Haz clic para compartir en Facebook (Se abre en una ventana nueva)<\/span><\/a><\/li><li class=\"share-jetpack-whatsapp\"><a rel=\"nofollow noopener noreferrer\" data-shared=\"\" class=\"share-jetpack-whatsapp sd-button share-icon no-text\" href=\"http:\/\/www.rtvnoticias.com.ar\/?p=36560&amp;share=jetpack-whatsapp\" target=\"_blank\" title=\"Haz clic para compartir en WhatsApp\"><span><\/span><span class=\"sharing-screen-reader-text\">Haz clic para compartir en WhatsApp (Se abre en una ventana nueva)<\/span><\/a><\/li><li class=\"share-telegram\"><a rel=\"nofollow noopener noreferrer\" data-shared=\"\" class=\"share-telegram sd-button share-icon no-text\" href=\"http:\/\/www.rtvnoticias.com.ar\/?p=36560&amp;share=telegram\" target=\"_blank\" title=\"Haz clic para compartir en Telegram\"><span><\/span><span class=\"sharing-screen-reader-text\">Haz clic para compartir en Telegram (Se abre en una ventana nueva)<\/span><\/a><\/li><li class=\"share-end\"><\/li><\/ul><\/div><\/div><\/div>","protected":false},"author":7,"featured_media":28158,"comment_status":"closed","ping_status":"closed","sticky":false,"template":"","format":"standard","meta":{"spay_email":"","jetpack_publicize_message":"","jetpack_is_tweetstorm":false,"jetpack_publicize_feature_enabled":true},"categories":[5],"tags":[],"jetpack_featured_media_url":"http:\/\/www.rtvnoticias.com.ar\/wp-content\/uploads\/2021\/07\/anses1.jpg","jetpack_publicize_connections":[],"jetpack_sharing_enabled":true,"_links":{"self":[{"href":"http:\/\/www.rtvnoticias.com.ar\/index.php?rest_route=\/wp\/v2\/posts\/36560"}],"collection":[{"href":"http:\/\/www.rtvnoticias.com.ar\/index.php?rest_route=\/wp\/v2\/posts"}],"about":[{"href":"http:\/\/www.rtvnoticias.com.ar\/index.php?rest_route=\/wp\/v2\/types\/post"}],"author":[{"embeddable":true,"href":"http:\/\/www.rtvnoticias.com.ar\/index.php?rest_route=\/wp\/v2\/users\/7"}],"replies":[{"embeddable":true,"href":"http:\/\/www.rtvnoticias.com.ar\/index.php?rest_route=%2Fwp%2Fv2%2Fcomments&post=36560"}],"version-history":[{"count":1,"href":"http:\/\/www.rtvnoticias.com.ar\/index.php?rest_route=\/wp\/v2\/posts\/36560\/revisions"}],"predecessor-version":[{"id":36561,"href":"http:\/\/www.rtvnoticias.com.ar\/index.php?rest_route=\/wp\/v2\/posts\/36560\/revisions\/36561"}],"wp:featuredmedia":[{"embeddable":true,"href":"http:\/\/www.rtvnoticias.com.ar\/index.php?rest_route=\/wp\/v2\/media\/28158"}],"wp:attachment":[{"href":"http:\/\/www.rtvnoticias.com.ar\/index.php?rest_route=%2Fwp%2Fv2%2Fmedia&parent=36560"}],"wp:term":[{"taxonomy":"category","embeddable":true,"href":"http:\/\/www.rtvnoticias.com.ar\/index.php?rest_route=%2Fwp%2Fv2%2Fcategories&post=36560"},{"taxonomy":"post_tag","embeddable":true,"href":"http:\/\/www.rtvnoticias.com.ar\/index.php?rest_route=%2Fwp%2Fv2%2Ftags&post=36560"}],"curies":[{"name":"wp","href":"https:\/\/api.w.org\/{rel}","templated":true}]}}