{"id":36574,"date":"2023-05-12T08:11:48","date_gmt":"2023-05-12T11:11:48","guid":{"rendered":"http:\/\/www.rtvnoticias.com.ar\/?p=36574"},"modified":"2023-05-12T08:11:51","modified_gmt":"2023-05-12T11:11:51","slug":"juan-manzur-declino-su-candidatura-a-vicegobernador","status":"publish","type":"post","link":"http:\/\/www.rtvnoticias.com.ar\/?p=36574","title":{"rendered":"Juan Manzur declin\u00f3 su candidatura a vicegobernador"},"content":{"rendered":"\n<p class=\"has-text-align-center\"><strong>Confirm\u00f3 que Miguel Acevedo ser\u00e1 el candidato a vicegobernador que acompa\u00f1ar\u00e1 a Osvaldo Jaldo en la f\u00f3rmula del oficialismo.<\/strong><\/p>\n\n\n\n<p>Durante las \u00faltimas horas del jueves, en conferencia de prensa, el gobernador Juan Manzur anunci\u00f3 la declinaci\u00f3n de su candidatura a vicegobernador para las elecciones provinciales. El pasado martes, los comicios que estaban programados para este domingo 14 de mayo, fueron suspendidos por la Corte Suprema de la Naci\u00f3n.<\/p>\n\n\n\n<p>Adem\u00e1s, confirm\u00f3 que el candidato a vicegobernador que ahora, integrar\u00e1 la f\u00f3rmula en su reemplazo, ser\u00e1 el contador Miguel Acevedo, quien actualmente se desempe\u00f1a como Ministro del Interior de la provincia.<\/p>\n\n\n\n<p>El gobernador de la provincia asegur\u00f3 que su decisi\u00f3n es \u201cpara despejar todas las dudas y avanzar en el cronograma electoral y todos los tucumanos puedan ir a las urnas. Ya he firmado mi declinaci\u00f3n a la candidatura. Hay una serie de tr\u00e1mites administrativos\u201d.<\/p>\n\n\n\n<p>Yo lo hago pensando en el bien de los tucumanos y del peronismo. Siempre me ajust\u00e9 a derecho\u201d, asever\u00f3.<\/p>\n\n\n\n<p>Sobre el fallo de la Corte, el mandatario sostuvo que \u201cno estamos de acuerdo, la consideramos inoportuna pero no quiero entrar en calificaciones\u201d.<\/p>\n\n\n\n<p>Adem\u00e1s sostuvo que, si el impedimento para las elecciones era su postulaci\u00f3n, al declinar la candidatura espera que la Corte habilite la posibilidad que los tucumanos puedan votar. Aclar\u00f3 que \u201ceste domingo no hay posibilidades f\u00edsicas y materiales de votar\u201d.<\/p>\n\n\n\n<p>\u201cVa a haber una nueva f\u00f3rmula. Ya lo tenemos decidido, es un hombre de bien, ha trabajado con Jaldo, conmigo, ha cumplido una tarea excepcional. \u00c9l es el contador Miguel Acevedo. Va a acompa\u00f1ar en la f\u00f3rmula a Jaldo\u201d, manifest\u00f3.<\/p>\n<div class=\"sharedaddy sd-sharing-enabled\"><div class=\"robots-nocontent sd-block sd-social sd-social-icon sd-sharing\"><h3 class=\"sd-title\">Comparte esto:<\/h3><div class=\"sd-content\"><ul><li class=\"share-twitter\"><a rel=\"nofollow noopener noreferrer\" data-shared=\"sharing-twitter-36574\" class=\"share-twitter sd-button share-icon no-text\" href=\"http:\/\/www.rtvnoticias.com.ar\/?p=36574&amp;share=twitter\" target=\"_blank\" title=\"Haz clic para compartir en Twitter\"><span><\/span><span class=\"sharing-screen-reader-text\">Haz clic para compartir en Twitter (Se abre en una ventana nueva)<\/span><\/a><\/li><li class=\"share-facebook\"><a rel=\"nofollow noopener noreferrer\" data-shared=\"sharing-facebook-36574\" class=\"share-facebook sd-button share-icon no-text\" href=\"http:\/\/www.rtvnoticias.com.ar\/?p=36574&amp;share=facebook\" target=\"_blank\" title=\"Haz clic para compartir en Facebook\"><span><\/span><span class=\"sharing-screen-reader-text\">Haz clic para compartir en Facebook (Se abre en una ventana nueva)<\/span><\/a><\/li><li class=\"share-jetpack-whatsapp\"><a rel=\"nofollow noopener noreferrer\" data-shared=\"\" class=\"share-jetpack-whatsapp sd-button share-icon no-text\" href=\"http:\/\/www.rtvnoticias.com.ar\/?p=36574&amp;share=jetpack-whatsapp\" target=\"_blank\" title=\"Haz clic para compartir en WhatsApp\"><span><\/span><span class=\"sharing-screen-reader-text\">Haz clic para compartir en WhatsApp (Se abre en una ventana nueva)<\/span><\/a><\/li><li class=\"share-telegram\"><a rel=\"nofollow noopener noreferrer\" data-shared=\"\" class=\"share-telegram sd-button share-icon no-text\" href=\"http:\/\/www.rtvnoticias.com.ar\/?p=36574&amp;share=telegram\" target=\"_blank\" title=\"Haz clic para compartir en Telegram\"><span><\/span><span class=\"sharing-screen-reader-text\">Haz clic para compartir en Telegram (Se abre en una ventana nueva)<\/span><\/a><\/li><li class=\"share-end\"><\/li><\/ul><\/div><\/div><\/div>","protected":false},"excerpt":{"rendered":"<p>Confirm\u00f3 que Miguel Acevedo ser\u00e1 el candidato a vicegobernador que acompa\u00f1ar\u00e1 a Osvaldo Jaldo en la f\u00f3rmula del oficialismo. Durante las \u00faltimas horas del jueves,<\/p>\n<div class=\"sharedaddy sd-sharing-enabled\"><div class=\"robots-nocontent sd-block sd-social sd-social-icon sd-sharing\"><h3 class=\"sd-title\">Comparte esto:<\/h3><div class=\"sd-content\"><ul><li class=\"share-twitter\"><a rel=\"nofollow noopener noreferrer\" data-shared=\"sharing-twitter-36574\" class=\"share-twitter sd-button share-icon no-text\" href=\"http:\/\/www.rtvnoticias.com.ar\/?p=36574&amp;share=twitter\" target=\"_blank\" title=\"Haz clic para compartir en Twitter\"><span><\/span><span class=\"sharing-screen-reader-text\">Haz clic para compartir en Twitter (Se abre en una ventana nueva)<\/span><\/a><\/li><li class=\"share-facebook\"><a rel=\"nofollow noopener noreferrer\" data-shared=\"sharing-facebook-36574\" class=\"share-facebook sd-button share-icon no-text\" href=\"http:\/\/www.rtvnoticias.com.ar\/?p=36574&amp;share=facebook\" target=\"_blank\" title=\"Haz clic para compartir en Facebook\"><span><\/span><span class=\"sharing-screen-reader-text\">Haz clic para compartir en Facebook (Se abre en una ventana nueva)<\/span><\/a><\/li><li class=\"share-jetpack-whatsapp\"><a rel=\"nofollow noopener noreferrer\" data-shared=\"\" class=\"share-jetpack-whatsapp sd-button share-icon no-text\" href=\"http:\/\/www.rtvnoticias.com.ar\/?p=36574&amp;share=jetpack-whatsapp\" target=\"_blank\" title=\"Haz clic para compartir en WhatsApp\"><span><\/span><span class=\"sharing-screen-reader-text\">Haz clic para compartir en WhatsApp (Se abre en una ventana nueva)<\/span><\/a><\/li><li class=\"share-telegram\"><a rel=\"nofollow noopener noreferrer\" data-shared=\"\" class=\"share-telegram sd-button share-icon no-text\" href=\"http:\/\/www.rtvnoticias.com.ar\/?p=36574&amp;share=telegram\" target=\"_blank\" title=\"Haz clic para compartir en Telegram\"><span><\/span><span class=\"sharing-screen-reader-text\">Haz clic para compartir en Telegram (Se abre en una ventana nueva)<\/span><\/a><\/li><li class=\"share-end\"><\/li><\/ul><\/div><\/div><\/div>","protected":false},"author":7,"featured_media":32817,"comment_status":"closed","ping_status":"closed","sticky":false,"template":"","format":"standard","meta":{"spay_email":"","jetpack_publicize_message":"","jetpack_is_tweetstorm":false,"jetpack_publicize_feature_enabled":true},"categories":[5],"tags":[],"jetpack_featured_media_url":"http:\/\/www.rtvnoticias.com.ar\/wp-content\/uploads\/2022\/07\/manzur1.jpg","jetpack_publicize_connections":[],"jetpack_sharing_enabled":true,"_links":{"self":[{"href":"http:\/\/www.rtvnoticias.com.ar\/index.php?rest_route=\/wp\/v2\/posts\/36574"}],"collection":[{"href":"http:\/\/www.rtvnoticias.com.ar\/index.php?rest_route=\/wp\/v2\/posts"}],"about":[{"href":"http:\/\/www.rtvnoticias.com.ar\/index.php?rest_route=\/wp\/v2\/types\/post"}],"author":[{"embeddable":true,"href":"http:\/\/www.rtvnoticias.com.ar\/index.php?rest_route=\/wp\/v2\/users\/7"}],"replies":[{"embeddable":true,"href":"http:\/\/www.rtvnoticias.com.ar\/index.php?rest_route=%2Fwp%2Fv2%2Fcomments&post=36574"}],"version-history":[{"count":1,"href":"http:\/\/www.rtvnoticias.com.ar\/index.php?rest_route=\/wp\/v2\/posts\/36574\/revisions"}],"predecessor-version":[{"id":36575,"href":"http:\/\/www.rtvnoticias.com.ar\/index.php?rest_route=\/wp\/v2\/posts\/36574\/revisions\/36575"}],"wp:featuredmedia":[{"embeddable":true,"href":"http:\/\/www.rtvnoticias.com.ar\/index.php?rest_route=\/wp\/v2\/media\/32817"}],"wp:attachment":[{"href":"http:\/\/www.rtvnoticias.com.ar\/index.php?rest_route=%2Fwp%2Fv2%2Fmedia&parent=36574"}],"wp:term":[{"taxonomy":"category","embeddable":true,"href":"http:\/\/www.rtvnoticias.com.ar\/index.php?rest_route=%2Fwp%2Fv2%2Fcategories&post=36574"},{"taxonomy":"post_tag","embeddable":true,"href":"http:\/\/www.rtvnoticias.com.ar\/index.php?rest_route=%2Fwp%2Fv2%2Ftags&post=36574"}],"curies":[{"name":"wp","href":"https:\/\/api.w.org\/{rel}","templated":true}]}}