{"id":36581,"date":"2023-05-12T08:28:29","date_gmt":"2023-05-12T11:28:29","guid":{"rendered":"http:\/\/www.rtvnoticias.com.ar\/?p=36581"},"modified":"2023-05-12T08:28:31","modified_gmt":"2023-05-12T11:28:31","slug":"cierre-de-campana-de-la-lista-del-frejupa-local","status":"publish","type":"post","link":"http:\/\/www.rtvnoticias.com.ar\/?p=36581","title":{"rendered":"Cierre de campa\u00f1a de la lista del FreJuPa local"},"content":{"rendered":"\n<p>Este jueves se llev\u00f3 a cabo el cierre de campa\u00f1a de la lista del FreJuPa local, encabezado por la candidata a intendenta de General Pico, Fernanda Alonso. La actividad, que se concret\u00f3 en el Paseo Ferroviario de calle 21 entre 22 y 24, cont\u00f3 con un gran participaci\u00f3n de la militancia.<\/p>\n\n\n\n<p>Alonso estuvo acompa\u00f1ada por la candidata a vicegobernadora de La Pampa, Alicia Mayoral; el candidato a viceintendente Alberto Campo, como as\u00ed tambi\u00e9n por integrantes de la lista, candidatos y candidatas a diputadas, funcionarios y funcionarias del Ejecutivo municipal, p\u00fablico en general.<\/p>\n\n\n\n<p>En relaci\u00f3n al emotivo acto, donde adem\u00e1s se record\u00f3 a Elva Rosa Quiroga, reconocida militante y referente de uno de los servicios sociales de base, la intendenta destac\u00f3: \u201cEs mucha la emoci\u00f3n y los sentimientos encontrados que tenemos en estos momentos, hay gente que ha dado la vida por el peronismo y nos ha brindado la posibilidad de ocupar estos lugares. Estoy orgullosa de ser parte de este proyecto pol\u00edtico que le ha dado tanto a La Pampa y a General Pico\u201d.<\/p>\n\n\n\n<p>Sobre las personas que integran la f\u00f3rmula piquense, indic\u00f3: \u201cCon este equipo vamos a pelear y trabajar duramente para que esta siga siendo esa ciudad pujante y tan amada por la gente, por quienes la eligen para vivir, por quienes encontraron su lugar en el mundo y por quienes nacieron ac\u00e1 y la sostienen. Vamos a sostener este ritmo con el convencimiento que a Pico se le va a dar todo esto y m\u00e1s\u201d.<\/p>\n\n\n\n<p>De cara a los comicios del pr\u00f3ximo 14 de mayo, agreg\u00f3 que \u201cPico ha marcado el rumbo muchas veces en el peronismo. Tenemos los mejores candidatos, tenemos historia que defender, cosas para mostrar y la convicci\u00f3n que lo \u00fanico que puede hacer feliz al pueblo es el peronismo\u201d.<\/p>\n\n\n\n<p>A su vez, valor\u00f3 la gran convocatoria que tuvo el acto: \u201cQuiero agradecer a cada una de las y los militantes aqu\u00ed presentes, porque sin ese trabajo de casa por casa, voto a voto y cara a cara no ser\u00eda posible. Eso somos nosotros. Podemos ir con redes y con un mont\u00f3n de estrategias pero el peronismo tiene la proximidad con la gente, todos los d\u00edas\u201d.<\/p>\n\n\n\n<p>De la misma manera, Fernanda Alonso asever\u00f3: \u201cEste cierre de campa\u00f1a es de nosotros, nosotras y ustedes, de quienes trabajan porque defienden un posicionamiento pol\u00edtico de c\u00f3mo debe trabajar un Estado administrando los fondos p\u00fablicos, garantizando el acceso a derechos y para decodificar las necesidades de la gente\u201d.<\/p>\n\n\n\n<p>A modo de balance, afirm\u00f3 que \u201ceste domingo debemos recuperar ese basti\u00f3n que es General Pico en el norte de la provincia. Creemos profundamente en la pol\u00edtica ya que tenemos herramientas y hechos concretos para demostrar lo que ha hecho el peronismo\u201d.<\/p>\n\n\n\n<p>Para finalizar, apunt\u00f3 que \u201cest\u00e1 en juego la defensa de este proyecto. Por los viejos militantes, y por los nuevos, necesitamos este triunfo y esa contundencia que solo nosotros podemos garantizar\u201d.<\/p>\n\n\n\n<p>De la misma manera, la candidata a vicegobernadora, Alicia Mayoral, remarc\u00f3: \u201cEstamos a nada de todo y vamos a volver a reconquistar a nuestro querido General Pico de la mano de Fernanda y de su lista. La 502 va a superar ampliamente los porcentajes anteriores porque no tenemos dudas de que es el \u00fanico futuro que tiene nuestra ciudad. Queremos ir por m\u00e1s\u201d.<\/p>\n<div class=\"sharedaddy sd-sharing-enabled\"><div class=\"robots-nocontent sd-block sd-social sd-social-icon sd-sharing\"><h3 class=\"sd-title\">Comparte esto:<\/h3><div class=\"sd-content\"><ul><li class=\"share-twitter\"><a rel=\"nofollow noopener noreferrer\" data-shared=\"sharing-twitter-36581\" class=\"share-twitter sd-button share-icon no-text\" href=\"http:\/\/www.rtvnoticias.com.ar\/?p=36581&amp;share=twitter\" target=\"_blank\" title=\"Haz clic para compartir en Twitter\"><span><\/span><span class=\"sharing-screen-reader-text\">Haz clic para compartir en Twitter (Se abre en una ventana nueva)<\/span><\/a><\/li><li class=\"share-facebook\"><a rel=\"nofollow noopener noreferrer\" data-shared=\"sharing-facebook-36581\" class=\"share-facebook sd-button share-icon no-text\" href=\"http:\/\/www.rtvnoticias.com.ar\/?p=36581&amp;share=facebook\" target=\"_blank\" title=\"Haz clic para compartir en Facebook\"><span><\/span><span class=\"sharing-screen-reader-text\">Haz clic para compartir en Facebook (Se abre en una ventana nueva)<\/span><\/a><\/li><li class=\"share-jetpack-whatsapp\"><a rel=\"nofollow noopener noreferrer\" data-shared=\"\" class=\"share-jetpack-whatsapp sd-button share-icon no-text\" href=\"http:\/\/www.rtvnoticias.com.ar\/?p=36581&amp;share=jetpack-whatsapp\" target=\"_blank\" title=\"Haz clic para compartir en WhatsApp\"><span><\/span><span class=\"sharing-screen-reader-text\">Haz clic para compartir en WhatsApp (Se abre en una ventana nueva)<\/span><\/a><\/li><li class=\"share-telegram\"><a rel=\"nofollow noopener noreferrer\" data-shared=\"\" class=\"share-telegram sd-button share-icon no-text\" href=\"http:\/\/www.rtvnoticias.com.ar\/?p=36581&amp;share=telegram\" target=\"_blank\" title=\"Haz clic para compartir en Telegram\"><span><\/span><span class=\"sharing-screen-reader-text\">Haz clic para compartir en Telegram (Se abre en una ventana nueva)<\/span><\/a><\/li><li class=\"share-end\"><\/li><\/ul><\/div><\/div><\/div>","protected":false},"excerpt":{"rendered":"<p>Este jueves se llev\u00f3 a cabo el cierre de campa\u00f1a de la lista del FreJuPa local, encabezado por la candidata a intendenta de General Pico,<\/p>\n<div class=\"sharedaddy sd-sharing-enabled\"><div class=\"robots-nocontent sd-block sd-social sd-social-icon sd-sharing\"><h3 class=\"sd-title\">Comparte esto:<\/h3><div class=\"sd-content\"><ul><li class=\"share-twitter\"><a rel=\"nofollow noopener noreferrer\" data-shared=\"sharing-twitter-36581\" class=\"share-twitter sd-button share-icon no-text\" href=\"http:\/\/www.rtvnoticias.com.ar\/?p=36581&amp;share=twitter\" target=\"_blank\" title=\"Haz clic para compartir en Twitter\"><span><\/span><span class=\"sharing-screen-reader-text\">Haz clic para compartir en Twitter (Se abre en una ventana nueva)<\/span><\/a><\/li><li class=\"share-facebook\"><a rel=\"nofollow noopener noreferrer\" data-shared=\"sharing-facebook-36581\" class=\"share-facebook sd-button share-icon no-text\" href=\"http:\/\/www.rtvnoticias.com.ar\/?p=36581&amp;share=facebook\" target=\"_blank\" title=\"Haz clic para compartir en Facebook\"><span><\/span><span class=\"sharing-screen-reader-text\">Haz clic para compartir en Facebook (Se abre en una ventana nueva)<\/span><\/a><\/li><li class=\"share-jetpack-whatsapp\"><a rel=\"nofollow noopener noreferrer\" data-shared=\"\" class=\"share-jetpack-whatsapp sd-button share-icon no-text\" href=\"http:\/\/www.rtvnoticias.com.ar\/?p=36581&amp;share=jetpack-whatsapp\" target=\"_blank\" title=\"Haz clic para compartir en WhatsApp\"><span><\/span><span class=\"sharing-screen-reader-text\">Haz clic para compartir en WhatsApp (Se abre en una ventana nueva)<\/span><\/a><\/li><li class=\"share-telegram\"><a rel=\"nofollow noopener noreferrer\" data-shared=\"\" class=\"share-telegram sd-button share-icon no-text\" href=\"http:\/\/www.rtvnoticias.com.ar\/?p=36581&amp;share=telegram\" target=\"_blank\" title=\"Haz clic para compartir en Telegram\"><span><\/span><span class=\"sharing-screen-reader-text\">Haz clic para compartir en Telegram (Se abre en una ventana nueva)<\/span><\/a><\/li><li class=\"share-end\"><\/li><\/ul><\/div><\/div><\/div>","protected":false},"author":7,"featured_media":36582,"comment_status":"closed","ping_status":"closed","sticky":false,"template":"","format":"standard","meta":{"spay_email":"","jetpack_publicize_message":"","jetpack_is_tweetstorm":false,"jetpack_publicize_feature_enabled":true},"categories":[3],"tags":[],"jetpack_featured_media_url":"http:\/\/www.rtvnoticias.com.ar\/wp-content\/uploads\/2023\/05\/cierre-campana-frejupa-pico.jpg","jetpack_publicize_connections":[],"jetpack_sharing_enabled":true,"_links":{"self":[{"href":"http:\/\/www.rtvnoticias.com.ar\/index.php?rest_route=\/wp\/v2\/posts\/36581"}],"collection":[{"href":"http:\/\/www.rtvnoticias.com.ar\/index.php?rest_route=\/wp\/v2\/posts"}],"about":[{"href":"http:\/\/www.rtvnoticias.com.ar\/index.php?rest_route=\/wp\/v2\/types\/post"}],"author":[{"embeddable":true,"href":"http:\/\/www.rtvnoticias.com.ar\/index.php?rest_route=\/wp\/v2\/users\/7"}],"replies":[{"embeddable":true,"href":"http:\/\/www.rtvnoticias.com.ar\/index.php?rest_route=%2Fwp%2Fv2%2Fcomments&post=36581"}],"version-history":[{"count":1,"href":"http:\/\/www.rtvnoticias.com.ar\/index.php?rest_route=\/wp\/v2\/posts\/36581\/revisions"}],"predecessor-version":[{"id":36583,"href":"http:\/\/www.rtvnoticias.com.ar\/index.php?rest_route=\/wp\/v2\/posts\/36581\/revisions\/36583"}],"wp:featuredmedia":[{"embeddable":true,"href":"http:\/\/www.rtvnoticias.com.ar\/index.php?rest_route=\/wp\/v2\/media\/36582"}],"wp:attachment":[{"href":"http:\/\/www.rtvnoticias.com.ar\/index.php?rest_route=%2Fwp%2Fv2%2Fmedia&parent=36581"}],"wp:term":[{"taxonomy":"category","embeddable":true,"href":"http:\/\/www.rtvnoticias.com.ar\/index.php?rest_route=%2Fwp%2Fv2%2Fcategories&post=36581"},{"taxonomy":"post_tag","embeddable":true,"href":"http:\/\/www.rtvnoticias.com.ar\/index.php?rest_route=%2Fwp%2Fv2%2Ftags&post=36581"}],"curies":[{"name":"wp","href":"https:\/\/api.w.org\/{rel}","templated":true}]}}