{"id":36584,"date":"2023-05-12T10:39:24","date_gmt":"2023-05-12T13:39:24","guid":{"rendered":"http:\/\/www.rtvnoticias.com.ar\/?p=36584"},"modified":"2023-05-12T10:39:27","modified_gmt":"2023-05-12T13:39:27","slug":"el-presidente-participara-por-videoconferencia-de-la-ultima-soldadura-del-gasoducto-nestor-kirchner","status":"publish","type":"post","link":"http:\/\/www.rtvnoticias.com.ar\/?p=36584","title":{"rendered":"El Presidente participar\u00e1 por videoconferencia de la \u00faltima soldadura del Gasoducto N\u00e9stor Kirchner"},"content":{"rendered":"\n<p>El presidente Alberto Fern\u00e1ndez encabezar\u00e1 esta tarde por videoconferencia el acto por la \u00faltima soldadura del Gasoducto N\u00e9stor Kirchner.<\/p>\n\n\n\n<p>El mandatario estar\u00e1 acompa\u00f1ado por el ministro de Econom\u00eda, Sergio Massa, junto a quien participar\u00e1 a la distancia de los \u00faltimos trabajos de la importante obra energ\u00e9tica.<\/p>\n\n\n\n<p>\u201cDespu\u00e9s nos queda el tramito hasta Salliquel\u00f3. Las obras avanzan como lo estamos previendo. Esla obra m\u00e1s importante en dimensi\u00f3n y en consecuencia, por el ahorro que nos permite en importaci\u00f3n de gas\u201d, se\u00f1al\u00f3 el jefe de Estado en declaraciones radiales.<\/p>\n\n\n\n<p>Puntualmente, la \u00faltima soldadura se har\u00e1 a las 14 en el kil\u00f3metro 232 de la traza del Gasoducto, en la provincia de La Pampa. En el lugar estar\u00e1 presente el titular de Enarsa, Agust\u00edn Gerez.<\/p>\n\n\n\n<p>El Gasoducto une las localidades de Tratayen -emplazado en el coraz\u00f3n de Vaca Muerta, en Neuqu\u00e9n- con la ciudad bonaerense de Salliquel\u00f3.<\/p>\n\n\n\n<p>La obra permitir\u00e1 revertir el d\u00e9ficit de la balanza energ\u00e9tica a partir de la explotaci\u00f3n del megayacimiento: de acuerdo a lo proyectado, generar\u00e1 US$ 1.900 millones de ahorro de importaci\u00f3n de energ\u00eda para el segundo semestre de 2023, mientras que para todo 2024, este ahorro est\u00e1 estimado en m\u00e1s de US$ 4.000 millones.<\/p>\n\n\n\n<p>En el futuro, lo que le faltar\u00e1 al Gasoducto es la puesta en marcha de las dos plantas compresoras: la que tiene que estar en la zona de Tratayen ya lleg\u00f3 al lugar, pero todav\u00eda falta trasladar la que estar\u00e1 en Salliquel\u00f3, que ya se encuentra en el pa\u00eds.<\/p>\n\n\n\n<p>As\u00ed, desde junio el GNK tendr\u00e1 una capacidad de evacuaci\u00f3n de 11 millones de metros c\u00fabicos diarios (MMm3) del gas de Vaca Muerta, pero con esta tecnolog\u00eda se duplicar\u00e1 el transporte a 22 millones MMm3 diarios.<\/p>\n\n\n\n<p>Asimismo, durante el segundo semestre el Gobierno buscar\u00e1 anunciar otras dos obras: por un lado, la segunda etapa del gasoducto N\u00e9stor Kirchner, que podr\u00eda licitarse el mismo 20 de junio y que explorar\u00e1 fuentes de financiamiento de Brasil y se invitar\u00e1 a participar al sector privado; y por otro, se espera la puesta en marcha de la reversi\u00f3n del Gasoducto Norte, para transportar el gas de Vaca Muerta al centro y norte argentino.<\/p>\n\n\n\n<p>Este proyecto ya cuenta con financiamiento confirmado de la Corporaci\u00f3n Andina de Fomento (CAF), por un total de US$ 540 millones.<\/p>\n<div class=\"sharedaddy sd-sharing-enabled\"><div class=\"robots-nocontent sd-block sd-social sd-social-icon sd-sharing\"><h3 class=\"sd-title\">Comparte esto:<\/h3><div class=\"sd-content\"><ul><li class=\"share-twitter\"><a rel=\"nofollow noopener noreferrer\" data-shared=\"sharing-twitter-36584\" class=\"share-twitter sd-button share-icon no-text\" href=\"http:\/\/www.rtvnoticias.com.ar\/?p=36584&amp;share=twitter\" target=\"_blank\" title=\"Haz clic para compartir en Twitter\"><span><\/span><span class=\"sharing-screen-reader-text\">Haz clic para compartir en Twitter (Se abre en una ventana nueva)<\/span><\/a><\/li><li class=\"share-facebook\"><a rel=\"nofollow noopener noreferrer\" data-shared=\"sharing-facebook-36584\" class=\"share-facebook sd-button share-icon no-text\" href=\"http:\/\/www.rtvnoticias.com.ar\/?p=36584&amp;share=facebook\" target=\"_blank\" title=\"Haz clic para compartir en Facebook\"><span><\/span><span class=\"sharing-screen-reader-text\">Haz clic para compartir en Facebook (Se abre en una ventana nueva)<\/span><\/a><\/li><li class=\"share-jetpack-whatsapp\"><a rel=\"nofollow noopener noreferrer\" data-shared=\"\" class=\"share-jetpack-whatsapp sd-button share-icon no-text\" href=\"http:\/\/www.rtvnoticias.com.ar\/?p=36584&amp;share=jetpack-whatsapp\" target=\"_blank\" title=\"Haz clic para compartir en WhatsApp\"><span><\/span><span class=\"sharing-screen-reader-text\">Haz clic para compartir en WhatsApp (Se abre en una ventana nueva)<\/span><\/a><\/li><li class=\"share-telegram\"><a rel=\"nofollow noopener noreferrer\" data-shared=\"\" class=\"share-telegram sd-button share-icon no-text\" href=\"http:\/\/www.rtvnoticias.com.ar\/?p=36584&amp;share=telegram\" target=\"_blank\" title=\"Haz clic para compartir en Telegram\"><span><\/span><span class=\"sharing-screen-reader-text\">Haz clic para compartir en Telegram (Se abre en una ventana nueva)<\/span><\/a><\/li><li class=\"share-end\"><\/li><\/ul><\/div><\/div><\/div>","protected":false},"excerpt":{"rendered":"<p>El presidente Alberto Fern\u00e1ndez encabezar\u00e1 esta tarde por videoconferencia el acto por la \u00faltima soldadura del Gasoducto N\u00e9stor Kirchner. El mandatario estar\u00e1 acompa\u00f1ado por el<\/p>\n<div class=\"sharedaddy sd-sharing-enabled\"><div class=\"robots-nocontent sd-block sd-social sd-social-icon sd-sharing\"><h3 class=\"sd-title\">Comparte esto:<\/h3><div class=\"sd-content\"><ul><li class=\"share-twitter\"><a rel=\"nofollow noopener noreferrer\" data-shared=\"sharing-twitter-36584\" class=\"share-twitter sd-button share-icon no-text\" href=\"http:\/\/www.rtvnoticias.com.ar\/?p=36584&amp;share=twitter\" target=\"_blank\" title=\"Haz clic para compartir en Twitter\"><span><\/span><span class=\"sharing-screen-reader-text\">Haz clic para compartir en Twitter (Se abre en una ventana nueva)<\/span><\/a><\/li><li class=\"share-facebook\"><a rel=\"nofollow noopener noreferrer\" data-shared=\"sharing-facebook-36584\" class=\"share-facebook sd-button share-icon no-text\" href=\"http:\/\/www.rtvnoticias.com.ar\/?p=36584&amp;share=facebook\" target=\"_blank\" title=\"Haz clic para compartir en Facebook\"><span><\/span><span class=\"sharing-screen-reader-text\">Haz clic para compartir en Facebook (Se abre en una ventana nueva)<\/span><\/a><\/li><li class=\"share-jetpack-whatsapp\"><a rel=\"nofollow noopener noreferrer\" data-shared=\"\" class=\"share-jetpack-whatsapp sd-button share-icon no-text\" href=\"http:\/\/www.rtvnoticias.com.ar\/?p=36584&amp;share=jetpack-whatsapp\" target=\"_blank\" title=\"Haz clic para compartir en WhatsApp\"><span><\/span><span class=\"sharing-screen-reader-text\">Haz clic para compartir en WhatsApp (Se abre en una ventana nueva)<\/span><\/a><\/li><li class=\"share-telegram\"><a rel=\"nofollow noopener noreferrer\" data-shared=\"\" class=\"share-telegram sd-button share-icon no-text\" href=\"http:\/\/www.rtvnoticias.com.ar\/?p=36584&amp;share=telegram\" target=\"_blank\" title=\"Haz clic para compartir en Telegram\"><span><\/span><span class=\"sharing-screen-reader-text\">Haz clic para compartir en Telegram (Se abre en una ventana nueva)<\/span><\/a><\/li><li class=\"share-end\"><\/li><\/ul><\/div><\/div><\/div>","protected":false},"author":7,"featured_media":36585,"comment_status":"closed","ping_status":"closed","sticky":false,"template":"","format":"standard","meta":{"spay_email":"","jetpack_publicize_message":"","jetpack_is_tweetstorm":false,"jetpack_publicize_feature_enabled":true},"categories":[5,4],"tags":[],"jetpack_featured_media_url":"http:\/\/www.rtvnoticias.com.ar\/wp-content\/uploads\/2023\/05\/gasoductonestorkirchnerdiariopetrolero-3.jpg","jetpack_publicize_connections":[],"jetpack_sharing_enabled":true,"_links":{"self":[{"href":"http:\/\/www.rtvnoticias.com.ar\/index.php?rest_route=\/wp\/v2\/posts\/36584"}],"collection":[{"href":"http:\/\/www.rtvnoticias.com.ar\/index.php?rest_route=\/wp\/v2\/posts"}],"about":[{"href":"http:\/\/www.rtvnoticias.com.ar\/index.php?rest_route=\/wp\/v2\/types\/post"}],"author":[{"embeddable":true,"href":"http:\/\/www.rtvnoticias.com.ar\/index.php?rest_route=\/wp\/v2\/users\/7"}],"replies":[{"embeddable":true,"href":"http:\/\/www.rtvnoticias.com.ar\/index.php?rest_route=%2Fwp%2Fv2%2Fcomments&post=36584"}],"version-history":[{"count":1,"href":"http:\/\/www.rtvnoticias.com.ar\/index.php?rest_route=\/wp\/v2\/posts\/36584\/revisions"}],"predecessor-version":[{"id":36586,"href":"http:\/\/www.rtvnoticias.com.ar\/index.php?rest_route=\/wp\/v2\/posts\/36584\/revisions\/36586"}],"wp:featuredmedia":[{"embeddable":true,"href":"http:\/\/www.rtvnoticias.com.ar\/index.php?rest_route=\/wp\/v2\/media\/36585"}],"wp:attachment":[{"href":"http:\/\/www.rtvnoticias.com.ar\/index.php?rest_route=%2Fwp%2Fv2%2Fmedia&parent=36584"}],"wp:term":[{"taxonomy":"category","embeddable":true,"href":"http:\/\/www.rtvnoticias.com.ar\/index.php?rest_route=%2Fwp%2Fv2%2Fcategories&post=36584"},{"taxonomy":"post_tag","embeddable":true,"href":"http:\/\/www.rtvnoticias.com.ar\/index.php?rest_route=%2Fwp%2Fv2%2Ftags&post=36584"}],"curies":[{"name":"wp","href":"https:\/\/api.w.org\/{rel}","templated":true}]}}