{"id":36595,"date":"2023-05-12T21:48:33","date_gmt":"2023-05-13T00:48:33","guid":{"rendered":"http:\/\/www.rtvnoticias.com.ar\/?p=36595"},"modified":"2023-05-12T21:48:36","modified_gmt":"2023-05-13T00:48:36","slug":"inflacion-imparable-abril-84-y-acumula-1088-en-los-ultimos-doce-meses","status":"publish","type":"post","link":"http:\/\/www.rtvnoticias.com.ar\/?p=36595","title":{"rendered":"Inflaci\u00f3n imparable: abril 8,4 % y acumula 108,8 % en los \u00faltimos doce meses"},"content":{"rendered":"\n<p>El costo de vida subi\u00f3 del\u00a08,4<strong>%<\/strong>\u00a0en\u00a0abril y en los \u00faltimos doce meses acumul\u00f3 un alza del<strong>\u00a0<\/strong>108,8%, el nivel m\u00e1s alto en 30 a\u00f1os, inform\u00f3 el\u00a0Instituto Nacional de Estad\u00edstica y Censos (INDEC). El organismo indic\u00f3 que la suba en el precio de los\u00a0alimentos y bebidas\u00a0ya super\u00f3 los dos d\u00edgitos, al llegar al\u00a010,1%.<\/p>\n\n\n\n<p>El dato supera todas las proyecciones realizadas por las\u00a0consultoras privadas, y explica la preocupaci\u00f3n manifestada por el\u00a0presidente Alberto Fern\u00e1ndez.<\/p>\n\n\n\n<p>En el\u00a0primer cuatrimestre\u00a0la inflaci\u00f3n lleg\u00f3 al 32%, m\u00e1s de la\u00a0mitad de los proyectado por el Gobierno para todo el 2023.<\/p>\n\n\n\n<figure class=\"wp-block-image\"><img decoding=\"async\" src=\"https:\/\/noticiasargentinas.com\/images\/NA\/Contenidos\/ECONOM%C3%8DA\/Inflaci%C3%B3n_Abril_2023_Variaciones_mensuales.webp\" alt=\"Inflaci\u00f3n Abril 2023 Variaciones mensuales\"\/><\/figure>\n\n\n\n<p>La divisi\u00f3n de mayor aumento en el mes fue\u00a0<strong>Prendas de vestir y Calzado (10,8%)<\/strong>, por cambios de temporada.<\/p>\n\n\n\n<p>Le sigui\u00f3 Alimentos y bebidas no alcoh\u00f3licas (10,1%), con<strong>&nbsp;los incrementos m\u00e1s altos en Verduras, tub\u00e9rculos y legumbres; Leche,&nbsp;productos l\u00e1cteos y huevos; Az\u00facar, dulces, chocolates, golosinas, etc. y Carnes y derivados.<\/strong><\/p>\n\n\n\n<p>Tambi\u00e9n se destacaron las subas de las divisiones&nbsp;<strong>Restaurantes y hoteles (9,9%)<\/strong>; y Equipamiento y mantenimiento del hogar (8,6%).<\/p>\n\n\n\n<p>El aumento de Alimentos y bebidas no alcoh\u00f3licas (10,1%) fue el que m\u00e1s incidi\u00f3 en todas las regiones.<\/p>\n\n\n\n<p><strong>Al interior de la divisi\u00f3n, impact\u00f3 la suba de Carnes y derivados, y de Verduras, tub\u00e9rculos y legumbres, seguidas por Leche, productos l\u00e1cteos y huevos; y finalmente Pan y Cereales.<\/strong><br><\/p>\n\n\n\n<figure class=\"wp-block-image\"><img decoding=\"async\" src=\"https:\/\/noticiasargentinas.com\/images\/NA\/Contenidos\/ECONOM%C3%8DA\/Inflaci%C3%B3n_Abril_2023_Variaciones_interanuales.webp\" alt=\"Inflaci\u00f3n Abril 2023 Variaciones interanuales\"\/><\/figure>\n\n\n\n<p>Las dos divisiones de menor variaci\u00f3n en abril fueron Educaci\u00f3n (5%) y Bebidas alcoh\u00f3licas y tabaco (3,8%).<\/p>\n\n\n\n<p>A nivel de las categor\u00edas, Estacionales lider\u00f3 el aumento (12,6%) seguida por el IPC N\u00facleo (8,4%); en tanto que los\u00a0Regulados registraron un incremento de 4,9%.<\/p>\n\n\n\n<p>Fuente: NA<\/p>\n<div class=\"sharedaddy sd-sharing-enabled\"><div class=\"robots-nocontent sd-block sd-social sd-social-icon sd-sharing\"><h3 class=\"sd-title\">Comparte esto:<\/h3><div class=\"sd-content\"><ul><li class=\"share-twitter\"><a rel=\"nofollow noopener noreferrer\" data-shared=\"sharing-twitter-36595\" class=\"share-twitter sd-button share-icon no-text\" href=\"http:\/\/www.rtvnoticias.com.ar\/?p=36595&amp;share=twitter\" target=\"_blank\" title=\"Haz clic para compartir en Twitter\"><span><\/span><span class=\"sharing-screen-reader-text\">Haz clic para compartir en Twitter (Se abre en una ventana nueva)<\/span><\/a><\/li><li class=\"share-facebook\"><a rel=\"nofollow noopener noreferrer\" data-shared=\"sharing-facebook-36595\" class=\"share-facebook sd-button share-icon no-text\" href=\"http:\/\/www.rtvnoticias.com.ar\/?p=36595&amp;share=facebook\" target=\"_blank\" title=\"Haz clic para compartir en Facebook\"><span><\/span><span class=\"sharing-screen-reader-text\">Haz clic para compartir en Facebook (Se abre en una ventana nueva)<\/span><\/a><\/li><li class=\"share-jetpack-whatsapp\"><a rel=\"nofollow noopener noreferrer\" data-shared=\"\" class=\"share-jetpack-whatsapp sd-button share-icon no-text\" href=\"http:\/\/www.rtvnoticias.com.ar\/?p=36595&amp;share=jetpack-whatsapp\" target=\"_blank\" title=\"Haz clic para compartir en WhatsApp\"><span><\/span><span class=\"sharing-screen-reader-text\">Haz clic para compartir en WhatsApp (Se abre en una ventana nueva)<\/span><\/a><\/li><li class=\"share-telegram\"><a rel=\"nofollow noopener noreferrer\" data-shared=\"\" class=\"share-telegram sd-button share-icon no-text\" href=\"http:\/\/www.rtvnoticias.com.ar\/?p=36595&amp;share=telegram\" target=\"_blank\" title=\"Haz clic para compartir en Telegram\"><span><\/span><span class=\"sharing-screen-reader-text\">Haz clic para compartir en Telegram (Se abre en una ventana nueva)<\/span><\/a><\/li><li class=\"share-end\"><\/li><\/ul><\/div><\/div><\/div>","protected":false},"excerpt":{"rendered":"<p>El costo de vida subi\u00f3 del\u00a08,4%\u00a0en\u00a0abril y en los \u00faltimos doce meses acumul\u00f3 un alza del\u00a0108,8%, el nivel m\u00e1s alto en 30 a\u00f1os, inform\u00f3 el\u00a0Instituto<\/p>\n<div class=\"sharedaddy sd-sharing-enabled\"><div class=\"robots-nocontent sd-block sd-social sd-social-icon sd-sharing\"><h3 class=\"sd-title\">Comparte esto:<\/h3><div class=\"sd-content\"><ul><li class=\"share-twitter\"><a rel=\"nofollow noopener noreferrer\" data-shared=\"sharing-twitter-36595\" class=\"share-twitter sd-button share-icon no-text\" href=\"http:\/\/www.rtvnoticias.com.ar\/?p=36595&amp;share=twitter\" target=\"_blank\" title=\"Haz clic para compartir en Twitter\"><span><\/span><span class=\"sharing-screen-reader-text\">Haz clic para compartir en Twitter (Se abre en una ventana nueva)<\/span><\/a><\/li><li class=\"share-facebook\"><a rel=\"nofollow noopener noreferrer\" data-shared=\"sharing-facebook-36595\" class=\"share-facebook sd-button share-icon no-text\" href=\"http:\/\/www.rtvnoticias.com.ar\/?p=36595&amp;share=facebook\" target=\"_blank\" title=\"Haz clic para compartir en Facebook\"><span><\/span><span class=\"sharing-screen-reader-text\">Haz clic para compartir en Facebook (Se abre en una ventana nueva)<\/span><\/a><\/li><li class=\"share-jetpack-whatsapp\"><a rel=\"nofollow noopener noreferrer\" data-shared=\"\" class=\"share-jetpack-whatsapp sd-button share-icon no-text\" href=\"http:\/\/www.rtvnoticias.com.ar\/?p=36595&amp;share=jetpack-whatsapp\" target=\"_blank\" title=\"Haz clic para compartir en WhatsApp\"><span><\/span><span class=\"sharing-screen-reader-text\">Haz clic para compartir en WhatsApp (Se abre en una ventana nueva)<\/span><\/a><\/li><li class=\"share-telegram\"><a rel=\"nofollow noopener noreferrer\" data-shared=\"\" class=\"share-telegram sd-button share-icon no-text\" href=\"http:\/\/www.rtvnoticias.com.ar\/?p=36595&amp;share=telegram\" target=\"_blank\" title=\"Haz clic para compartir en Telegram\"><span><\/span><span class=\"sharing-screen-reader-text\">Haz clic para compartir en Telegram (Se abre en una ventana nueva)<\/span><\/a><\/li><li class=\"share-end\"><\/li><\/ul><\/div><\/div><\/div>","protected":false},"author":5,"featured_media":0,"comment_status":"closed","ping_status":"closed","sticky":false,"template":"","format":"standard","meta":{"spay_email":"","jetpack_publicize_message":"","jetpack_is_tweetstorm":false,"jetpack_publicize_feature_enabled":true},"categories":[1],"tags":[],"jetpack_featured_media_url":"","jetpack_publicize_connections":[],"jetpack_sharing_enabled":true,"_links":{"self":[{"href":"http:\/\/www.rtvnoticias.com.ar\/index.php?rest_route=\/wp\/v2\/posts\/36595"}],"collection":[{"href":"http:\/\/www.rtvnoticias.com.ar\/index.php?rest_route=\/wp\/v2\/posts"}],"about":[{"href":"http:\/\/www.rtvnoticias.com.ar\/index.php?rest_route=\/wp\/v2\/types\/post"}],"author":[{"embeddable":true,"href":"http:\/\/www.rtvnoticias.com.ar\/index.php?rest_route=\/wp\/v2\/users\/5"}],"replies":[{"embeddable":true,"href":"http:\/\/www.rtvnoticias.com.ar\/index.php?rest_route=%2Fwp%2Fv2%2Fcomments&post=36595"}],"version-history":[{"count":1,"href":"http:\/\/www.rtvnoticias.com.ar\/index.php?rest_route=\/wp\/v2\/posts\/36595\/revisions"}],"predecessor-version":[{"id":36596,"href":"http:\/\/www.rtvnoticias.com.ar\/index.php?rest_route=\/wp\/v2\/posts\/36595\/revisions\/36596"}],"wp:attachment":[{"href":"http:\/\/www.rtvnoticias.com.ar\/index.php?rest_route=%2Fwp%2Fv2%2Fmedia&parent=36595"}],"wp:term":[{"taxonomy":"category","embeddable":true,"href":"http:\/\/www.rtvnoticias.com.ar\/index.php?rest_route=%2Fwp%2Fv2%2Fcategories&post=36595"},{"taxonomy":"post_tag","embeddable":true,"href":"http:\/\/www.rtvnoticias.com.ar\/index.php?rest_route=%2Fwp%2Fv2%2Ftags&post=36595"}],"curies":[{"name":"wp","href":"https:\/\/api.w.org\/{rel}","templated":true}]}}