{"id":36597,"date":"2023-05-13T11:44:17","date_gmt":"2023-05-13T14:44:17","guid":{"rendered":"http:\/\/www.rtvnoticias.com.ar\/?p=36597"},"modified":"2023-05-13T11:44:21","modified_gmt":"2023-05-13T14:44:21","slug":"tres-argentinos-heridos-a-machetazos-en-mexico-piden-ayuda-para-atenderlos","status":"publish","type":"post","link":"http:\/\/www.rtvnoticias.com.ar\/?p=36597","title":{"rendered":"Tres argentinos heridos a machetazos en M\u00e9xico: piden ayuda para atenderlos"},"content":{"rendered":"\n<p>Tres ciudadanos argentinos resultaron gravemente heridos en la costa de Oaxaca, M\u00e9xico, despu\u00e9s de ser atacados a machetazos por un individuo no identificado el viernes por la tarde.<\/p>\n\n\n\n<p>Uno de ellos recibi\u00f3 un golpe de machete en la cabeza, mientras que los otros dos tuvieron lesiones en las manos y los brazos. Hasta el momento, se desconoce el motivo del ataque.<\/p>\n\n\n\n<p>Las impactantes im\u00e1genes de uno de los hombres tirado en la arena con graves heridas en la cabeza se volvieron virales en las redes sociales, junto con los comentarios de los usuarios que denunciaron la violencia en el pa\u00eds.<\/p>\n\n\n\n<p>Despu\u00e9s del ataque, los param\u00e9dicos de Protecci\u00f3n Civil Municipal trasladaron a los heridos a un hospital en Puerto Escondido debido a la gravedad de sus lesiones.<\/p>\n\n\n\n<p>Los heridos fueron identificados como Macarena \u201cN\u201d, de 29 a\u00f1os de edad; Benjam\u00edn \u201cN\u201d, de 23 a\u00f1os; y Santiago \u201cN\u201d, de 22 a\u00f1os de edad.<\/p>\n\n\n\n<p>C\u00f3mo colaborar<\/p>\n\n\n\n<p>La familia de uno de los heridos solicita colaboraci\u00f3n econ\u00f3mica para los gastos m\u00e9dicos. No saben cu\u00e1ndo podr\u00eda estabilizarse para volver al pa\u00eds.<\/p>\n\n\n\n<p>Alias: facu.gamond<\/p>\n\n\n\n<p>Santander R\u00edo<\/p>\n\n\n\n<p>N\u00b0 de cuenta: 0720247888000040992790<\/p>\n\n\n\n<p><strong>Qu\u00e9 pas\u00f3 con el agresor<\/strong><\/p>\n\n\n\n<p>La polic\u00eda municipal detuvo al agresor, Cruz Irving de 21 a\u00f1os de edad, originario del municipio de Ometepec, Guerrero, quien fue puesto a disposici\u00f3n de la autoridad correspondiente.<\/p>\n\n\n\n<p>Las Lagunas de Chacahua son una de las \u00e1reas naturales protegidas m\u00e1s representativas de la costa de Oaxaca, que comprenden la Bah\u00eda y Laguna de Chacahua y las lagunas de Tianguisto y Pastor\u00eda.<\/p>\n<div class=\"sharedaddy sd-sharing-enabled\"><div class=\"robots-nocontent sd-block sd-social sd-social-icon sd-sharing\"><h3 class=\"sd-title\">Comparte esto:<\/h3><div class=\"sd-content\"><ul><li class=\"share-twitter\"><a rel=\"nofollow noopener noreferrer\" data-shared=\"sharing-twitter-36597\" class=\"share-twitter sd-button share-icon no-text\" href=\"http:\/\/www.rtvnoticias.com.ar\/?p=36597&amp;share=twitter\" target=\"_blank\" title=\"Haz clic para compartir en Twitter\"><span><\/span><span class=\"sharing-screen-reader-text\">Haz clic para compartir en Twitter (Se abre en una ventana nueva)<\/span><\/a><\/li><li class=\"share-facebook\"><a rel=\"nofollow noopener noreferrer\" data-shared=\"sharing-facebook-36597\" class=\"share-facebook sd-button share-icon no-text\" href=\"http:\/\/www.rtvnoticias.com.ar\/?p=36597&amp;share=facebook\" target=\"_blank\" title=\"Haz clic para compartir en Facebook\"><span><\/span><span class=\"sharing-screen-reader-text\">Haz clic para compartir en Facebook (Se abre en una ventana nueva)<\/span><\/a><\/li><li class=\"share-jetpack-whatsapp\"><a rel=\"nofollow noopener noreferrer\" data-shared=\"\" class=\"share-jetpack-whatsapp sd-button share-icon no-text\" href=\"http:\/\/www.rtvnoticias.com.ar\/?p=36597&amp;share=jetpack-whatsapp\" target=\"_blank\" title=\"Haz clic para compartir en WhatsApp\"><span><\/span><span class=\"sharing-screen-reader-text\">Haz clic para compartir en WhatsApp (Se abre en una ventana nueva)<\/span><\/a><\/li><li class=\"share-telegram\"><a rel=\"nofollow noopener noreferrer\" data-shared=\"\" class=\"share-telegram sd-button share-icon no-text\" href=\"http:\/\/www.rtvnoticias.com.ar\/?p=36597&amp;share=telegram\" target=\"_blank\" title=\"Haz clic para compartir en Telegram\"><span><\/span><span class=\"sharing-screen-reader-text\">Haz clic para compartir en Telegram (Se abre en una ventana nueva)<\/span><\/a><\/li><li class=\"share-end\"><\/li><\/ul><\/div><\/div><\/div>","protected":false},"excerpt":{"rendered":"<p>Tres ciudadanos argentinos resultaron gravemente heridos en la costa de Oaxaca, M\u00e9xico, despu\u00e9s de ser atacados a machetazos por un individuo no identificado el viernes<\/p>\n<div class=\"sharedaddy sd-sharing-enabled\"><div class=\"robots-nocontent sd-block sd-social sd-social-icon sd-sharing\"><h3 class=\"sd-title\">Comparte esto:<\/h3><div class=\"sd-content\"><ul><li class=\"share-twitter\"><a rel=\"nofollow noopener noreferrer\" data-shared=\"sharing-twitter-36597\" class=\"share-twitter sd-button share-icon no-text\" href=\"http:\/\/www.rtvnoticias.com.ar\/?p=36597&amp;share=twitter\" target=\"_blank\" title=\"Haz clic para compartir en Twitter\"><span><\/span><span class=\"sharing-screen-reader-text\">Haz clic para compartir en Twitter (Se abre en una ventana nueva)<\/span><\/a><\/li><li class=\"share-facebook\"><a rel=\"nofollow noopener noreferrer\" data-shared=\"sharing-facebook-36597\" class=\"share-facebook sd-button share-icon no-text\" href=\"http:\/\/www.rtvnoticias.com.ar\/?p=36597&amp;share=facebook\" target=\"_blank\" title=\"Haz clic para compartir en Facebook\"><span><\/span><span class=\"sharing-screen-reader-text\">Haz clic para compartir en Facebook (Se abre en una ventana nueva)<\/span><\/a><\/li><li class=\"share-jetpack-whatsapp\"><a rel=\"nofollow noopener noreferrer\" data-shared=\"\" class=\"share-jetpack-whatsapp sd-button share-icon no-text\" href=\"http:\/\/www.rtvnoticias.com.ar\/?p=36597&amp;share=jetpack-whatsapp\" target=\"_blank\" title=\"Haz clic para compartir en WhatsApp\"><span><\/span><span class=\"sharing-screen-reader-text\">Haz clic para compartir en WhatsApp (Se abre en una ventana nueva)<\/span><\/a><\/li><li class=\"share-telegram\"><a rel=\"nofollow noopener noreferrer\" data-shared=\"\" class=\"share-telegram sd-button share-icon no-text\" href=\"http:\/\/www.rtvnoticias.com.ar\/?p=36597&amp;share=telegram\" target=\"_blank\" title=\"Haz clic para compartir en Telegram\"><span><\/span><span class=\"sharing-screen-reader-text\">Haz clic para compartir en Telegram (Se abre en una ventana nueva)<\/span><\/a><\/li><li class=\"share-end\"><\/li><\/ul><\/div><\/div><\/div>","protected":false},"author":7,"featured_media":36598,"comment_status":"closed","ping_status":"closed","sticky":false,"template":"","format":"standard","meta":{"spay_email":"","jetpack_publicize_message":"","jetpack_is_tweetstorm":false,"jetpack_publicize_feature_enabled":true},"categories":[7],"tags":[],"jetpack_featured_media_url":"http:\/\/www.rtvnoticias.com.ar\/wp-content\/uploads\/2023\/05\/argentinos-heridos-mexico.jpg","jetpack_publicize_connections":[],"jetpack_sharing_enabled":true,"_links":{"self":[{"href":"http:\/\/www.rtvnoticias.com.ar\/index.php?rest_route=\/wp\/v2\/posts\/36597"}],"collection":[{"href":"http:\/\/www.rtvnoticias.com.ar\/index.php?rest_route=\/wp\/v2\/posts"}],"about":[{"href":"http:\/\/www.rtvnoticias.com.ar\/index.php?rest_route=\/wp\/v2\/types\/post"}],"author":[{"embeddable":true,"href":"http:\/\/www.rtvnoticias.com.ar\/index.php?rest_route=\/wp\/v2\/users\/7"}],"replies":[{"embeddable":true,"href":"http:\/\/www.rtvnoticias.com.ar\/index.php?rest_route=%2Fwp%2Fv2%2Fcomments&post=36597"}],"version-history":[{"count":1,"href":"http:\/\/www.rtvnoticias.com.ar\/index.php?rest_route=\/wp\/v2\/posts\/36597\/revisions"}],"predecessor-version":[{"id":36599,"href":"http:\/\/www.rtvnoticias.com.ar\/index.php?rest_route=\/wp\/v2\/posts\/36597\/revisions\/36599"}],"wp:featuredmedia":[{"embeddable":true,"href":"http:\/\/www.rtvnoticias.com.ar\/index.php?rest_route=\/wp\/v2\/media\/36598"}],"wp:attachment":[{"href":"http:\/\/www.rtvnoticias.com.ar\/index.php?rest_route=%2Fwp%2Fv2%2Fmedia&parent=36597"}],"wp:term":[{"taxonomy":"category","embeddable":true,"href":"http:\/\/www.rtvnoticias.com.ar\/index.php?rest_route=%2Fwp%2Fv2%2Fcategories&post=36597"},{"taxonomy":"post_tag","embeddable":true,"href":"http:\/\/www.rtvnoticias.com.ar\/index.php?rest_route=%2Fwp%2Fv2%2Ftags&post=36597"}],"curies":[{"name":"wp","href":"https:\/\/api.w.org\/{rel}","templated":true}]}}