{"id":36600,"date":"2023-05-13T11:46:52","date_gmt":"2023-05-13T14:46:52","guid":{"rendered":"http:\/\/www.rtvnoticias.com.ar\/?p=36600"},"modified":"2023-05-13T11:46:54","modified_gmt":"2023-05-13T14:46:54","slug":"sueldos-estatales-aumentan-un-114-en-mayo-y-acumulan-un-incremento-anual-del-32","status":"publish","type":"post","link":"http:\/\/www.rtvnoticias.com.ar\/?p=36600","title":{"rendered":"Sueldos estatales: aumentan un 11,4% en mayo y acumulan un incremento anual del 32%"},"content":{"rendered":"\n<p>El Poder Ejecutivo comunica que, tal como anunciara oportunamente el gobernador Sergio Ziliotto, en el mes de mayo se activar\u00e1 la cl\u00e1usula gatillo correspondiente a la inflaci\u00f3n del cuatrimestre.<\/p>\n\n\n\n<p>En consecuencia, el porcentaje total de aumento para el mes de mayo es del 11,4 %, alcanzando un aumento total en lo que va del a\u00f1o de 32 %. Asimismo, es importante destacar, que en el mes de julio se aplicar\u00e1 la \u00abcl\u00e1usula gatillo\u00bb semestral, tal lo establecido en los acuerdos paritarios celebrados en los \u00e1mbitos de las leyes N\u00b0 2238 Y 2702.<\/p>\n\n\n\n<p>La incorporaci\u00f3n de esta nueva \u00abcl\u00e1usula gatillo\u00bb tiene como objetivo primordial que los salarios de los empleados p\u00fablicos no pierdan poder adquisitivo frente a la inflaci\u00f3n hasta que se active la cl\u00e1usula oportunamente acordada en el mes de julio.<\/p>\n\n\n\n<p>A fin de llevarlo a la pr\u00e1ctica se dictar\u00e1 el decreto correspondiente haciendo efectiva la medida, que alcanza a las y los empleados y pensionados provinciales, convocados del Ministerio de Seguridad, m\u00e9dicos residentes, pasantes que se desempe\u00f1an en el sector p\u00fablico provincial. Tambi\u00e9n se traslada a los agentes de las Comisiones de Fomento y a los haberes previsionales de los jubilados provinciales, en la oportunidad establecida legalmente.<\/p>\n\n\n\n<p>La medida constituye un importante esfuerzo financiero para el tesoro provincial, y tiene como objetivo acompa\u00f1ar, el incremento de los salarios, en la medida en que las posibilidades financieras y presupuestarias lo permitan.<\/p>\n\n\n\n<p>Esta pol\u00edtica se espera redunde no s\u00f3lo en el mantenimiento e incremento del poder adquisitivo del salario de parte de los trabajadores y jubilados pampeanos sino tambi\u00e9n en la dinamizaci\u00f3n de la actividad privada vinculadas al consumo en el \u00e1mbito provincial a partir de la inversi\u00f3n p\u00fablica como herramienta de intervenci\u00f3n en la econom\u00eda.<\/p>\n<div class=\"sharedaddy sd-sharing-enabled\"><div class=\"robots-nocontent sd-block sd-social sd-social-icon sd-sharing\"><h3 class=\"sd-title\">Comparte esto:<\/h3><div class=\"sd-content\"><ul><li class=\"share-twitter\"><a rel=\"nofollow noopener noreferrer\" data-shared=\"sharing-twitter-36600\" class=\"share-twitter sd-button share-icon no-text\" href=\"http:\/\/www.rtvnoticias.com.ar\/?p=36600&amp;share=twitter\" target=\"_blank\" title=\"Haz clic para compartir en Twitter\"><span><\/span><span class=\"sharing-screen-reader-text\">Haz clic para compartir en Twitter (Se abre en una ventana nueva)<\/span><\/a><\/li><li class=\"share-facebook\"><a rel=\"nofollow noopener noreferrer\" data-shared=\"sharing-facebook-36600\" class=\"share-facebook sd-button share-icon no-text\" href=\"http:\/\/www.rtvnoticias.com.ar\/?p=36600&amp;share=facebook\" target=\"_blank\" title=\"Haz clic para compartir en Facebook\"><span><\/span><span class=\"sharing-screen-reader-text\">Haz clic para compartir en Facebook (Se abre en una ventana nueva)<\/span><\/a><\/li><li class=\"share-jetpack-whatsapp\"><a rel=\"nofollow noopener noreferrer\" data-shared=\"\" class=\"share-jetpack-whatsapp sd-button share-icon no-text\" href=\"http:\/\/www.rtvnoticias.com.ar\/?p=36600&amp;share=jetpack-whatsapp\" target=\"_blank\" title=\"Haz clic para compartir en WhatsApp\"><span><\/span><span class=\"sharing-screen-reader-text\">Haz clic para compartir en WhatsApp (Se abre en una ventana nueva)<\/span><\/a><\/li><li class=\"share-telegram\"><a rel=\"nofollow noopener noreferrer\" data-shared=\"\" class=\"share-telegram sd-button share-icon no-text\" href=\"http:\/\/www.rtvnoticias.com.ar\/?p=36600&amp;share=telegram\" target=\"_blank\" title=\"Haz clic para compartir en Telegram\"><span><\/span><span class=\"sharing-screen-reader-text\">Haz clic para compartir en Telegram (Se abre en una ventana nueva)<\/span><\/a><\/li><li class=\"share-end\"><\/li><\/ul><\/div><\/div><\/div>","protected":false},"excerpt":{"rendered":"<p>El Poder Ejecutivo comunica que, tal como anunciara oportunamente el gobernador Sergio Ziliotto, en el mes de mayo se activar\u00e1 la cl\u00e1usula gatillo correspondiente a<\/p>\n<div class=\"sharedaddy sd-sharing-enabled\"><div class=\"robots-nocontent sd-block sd-social sd-social-icon sd-sharing\"><h3 class=\"sd-title\">Comparte esto:<\/h3><div class=\"sd-content\"><ul><li class=\"share-twitter\"><a rel=\"nofollow noopener noreferrer\" data-shared=\"sharing-twitter-36600\" class=\"share-twitter sd-button share-icon no-text\" href=\"http:\/\/www.rtvnoticias.com.ar\/?p=36600&amp;share=twitter\" target=\"_blank\" title=\"Haz clic para compartir en Twitter\"><span><\/span><span class=\"sharing-screen-reader-text\">Haz clic para compartir en Twitter (Se abre en una ventana nueva)<\/span><\/a><\/li><li class=\"share-facebook\"><a rel=\"nofollow noopener noreferrer\" data-shared=\"sharing-facebook-36600\" class=\"share-facebook sd-button share-icon no-text\" href=\"http:\/\/www.rtvnoticias.com.ar\/?p=36600&amp;share=facebook\" target=\"_blank\" title=\"Haz clic para compartir en Facebook\"><span><\/span><span class=\"sharing-screen-reader-text\">Haz clic para compartir en Facebook (Se abre en una ventana nueva)<\/span><\/a><\/li><li class=\"share-jetpack-whatsapp\"><a rel=\"nofollow noopener noreferrer\" data-shared=\"\" class=\"share-jetpack-whatsapp sd-button share-icon no-text\" href=\"http:\/\/www.rtvnoticias.com.ar\/?p=36600&amp;share=jetpack-whatsapp\" target=\"_blank\" title=\"Haz clic para compartir en WhatsApp\"><span><\/span><span class=\"sharing-screen-reader-text\">Haz clic para compartir en WhatsApp (Se abre en una ventana nueva)<\/span><\/a><\/li><li class=\"share-telegram\"><a rel=\"nofollow noopener noreferrer\" data-shared=\"\" class=\"share-telegram sd-button share-icon no-text\" href=\"http:\/\/www.rtvnoticias.com.ar\/?p=36600&amp;share=telegram\" target=\"_blank\" title=\"Haz clic para compartir en Telegram\"><span><\/span><span class=\"sharing-screen-reader-text\">Haz clic para compartir en Telegram (Se abre en una ventana nueva)<\/span><\/a><\/li><li class=\"share-end\"><\/li><\/ul><\/div><\/div><\/div>","protected":false},"author":7,"featured_media":0,"comment_status":"closed","ping_status":"closed","sticky":false,"template":"","format":"standard","meta":{"spay_email":"","jetpack_publicize_message":"","jetpack_is_tweetstorm":false,"jetpack_publicize_feature_enabled":true},"categories":[1],"tags":[],"jetpack_featured_media_url":"","jetpack_publicize_connections":[],"jetpack_sharing_enabled":true,"_links":{"self":[{"href":"http:\/\/www.rtvnoticias.com.ar\/index.php?rest_route=\/wp\/v2\/posts\/36600"}],"collection":[{"href":"http:\/\/www.rtvnoticias.com.ar\/index.php?rest_route=\/wp\/v2\/posts"}],"about":[{"href":"http:\/\/www.rtvnoticias.com.ar\/index.php?rest_route=\/wp\/v2\/types\/post"}],"author":[{"embeddable":true,"href":"http:\/\/www.rtvnoticias.com.ar\/index.php?rest_route=\/wp\/v2\/users\/7"}],"replies":[{"embeddable":true,"href":"http:\/\/www.rtvnoticias.com.ar\/index.php?rest_route=%2Fwp%2Fv2%2Fcomments&post=36600"}],"version-history":[{"count":1,"href":"http:\/\/www.rtvnoticias.com.ar\/index.php?rest_route=\/wp\/v2\/posts\/36600\/revisions"}],"predecessor-version":[{"id":36601,"href":"http:\/\/www.rtvnoticias.com.ar\/index.php?rest_route=\/wp\/v2\/posts\/36600\/revisions\/36601"}],"wp:attachment":[{"href":"http:\/\/www.rtvnoticias.com.ar\/index.php?rest_route=%2Fwp%2Fv2%2Fmedia&parent=36600"}],"wp:term":[{"taxonomy":"category","embeddable":true,"href":"http:\/\/www.rtvnoticias.com.ar\/index.php?rest_route=%2Fwp%2Fv2%2Fcategories&post=36600"},{"taxonomy":"post_tag","embeddable":true,"href":"http:\/\/www.rtvnoticias.com.ar\/index.php?rest_route=%2Fwp%2Fv2%2Ftags&post=36600"}],"curies":[{"name":"wp","href":"https:\/\/api.w.org\/{rel}","templated":true}]}}