{"id":36610,"date":"2023-05-13T12:01:41","date_gmt":"2023-05-13T15:01:41","guid":{"rendered":"http:\/\/www.rtvnoticias.com.ar\/?p=36610"},"modified":"2023-05-13T12:01:43","modified_gmt":"2023-05-13T15:01:43","slug":"tejedora-pampeana-fue-reconocida-con-el-premio-hacedores-2023","status":"publish","type":"post","link":"http:\/\/www.rtvnoticias.com.ar\/?p=36610","title":{"rendered":"Tejedora pampeana fue reconocida con el \u00abPremio Hacedores\u00bb 2023"},"content":{"rendered":"\n<p>En la Ciudad de Buenos Aires, en la Manzana de las Luces y en el marco de la celebraci\u00f3n de los 30 a\u00f1os del Centro Internacional para la Conservaci\u00f3n del Patrimonio (CICOP), fue distinguida la artesana Mabel Lis Carripil\u00f3n con el Premio Hacedores del Patrimonio Cultural 2023 por su labor como tejedora en telar tradicional.<\/p>\n\n\n\n<p>El CICOP es una organizaci\u00f3n no gubernamental que trabaja en pos del conocimiento y conservaci\u00f3n del patrimonio cultural. Promueve la preservaci\u00f3n de los caracteres identitarios de cada pueblo, la puesta en valor de conjuntos urbanos o rurales, el rescate de las expresiones artesanales, art\u00edsticas y el cuidado de las t\u00e9cnicas y saberes tradicionales.<\/p>\n\n\n\n<p>La artesana Mabel Lis Carripil\u00f3n, cuya producci\u00f3n est\u00e1 presente en el Mercado Artesanal de La Pampa, sorprendi\u00f3 en sus \u00faltimos trabajos con una innovaci\u00f3n en sus tejidos en la que uni\u00f3 diferentes t\u00e9cnicas con resultados exquisitos. El Mercado Artesanal de la Secretar\u00eda de Turismo de la Provincia de La Pampa, tiene como objetivo la preservaci\u00f3n de las manifestaciones culturales y art\u00edsticas, fomentando la conservaci\u00f3n de las t\u00e9cnicas artesanales de los abor\u00edgenes que habitaron el inh\u00f3spito y arenoso paisaje, en donde se logr\u00f3 un equilibrio entre el hombre y la naturaleza, que se refleja en la expresi\u00f3n de las piezas transmitidas por generaciones.<\/p>\n\n\n\n<p>Mabel Lis es oriunda de Santa Isabel y pertenece a una familia de artesanos a trav\u00e9s de generaciones: es hija de Irma Cabral, artesana creadora de excelentes ponchos y medias mantas y es nieta de Claudia, artesana ranquel oriunda de Emilio Mitre. Tambi\u00e9n su hermana Anal\u00eda junto a su hija realizan trabajos en telar y contin\u00faan transmitiendo el saber familiar y el patrimonio cultural inmaterial pampeano.<\/p>\n\n\n\n<p>Estuvieron presentes en el acto de premiaci\u00f3n la directora de Producciones Artesanales Andrea Pombar y el director de la Casa de La Pampa, Pablo Rubio.<\/p>\n\n\n\n<p>En el mismo evento fueron distinguidos con el Premio a la Trayectoria 2023 el juje\u00f1o N\u00e9stor Abraham Jose, arquitecto especializado en Preservaci\u00f3n y Conservaci\u00f3n del Patrimonio y el arquitecto Leonardo Lupiano, de Tierra del Fuego, Master en Rehabilitaci\u00f3n del Patrimonio.<\/p>\n<div class=\"sharedaddy sd-sharing-enabled\"><div class=\"robots-nocontent sd-block sd-social sd-social-icon sd-sharing\"><h3 class=\"sd-title\">Comparte esto:<\/h3><div class=\"sd-content\"><ul><li class=\"share-twitter\"><a rel=\"nofollow noopener noreferrer\" data-shared=\"sharing-twitter-36610\" class=\"share-twitter sd-button share-icon no-text\" href=\"http:\/\/www.rtvnoticias.com.ar\/?p=36610&amp;share=twitter\" target=\"_blank\" title=\"Haz clic para compartir en Twitter\"><span><\/span><span class=\"sharing-screen-reader-text\">Haz clic para compartir en Twitter (Se abre en una ventana nueva)<\/span><\/a><\/li><li class=\"share-facebook\"><a rel=\"nofollow noopener noreferrer\" data-shared=\"sharing-facebook-36610\" class=\"share-facebook sd-button share-icon no-text\" href=\"http:\/\/www.rtvnoticias.com.ar\/?p=36610&amp;share=facebook\" target=\"_blank\" title=\"Haz clic para compartir en Facebook\"><span><\/span><span class=\"sharing-screen-reader-text\">Haz clic para compartir en Facebook (Se abre en una ventana nueva)<\/span><\/a><\/li><li class=\"share-jetpack-whatsapp\"><a rel=\"nofollow noopener noreferrer\" data-shared=\"\" class=\"share-jetpack-whatsapp sd-button share-icon no-text\" href=\"http:\/\/www.rtvnoticias.com.ar\/?p=36610&amp;share=jetpack-whatsapp\" target=\"_blank\" title=\"Haz clic para compartir en WhatsApp\"><span><\/span><span class=\"sharing-screen-reader-text\">Haz clic para compartir en WhatsApp (Se abre en una ventana nueva)<\/span><\/a><\/li><li class=\"share-telegram\"><a rel=\"nofollow noopener noreferrer\" data-shared=\"\" class=\"share-telegram sd-button share-icon no-text\" href=\"http:\/\/www.rtvnoticias.com.ar\/?p=36610&amp;share=telegram\" target=\"_blank\" title=\"Haz clic para compartir en Telegram\"><span><\/span><span class=\"sharing-screen-reader-text\">Haz clic para compartir en Telegram (Se abre en una ventana nueva)<\/span><\/a><\/li><li class=\"share-end\"><\/li><\/ul><\/div><\/div><\/div>","protected":false},"excerpt":{"rendered":"<p>En la Ciudad de Buenos Aires, en la Manzana de las Luces y en el marco de la celebraci\u00f3n de los 30 a\u00f1os del Centro<\/p>\n<div class=\"sharedaddy sd-sharing-enabled\"><div class=\"robots-nocontent sd-block sd-social sd-social-icon sd-sharing\"><h3 class=\"sd-title\">Comparte esto:<\/h3><div class=\"sd-content\"><ul><li class=\"share-twitter\"><a rel=\"nofollow noopener noreferrer\" data-shared=\"sharing-twitter-36610\" class=\"share-twitter sd-button share-icon no-text\" href=\"http:\/\/www.rtvnoticias.com.ar\/?p=36610&amp;share=twitter\" target=\"_blank\" title=\"Haz clic para compartir en Twitter\"><span><\/span><span class=\"sharing-screen-reader-text\">Haz clic para compartir en Twitter (Se abre en una ventana nueva)<\/span><\/a><\/li><li class=\"share-facebook\"><a rel=\"nofollow noopener noreferrer\" data-shared=\"sharing-facebook-36610\" class=\"share-facebook sd-button share-icon no-text\" href=\"http:\/\/www.rtvnoticias.com.ar\/?p=36610&amp;share=facebook\" target=\"_blank\" title=\"Haz clic para compartir en Facebook\"><span><\/span><span class=\"sharing-screen-reader-text\">Haz clic para compartir en Facebook (Se abre en una ventana nueva)<\/span><\/a><\/li><li class=\"share-jetpack-whatsapp\"><a rel=\"nofollow noopener noreferrer\" data-shared=\"\" class=\"share-jetpack-whatsapp sd-button share-icon no-text\" href=\"http:\/\/www.rtvnoticias.com.ar\/?p=36610&amp;share=jetpack-whatsapp\" target=\"_blank\" title=\"Haz clic para compartir en WhatsApp\"><span><\/span><span class=\"sharing-screen-reader-text\">Haz clic para compartir en WhatsApp (Se abre en una ventana nueva)<\/span><\/a><\/li><li class=\"share-telegram\"><a rel=\"nofollow noopener noreferrer\" data-shared=\"\" class=\"share-telegram sd-button share-icon no-text\" href=\"http:\/\/www.rtvnoticias.com.ar\/?p=36610&amp;share=telegram\" target=\"_blank\" title=\"Haz clic para compartir en Telegram\"><span><\/span><span class=\"sharing-screen-reader-text\">Haz clic para compartir en Telegram (Se abre en una ventana nueva)<\/span><\/a><\/li><li class=\"share-end\"><\/li><\/ul><\/div><\/div><\/div>","protected":false},"author":7,"featured_media":36611,"comment_status":"closed","ping_status":"closed","sticky":false,"template":"","format":"standard","meta":{"spay_email":"","jetpack_publicize_message":"","jetpack_is_tweetstorm":false,"jetpack_publicize_feature_enabled":true},"categories":[1],"tags":[],"jetpack_featured_media_url":"http:\/\/www.rtvnoticias.com.ar\/wp-content\/uploads\/2023\/05\/tejedora-premiada.jpeg","jetpack_publicize_connections":[],"jetpack_sharing_enabled":true,"_links":{"self":[{"href":"http:\/\/www.rtvnoticias.com.ar\/index.php?rest_route=\/wp\/v2\/posts\/36610"}],"collection":[{"href":"http:\/\/www.rtvnoticias.com.ar\/index.php?rest_route=\/wp\/v2\/posts"}],"about":[{"href":"http:\/\/www.rtvnoticias.com.ar\/index.php?rest_route=\/wp\/v2\/types\/post"}],"author":[{"embeddable":true,"href":"http:\/\/www.rtvnoticias.com.ar\/index.php?rest_route=\/wp\/v2\/users\/7"}],"replies":[{"embeddable":true,"href":"http:\/\/www.rtvnoticias.com.ar\/index.php?rest_route=%2Fwp%2Fv2%2Fcomments&post=36610"}],"version-history":[{"count":1,"href":"http:\/\/www.rtvnoticias.com.ar\/index.php?rest_route=\/wp\/v2\/posts\/36610\/revisions"}],"predecessor-version":[{"id":36612,"href":"http:\/\/www.rtvnoticias.com.ar\/index.php?rest_route=\/wp\/v2\/posts\/36610\/revisions\/36612"}],"wp:featuredmedia":[{"embeddable":true,"href":"http:\/\/www.rtvnoticias.com.ar\/index.php?rest_route=\/wp\/v2\/media\/36611"}],"wp:attachment":[{"href":"http:\/\/www.rtvnoticias.com.ar\/index.php?rest_route=%2Fwp%2Fv2%2Fmedia&parent=36610"}],"wp:term":[{"taxonomy":"category","embeddable":true,"href":"http:\/\/www.rtvnoticias.com.ar\/index.php?rest_route=%2Fwp%2Fv2%2Fcategories&post=36610"},{"taxonomy":"post_tag","embeddable":true,"href":"http:\/\/www.rtvnoticias.com.ar\/index.php?rest_route=%2Fwp%2Fv2%2Ftags&post=36610"}],"curies":[{"name":"wp","href":"https:\/\/api.w.org\/{rel}","templated":true}]}}