{"id":36626,"date":"2023-05-14T11:18:45","date_gmt":"2023-05-14T14:18:45","guid":{"rendered":"http:\/\/www.rtvnoticias.com.ar\/?p=36626"},"modified":"2023-05-16T23:11:16","modified_gmt":"2023-05-17T02:11:16","slug":"elecciones-la-pampa-2023-minuto-a-minuto","status":"publish","type":"post","link":"http:\/\/www.rtvnoticias.com.ar\/?p=36626","title":{"rendered":"Elecciones La Pampa 2023: Minuto a minuto"},"content":{"rendered":"\n<p>Largas colas se registran a las 12.30 en el Colegio Nuestra Se\u00f1ora de Luj\u00e1n para que los sufragantes emitan su voto.<\/p>\n\n\n\n<p><img decoding=\"async\" srcset=\"https:\/\/i2.wp.com\/www.radio37.com.ar\/wp-content\/uploads\/2023\/05\/voto-1.jpg?w=1024 1024w, https:\/\/i2.wp.com\/www.radio37.com.ar\/wp-content\/uploads\/2023\/05\/voto-1.jpg?resize=300%2C225 300w, https:\/\/i2.wp.com\/www.radio37.com.ar\/wp-content\/uploads\/2023\/05\/voto-1.jpg?resize=768%2C576 768w, https:\/\/i2.wp.com\/www.radio37.com.ar\/wp-content\/uploads\/2023\/05\/voto-1.jpg?resize=150%2C113 150w, https:\/\/i2.wp.com\/www.radio37.com.ar\/wp-content\/uploads\/2023\/05\/voto-1.jpg?resize=800%2C600 800w, https:\/\/i2.wp.com\/www.radio37.com.ar\/wp-content\/uploads\/2023\/05\/voto-1.jpg?resize=400%2C300 400w\" src=\"https:\/\/i2.wp.com\/www.radio37.com.ar\/wp-content\/uploads\/2023\/05\/voto-1.jpg?fit=920%2C690\" alt=\"\"><img decoding=\"async\" srcset=\"https:\/\/i0.wp.com\/www.radio37.com.ar\/wp-content\/uploads\/2023\/05\/voto2.jpg?w=1024 1024w, https:\/\/i0.wp.com\/www.radio37.com.ar\/wp-content\/uploads\/2023\/05\/voto2.jpg?resize=300%2C225 300w, https:\/\/i0.wp.com\/www.radio37.com.ar\/wp-content\/uploads\/2023\/05\/voto2.jpg?resize=768%2C576 768w, https:\/\/i0.wp.com\/www.radio37.com.ar\/wp-content\/uploads\/2023\/05\/voto2.jpg?resize=150%2C113 150w, https:\/\/i0.wp.com\/www.radio37.com.ar\/wp-content\/uploads\/2023\/05\/voto2.jpg?resize=800%2C600 800w, https:\/\/i0.wp.com\/www.radio37.com.ar\/wp-content\/uploads\/2023\/05\/voto2.jpg?resize=400%2C300 400w\" src=\"https:\/\/i0.wp.com\/www.radio37.com.ar\/wp-content\/uploads\/2023\/05\/voto2.jpg?fit=920%2C690\" alt=\"\"><\/p>\n\n\n\n<p>Asimismo, se supo que a nivel provincial solamente ha votado el 30% del electorado, a diferencia de a\u00f1os anteriores que para el mediod\u00eda la concurrencia rondaba entre el 40 y 60%.<\/p>\n\n\n\n<p>Recordemos que est\u00e1n habilitadas para emitir el sufragio, entre las 8 y las 18 horas, 298.050 personas en las 889 mesas distribuidas en toda la provincia.<\/p>\n\n\n\n<p><strong>Alberto Campo<\/strong><\/p>\n\n\n\n<p>El candidato a viceintendente de General Pico por el Frejupa, Alberto Campo, vot\u00f3 al mediod\u00eda en la Escuela 66.<\/p>\n\n\n\n<figure class=\"wp-block-video\"><video controls src=\"blob:http:\/\/www.rtvnoticias.com.ar\/c878338b-8171-4128-902a-b4e84b76049f\"><\/video><\/figure>\n\n\n\n<figure class=\"wp-block-image\"><img decoding=\"async\" src=\"https:\/\/i0.wp.com\/www.radio37.com.ar\/wp-content\/uploads\/2023\/05\/alberto-campo-voto.jpg?fit=920%2C690\" alt=\"Esta imagen tiene un atributo alt vac\u00edo; el nombre del archivo es alberto-campo-voto.jpg\"\/><\/figure>\n\n\n\n<p><strong>Mart\u00edn Berhongaray<\/strong><\/p>\n\n\n\n<p>El candidato a gobernador de Juntos por el Cambio, Mart\u00edn Berhongaray,&nbsp;vot\u00f3 a las 11 en la Escuela 78 de Santa Rosa.<\/p>\n\n\n\n<figure class=\"wp-block-image\"><img decoding=\"async\" src=\"https:\/\/diariotextual.com\/inicio\/wp-content\/uploads\/2023\/05\/berhongaraymartinvotando2023-2-1170x774.jpeg\" alt=\"Berhongaray: \u201cConfiamos en que vamos a tener un acompa\u00f1amiento mayoritario\u201d\"\/><\/figure>\n\n\n\n<p>\u00abLa primera preocupaci\u00f3n del vecino, es la preocupaci\u00f3n del bolsillo frente a un proceso inflacionario imparable\u00bb, sostuvo.<\/p>\n\n\n\n<figure class=\"wp-block-image\"><img decoding=\"async\" src=\"https:\/\/www.eldiariodelapampa.com.ar\/\/img\/publicaciones\/2023\/05\/14\/alta\/240608.jpg\" alt=\"La primera preocupacioacuten del vecino es la preocupacioacuten del bolsillo\"\/><\/figure>\n\n\n\n<p><strong>Fernanda Alonso<\/strong><\/p>\n\n\n\n<p>La actual intendenta de General Pico, Fernanda Alonso, quien busca su reelecci\u00f3n al frente de la comuna piquense, emiti\u00f3 su voto en la Escuela 57.<\/p>\n\n\n\n<figure class=\"wp-block-image\"><img decoding=\"async\" src=\"https:\/\/i0.wp.com\/www.radio37.com.ar\/wp-content\/uploads\/2023\/05\/alonso-voto.jpg?fit=768%2C1024\" alt=\"\" class=\"wp-image-35021\"\/><\/figure>\n\n\n\n<p><strong>Sergio Ziliotto<\/strong><\/p>\n\n\n\n<p>El gobernador&nbsp;Sergio Ziliotto, quien va por la reelecci\u00f3n con un frente peronista, dijo que \u201cel pueblo nunca se equivoca. Premia o castiga y hoy las cartas est\u00e1n echadas\u00bb. <\/p>\n\n\n\n<figure class=\"wp-block-image\"><img decoding=\"async\" src=\"https:\/\/i1.wp.com\/www.radio37.com.ar\/wp-content\/uploads\/2023\/05\/ziliotto-voto.jpg?fit=920%2C614\" alt=\"Esta imagen tiene un atributo alt vac\u00edo; el nombre del archivo es ziliotto-voto.jpg\"\/><\/figure>\n\n\n\n<p>\u00abEstas son las hermosas oportunidades en las que el pueblo tiene en expresar lo que quiere. En La Pampa hoy hemos hecho un enorme homenaje a 40 a\u00f1os de la Democracia\u201d, manifest\u00f3.<\/p>\n\n\n\n<figure class=\"wp-block-image\"><img decoding=\"async\" src=\"https:\/\/i1.wp.com\/www.radio37.com.ar\/wp-content\/uploads\/2023\/05\/ziliotto-prensa-voto.jpg?fit=920%2C614\" alt=\"Esta imagen tiene un atributo alt vac\u00edo; el nombre del archivo es ziliotto-prensa-voto.jpg\"\/><\/figure>\n\n\n\n<p><strong>Adriana Garc\u00eda<\/strong><\/p>\n\n\n\n<p>Adriana Garc\u00eda, candidata a intendenta por Juntos por el Cambio por la ciudad de General Pico, emiti\u00f3 su voto sobre media ma\u00f1ana. Dijo estar confiada en el trabajo realizado y por eso espera hacer una buena elecci\u00f3n.<\/p>\n\n\n\n<figure class=\"wp-block-image\"><img decoding=\"async\" src=\"https:\/\/i1.wp.com\/www.radio37.com.ar\/wp-content\/uploads\/2023\/05\/adriana-garcia.jpg?fit=920%2C690\" alt=\"Esta imagen tiene un atributo alt vac\u00edo; el nombre del archivo es adriana-garcia.jpg\"\/><\/figure>\n\n\n\n<p><strong>Alicia Mayoral<\/strong><\/p>\n\n\n\n<p>Alicia Mayoral, candidata a la vicegobernaci\u00f3n por el Frente Justicialista Pampeano (Frejupa), emiti\u00f3 su voto esta ma\u00f1ana en la ciudad de General Pico.<\/p>\n\n\n\n<figure class=\"wp-block-image\"><img decoding=\"async\" src=\"https:\/\/i1.wp.com\/www.radio37.com.ar\/wp-content\/uploads\/2023\/05\/mayoral.jpg?fit=920%2C690\" alt=\"Esta imagen tiene un atributo alt vac\u00edo; el nombre del archivo es mayoral.jpg\"\/><\/figure>\n\n\n\n<p>\u201cHe dejado todo en la cancha, estoy muy movilizada\u201d, dijo Mayoral con una notable emoci\u00f3n en sus palabras. \u201cAs\u00ed que agradeci\u00e9ndoles a ustedes y a cada uno de que hacen posible todo esto. Para m\u00ed esto es muy importante siempre que se venga a votar.\u201d<\/p>\n\n\n\n<figure class=\"wp-block-video\"><video controls src=\"blob:http:\/\/www.rtvnoticias.com.ar\/9b1e7e45-382f-4d6e-8709-db71e206f2f7\"><\/video><\/figure>\n\n\n\n<p><strong>Luciano Gonz\u00e1lez Cabbiatti<\/strong><\/p>\n\n\n\n<p>El&nbsp;candidato a la gobernaci\u00f3n del Frente de Izquierda de los Trabajadores-Unidad (PTS-PO-MST), Luciano Gonz\u00e1lez Cabbiatti, vot\u00f3 esta ma\u00f1ana.<\/p>\n\n\n\n<p>El delegado de ATE en la Subsecretar\u00eda de Agricultura Familiar se postula acompa\u00f1ado de Sof\u00eda Mercedes Fern\u00e1ndez en la vicegobernaci\u00f3n.<\/p>\n\n\n\n<figure class=\"wp-block-image\"><img decoding=\"async\" src=\"https:\/\/diariotextual.com\/inicio\/wp-content\/uploads\/2023\/05\/gonzlaez4536cabbiatti-1170x797.jpg\" alt=\"Luciano Gonz\u00e1lez: \u201cEl batacazo ser\u00eda meter un diputado provincial\u201d\"\/><\/figure>\n\n\n\n<p><strong>Vot\u00f3 Francisco Torroba<\/strong><\/p>\n\n\n\n<p>Francisco Torroba, el candidato de Juntos por el Cambio que busca regresar a la intendencia capitalina, vot\u00f3 esta ma\u00f1ana y consider\u00f3 que&nbsp;alta inflaci\u00f3n va a tener \u201cmuch\u00edsima incidencia\u201d en los comicios.<\/p>\n\n\n\n<figure class=\"wp-block-image\"><img decoding=\"async\" src=\"https:\/\/i2.wp.com\/diariotextual.com\/inicio\/wp-content\/uploads\/2023\/05\/TORROBAVOTA20233-1170x737.jpg?resize=920%2C580&amp;ssl=1\" alt=\"Torroba: la alta inflaci\u00f3n va a tener \u201cmuch\u00edsima incidencia\u201d en esta elecci\u00f3n\"\/><\/figure>\n\n\n\n<p><strong>Vot\u00f3 Patricia Testa<\/strong><\/p>\n\n\n\n<p><video controls=\"\" src=\"http:\/\/www.radio37.com.ar\/wp-content\/uploads\/2023\/05\/WhatsApp-Video-2023-05-14-at-09.35.35.mp4\"><\/p>\n\n\n\n<p>La candidata a vicegobernadora por Juntos por el Cambio, Patricia Testa, emiti\u00f3 su voto en la Escuela 264 de esta ciudad de General Pico. \u201cQue lo decida el ciudadano por el bien de toda La Pampa\u201d, manifest\u00f3.<\/p>\n\n\n\n<figure class=\"wp-block-image\"><img decoding=\"async\" src=\"https:\/\/i0.wp.com\/www.radio37.com.ar\/wp-content\/uploads\/2023\/05\/testa.jpeg?fit=920%2C690\" alt=\"\" class=\"wp-image-34993\"\/><\/figure>\n\n\n\n<p><strong>Vot\u00f3 Leonor Aglae Fern\u00e1ndez Orsi<\/strong><\/p>\n\n\n\n<p>La candidata a intendente de la ciudad de General Pico por el partido Comunidad Organizada, Leonor Fern\u00e1ndez Orsi acaba de emitir, y al momento de sufragar manifest\u00f3 que espera confiada en el resultados de estas elecciones.<\/p>\n\n\n\n<p><strong>Vot\u00f3 Leonel Sep\u00falveda<\/strong><\/p>\n\n\n\n<p>El candidato a intendente por la ciudad de General Pico del FIT.&nbsp;Esta es la primera vez que el Frente de Izquierda se presenta en La Pampa.&nbsp;<\/p>\n\n\n\n<p><strong>Vot\u00f3 H\u00e9ctor Fazzini<\/strong><\/p>\n\n\n\n<p>El candidato a gobernador por el&nbsp;Movimiento Federalista Pampeano (Mofepa) H\u00e9ctor Fazzini, vot{o en la ciudad de Santa Rosa en los primeros minutos de la jornada electoral.&nbsp;<\/p>\n\n\n\n<p>El Mofepa abandon\u00f3 recientemente Juntos por el Cambio y se presenta con el exdiputado provincial H\u00e9ctor Fazzini y Sonia Anal\u00eda Wisner, para gobernador y vice.<\/p>\n\n\n\n<figure class=\"wp-block-image\"><img decoding=\"async\" src=\"https:\/\/i2.wp.com\/diariotextual.com\/inicio\/wp-content\/uploads\/2023\/05\/fazzinihectorvotando2023-1-1170x661.jpeg?resize=920%2C520&amp;ssl=1\" alt=\"Fazzini, candidato del Mofepa: \u201cEl mensaje lleg\u00f3\u201d\"\/><\/figure>\n\n\n\n<p><strong>Vot\u00f3 Claudio Acosta<\/strong><\/p>\n\n\n\n<p>El primer candidato a gobernador que vot\u00f3 fue&nbsp;Claudio Acosta, por el partido Desde el Pie, que lleva la f\u00f3rmula para la Gobernaci\u00f3n con el funcionario provincial del Ministerio de Salud, y la docente Laura Gonz\u00e1lez para vice<\/p>\n\n\n\n<figure class=\"wp-block-image\"><img decoding=\"async\" src=\"https:\/\/i1.wp.com\/diariotextual.com\/inicio\/wp-content\/uploads\/2023\/05\/acostadesdeelpievota7-1170x761.jpg?resize=920%2C598&amp;ssl=1\" alt=\"Vot\u00f3 Claudio Acosta: \u201cVemos que se empieza a construir una alternativa amplia en La Pampa\u201d\"\/><\/figure>\n<div class=\"sharedaddy sd-sharing-enabled\"><div class=\"robots-nocontent sd-block sd-social sd-social-icon sd-sharing\"><h3 class=\"sd-title\">Comparte esto:<\/h3><div class=\"sd-content\"><ul><li class=\"share-twitter\"><a rel=\"nofollow noopener noreferrer\" data-shared=\"sharing-twitter-36626\" class=\"share-twitter sd-button share-icon no-text\" href=\"http:\/\/www.rtvnoticias.com.ar\/?p=36626&amp;share=twitter\" target=\"_blank\" title=\"Haz clic para compartir en Twitter\"><span><\/span><span class=\"sharing-screen-reader-text\">Haz clic para compartir en Twitter (Se abre en una ventana nueva)<\/span><\/a><\/li><li class=\"share-facebook\"><a rel=\"nofollow noopener noreferrer\" data-shared=\"sharing-facebook-36626\" class=\"share-facebook sd-button share-icon no-text\" href=\"http:\/\/www.rtvnoticias.com.ar\/?p=36626&amp;share=facebook\" target=\"_blank\" title=\"Haz clic para compartir en Facebook\"><span><\/span><span class=\"sharing-screen-reader-text\">Haz clic para compartir en Facebook (Se abre en una ventana nueva)<\/span><\/a><\/li><li class=\"share-jetpack-whatsapp\"><a rel=\"nofollow noopener noreferrer\" data-shared=\"\" class=\"share-jetpack-whatsapp sd-button share-icon no-text\" href=\"http:\/\/www.rtvnoticias.com.ar\/?p=36626&amp;share=jetpack-whatsapp\" target=\"_blank\" title=\"Haz clic para compartir en WhatsApp\"><span><\/span><span class=\"sharing-screen-reader-text\">Haz clic para compartir en WhatsApp (Se abre en una ventana nueva)<\/span><\/a><\/li><li class=\"share-telegram\"><a rel=\"nofollow noopener noreferrer\" data-shared=\"\" class=\"share-telegram sd-button share-icon no-text\" href=\"http:\/\/www.rtvnoticias.com.ar\/?p=36626&amp;share=telegram\" target=\"_blank\" title=\"Haz clic para compartir en Telegram\"><span><\/span><span class=\"sharing-screen-reader-text\">Haz clic para compartir en Telegram (Se abre en una ventana nueva)<\/span><\/a><\/li><li class=\"share-end\"><\/li><\/ul><\/div><\/div><\/div>","protected":false},"excerpt":{"rendered":"<p>Largas colas se registran a las 12.30 en el Colegio Nuestra Se\u00f1ora de Luj\u00e1n para que los sufragantes emitan su voto. Asimismo, se supo que<\/p>\n<div class=\"sharedaddy sd-sharing-enabled\"><div class=\"robots-nocontent sd-block sd-social sd-social-icon sd-sharing\"><h3 class=\"sd-title\">Comparte esto:<\/h3><div class=\"sd-content\"><ul><li class=\"share-twitter\"><a rel=\"nofollow noopener noreferrer\" data-shared=\"sharing-twitter-36626\" class=\"share-twitter sd-button share-icon no-text\" href=\"http:\/\/www.rtvnoticias.com.ar\/?p=36626&amp;share=twitter\" target=\"_blank\" title=\"Haz clic para compartir en Twitter\"><span><\/span><span class=\"sharing-screen-reader-text\">Haz clic para compartir en Twitter (Se abre en una ventana nueva)<\/span><\/a><\/li><li class=\"share-facebook\"><a rel=\"nofollow noopener noreferrer\" data-shared=\"sharing-facebook-36626\" class=\"share-facebook sd-button share-icon no-text\" href=\"http:\/\/www.rtvnoticias.com.ar\/?p=36626&amp;share=facebook\" target=\"_blank\" title=\"Haz clic para compartir en Facebook\"><span><\/span><span class=\"sharing-screen-reader-text\">Haz clic para compartir en Facebook (Se abre en una ventana nueva)<\/span><\/a><\/li><li class=\"share-jetpack-whatsapp\"><a rel=\"nofollow noopener noreferrer\" data-shared=\"\" class=\"share-jetpack-whatsapp sd-button share-icon no-text\" href=\"http:\/\/www.rtvnoticias.com.ar\/?p=36626&amp;share=jetpack-whatsapp\" target=\"_blank\" title=\"Haz clic para compartir en WhatsApp\"><span><\/span><span class=\"sharing-screen-reader-text\">Haz clic para compartir en WhatsApp (Se abre en una ventana nueva)<\/span><\/a><\/li><li class=\"share-telegram\"><a rel=\"nofollow noopener noreferrer\" data-shared=\"\" class=\"share-telegram sd-button share-icon no-text\" href=\"http:\/\/www.rtvnoticias.com.ar\/?p=36626&amp;share=telegram\" target=\"_blank\" title=\"Haz clic para compartir en Telegram\"><span><\/span><span class=\"sharing-screen-reader-text\">Haz clic para compartir en Telegram (Se abre en una ventana nueva)<\/span><\/a><\/li><li class=\"share-end\"><\/li><\/ul><\/div><\/div><\/div>","protected":false},"author":7,"featured_media":0,"comment_status":"closed","ping_status":"closed","sticky":false,"template":"","format":"standard","meta":{"spay_email":"","jetpack_publicize_message":"","jetpack_is_tweetstorm":false,"jetpack_publicize_feature_enabled":true},"categories":[1],"tags":[],"jetpack_featured_media_url":"","jetpack_publicize_connections":[],"jetpack_sharing_enabled":true,"_links":{"self":[{"href":"http:\/\/www.rtvnoticias.com.ar\/index.php?rest_route=\/wp\/v2\/posts\/36626"}],"collection":[{"href":"http:\/\/www.rtvnoticias.com.ar\/index.php?rest_route=\/wp\/v2\/posts"}],"about":[{"href":"http:\/\/www.rtvnoticias.com.ar\/index.php?rest_route=\/wp\/v2\/types\/post"}],"author":[{"embeddable":true,"href":"http:\/\/www.rtvnoticias.com.ar\/index.php?rest_route=\/wp\/v2\/users\/7"}],"replies":[{"embeddable":true,"href":"http:\/\/www.rtvnoticias.com.ar\/index.php?rest_route=%2Fwp%2Fv2%2Fcomments&post=36626"}],"version-history":[{"count":13,"href":"http:\/\/www.rtvnoticias.com.ar\/index.php?rest_route=\/wp\/v2\/posts\/36626\/revisions"}],"predecessor-version":[{"id":36674,"href":"http:\/\/www.rtvnoticias.com.ar\/index.php?rest_route=\/wp\/v2\/posts\/36626\/revisions\/36674"}],"wp:attachment":[{"href":"http:\/\/www.rtvnoticias.com.ar\/index.php?rest_route=%2Fwp%2Fv2%2Fmedia&parent=36626"}],"wp:term":[{"taxonomy":"category","embeddable":true,"href":"http:\/\/www.rtvnoticias.com.ar\/index.php?rest_route=%2Fwp%2Fv2%2Fcategories&post=36626"},{"taxonomy":"post_tag","embeddable":true,"href":"http:\/\/www.rtvnoticias.com.ar\/index.php?rest_route=%2Fwp%2Fv2%2Ftags&post=36626"}],"curies":[{"name":"wp","href":"https:\/\/api.w.org\/{rel}","templated":true}]}}