{"id":36659,"date":"2023-05-16T22:20:21","date_gmt":"2023-05-17T01:20:21","guid":{"rendered":"http:\/\/www.rtvnoticias.com.ar\/?p=36659"},"modified":"2023-05-16T22:21:01","modified_gmt":"2023-05-17T01:21:01","slug":"nuevos-guardavidas-para-la-pampa","status":"publish","type":"post","link":"http:\/\/www.rtvnoticias.com.ar\/?p=36659","title":{"rendered":"Nuevos guardavidas para La Pampa"},"content":{"rendered":"\n<p>Tras rendir el final pr\u00e1ctico, 23 pampeanos y pampeanas completaron el\u00a0curso de la Escuela de Guardavidas que se desarrolla en la Provincia a\u00a0trav\u00e9s del trabajo conjunto de los Ministerios de Educaci\u00f3n, Salud,\u00a0Seguridad y Desarrollo Social.La cursada est\u00e1 bajo la responsabilidad de la Subsecretar\u00eda de\u00a0Deportes y las distintas materias te\u00f3ricas y pr\u00e1cticas, los egresados\u00a0se encuentran habilitados para prestar sus servicios en piletas y\u00a0aguas abiertas de la Provincia -tambi\u00e9n en otros lugares, mediante la rev\u00e1lida- y de esa manera aumentar la seguridad\u00a0en los mismos.<\/p>\n\n\n\n<p>A lo largo de diez meses, la preparaci\u00f3n incluye materias tales como\u00a0RCP, T\u00e9cnicas y Estrategias de Rescate, primeros auxilios y Salvamento\u00a0Aplicado (aspectos a tener en cuenta para trabajar en el mar) entre\u00a0otras, con pr\u00e1cticas en piscinas y en el mar en Pehuen Co.<\/p>\n\n\n\n<p>El trabajo final es la realizaci\u00f3n de cinco rescates continuos en un\u00a0tiempo de 4 minutos 30 segundos como m\u00e1ximo. Esta fue la prueba que\u00a0rindieron los flamantes egresados durante el fin de semana en Realic\u00f3,\u00a0General Campos y M\u00e9danos Verdes, los centros que se dispusieron en\u00a0funci\u00f3n de la cercan\u00eda geogr\u00e1fica de los aspirantes.<\/p>\n\n\n\n<p>La Escuela comenz\u00f3 a funcionar en La Pampa en 2020 a partir de un\u00a0convenio entre el Ministerio de Desarrollo Social y la Asociaci\u00f3n\u00a0Mutual Guardavidas Argentinos Asociados (AMGAA) del gremio de\u00a0guardavidas SUGARA, y la formaci\u00f3n incluye tambi\u00e9n al aula virtual de\u00a0la Fundaci\u00f3n del Banco de La Pampa.<\/p>\n\n\n\n<p>Los contenidos fueron aprobados por el Ministerio de Educaci\u00f3n, a\u00a0trav\u00e9s de la Subsecretar\u00eda de Educaci\u00f3n T\u00e9cnico Profesional y\u00a0profesionales de Salud del CODES capacitan sobre aspectos necesarios\u00a0para recuperar y estabilizar a las v\u00edctimas hasta la llegada de\u00a0personal m\u00e9dico.<\/p>\n\n\n\n<p>Con la promoci\u00f3n de guardavidas, en tanto, se cumple con las\u00a0obligaciones dispuestas por la Ley de Defensa Civil del Ministerio de\u00a0Seguridad.<\/p>\n\n\n\n<p><strong>Los recibidos<\/strong><\/p>\n\n\n\n<p>La n\u00f3mina de aprobados \u2013que se ampliar\u00e1 en los pr\u00f3ximos meses- es la\u00a0siguiente: Mar\u00eda Agustina Alvarez Moreno, Emmanuel Baldom\u00e9, Agustina\u00a0Marcela Barreto, Kevin Cascallares, Lorenzo Diez Guti\u00e9rrez, Mart\u00edn\u00a0Fern\u00e1ndez, Federico Funes, Tom\u00e1s Gago, Sebasti\u00e1n Guaycochea Leone, y\u00a0Emilio Ferm\u00edn Kulhawy.<\/p>\n\n\n\n<p>Justino Laffeuillade, Ayl\u00e9n Lavalletto, Cintia Mart\u00edn, Francisco\u00a0Miguel Alvarez, Sof\u00eda Mulatero, Luciana Anah\u00ed Passarello, Brenda Janet\u00a0Riela, Iv\u00e1n Torres, Agust\u00edn Velilla, Juli\u00e1n Alvarez, Juli\u00e1n Cavalotti,\u00a0Eric Joel \u00d1ancucheo, y Santiago Comabella.<\/p>\n<div class=\"sharedaddy sd-sharing-enabled\"><div class=\"robots-nocontent sd-block sd-social sd-social-icon sd-sharing\"><h3 class=\"sd-title\">Comparte esto:<\/h3><div class=\"sd-content\"><ul><li class=\"share-twitter\"><a rel=\"nofollow noopener noreferrer\" data-shared=\"sharing-twitter-36659\" class=\"share-twitter sd-button share-icon no-text\" href=\"http:\/\/www.rtvnoticias.com.ar\/?p=36659&amp;share=twitter\" target=\"_blank\" title=\"Haz clic para compartir en Twitter\"><span><\/span><span class=\"sharing-screen-reader-text\">Haz clic para compartir en Twitter (Se abre en una ventana nueva)<\/span><\/a><\/li><li class=\"share-facebook\"><a rel=\"nofollow noopener noreferrer\" data-shared=\"sharing-facebook-36659\" class=\"share-facebook sd-button share-icon no-text\" href=\"http:\/\/www.rtvnoticias.com.ar\/?p=36659&amp;share=facebook\" target=\"_blank\" title=\"Haz clic para compartir en Facebook\"><span><\/span><span class=\"sharing-screen-reader-text\">Haz clic para compartir en Facebook (Se abre en una ventana nueva)<\/span><\/a><\/li><li class=\"share-jetpack-whatsapp\"><a rel=\"nofollow noopener noreferrer\" data-shared=\"\" class=\"share-jetpack-whatsapp sd-button share-icon no-text\" href=\"http:\/\/www.rtvnoticias.com.ar\/?p=36659&amp;share=jetpack-whatsapp\" target=\"_blank\" title=\"Haz clic para compartir en WhatsApp\"><span><\/span><span class=\"sharing-screen-reader-text\">Haz clic para compartir en WhatsApp (Se abre en una ventana nueva)<\/span><\/a><\/li><li class=\"share-telegram\"><a rel=\"nofollow noopener noreferrer\" data-shared=\"\" class=\"share-telegram sd-button share-icon no-text\" href=\"http:\/\/www.rtvnoticias.com.ar\/?p=36659&amp;share=telegram\" target=\"_blank\" title=\"Haz clic para compartir en Telegram\"><span><\/span><span class=\"sharing-screen-reader-text\">Haz clic para compartir en Telegram (Se abre en una ventana nueva)<\/span><\/a><\/li><li class=\"share-end\"><\/li><\/ul><\/div><\/div><\/div>","protected":false},"excerpt":{"rendered":"<p>Tras rendir el final pr\u00e1ctico, 23 pampeanos y pampeanas completaron el\u00a0curso de la Escuela de Guardavidas que se desarrolla en la Provincia a\u00a0trav\u00e9s del trabajo<\/p>\n<div class=\"sharedaddy sd-sharing-enabled\"><div class=\"robots-nocontent sd-block sd-social sd-social-icon sd-sharing\"><h3 class=\"sd-title\">Comparte esto:<\/h3><div class=\"sd-content\"><ul><li class=\"share-twitter\"><a rel=\"nofollow noopener noreferrer\" data-shared=\"sharing-twitter-36659\" class=\"share-twitter sd-button share-icon no-text\" href=\"http:\/\/www.rtvnoticias.com.ar\/?p=36659&amp;share=twitter\" target=\"_blank\" title=\"Haz clic para compartir en Twitter\"><span><\/span><span class=\"sharing-screen-reader-text\">Haz clic para compartir en Twitter (Se abre en una ventana nueva)<\/span><\/a><\/li><li class=\"share-facebook\"><a rel=\"nofollow noopener noreferrer\" data-shared=\"sharing-facebook-36659\" class=\"share-facebook sd-button share-icon no-text\" href=\"http:\/\/www.rtvnoticias.com.ar\/?p=36659&amp;share=facebook\" target=\"_blank\" title=\"Haz clic para compartir en Facebook\"><span><\/span><span class=\"sharing-screen-reader-text\">Haz clic para compartir en Facebook (Se abre en una ventana nueva)<\/span><\/a><\/li><li class=\"share-jetpack-whatsapp\"><a rel=\"nofollow noopener noreferrer\" data-shared=\"\" class=\"share-jetpack-whatsapp sd-button share-icon no-text\" href=\"http:\/\/www.rtvnoticias.com.ar\/?p=36659&amp;share=jetpack-whatsapp\" target=\"_blank\" title=\"Haz clic para compartir en WhatsApp\"><span><\/span><span class=\"sharing-screen-reader-text\">Haz clic para compartir en WhatsApp (Se abre en una ventana nueva)<\/span><\/a><\/li><li class=\"share-telegram\"><a rel=\"nofollow noopener noreferrer\" data-shared=\"\" class=\"share-telegram sd-button share-icon no-text\" href=\"http:\/\/www.rtvnoticias.com.ar\/?p=36659&amp;share=telegram\" target=\"_blank\" title=\"Haz clic para compartir en Telegram\"><span><\/span><span class=\"sharing-screen-reader-text\">Haz clic para compartir en Telegram (Se abre en una ventana nueva)<\/span><\/a><\/li><li class=\"share-end\"><\/li><\/ul><\/div><\/div><\/div>","protected":false},"author":5,"featured_media":36660,"comment_status":"closed","ping_status":"closed","sticky":false,"template":"","format":"standard","meta":{"spay_email":"","jetpack_publicize_message":"","jetpack_is_tweetstorm":false,"jetpack_publicize_feature_enabled":true},"categories":[4],"tags":[4046],"jetpack_featured_media_url":"http:\/\/www.rtvnoticias.com.ar\/wp-content\/uploads\/2023\/05\/guardavidas.jpg","jetpack_publicize_connections":[],"jetpack_sharing_enabled":true,"_links":{"self":[{"href":"http:\/\/www.rtvnoticias.com.ar\/index.php?rest_route=\/wp\/v2\/posts\/36659"}],"collection":[{"href":"http:\/\/www.rtvnoticias.com.ar\/index.php?rest_route=\/wp\/v2\/posts"}],"about":[{"href":"http:\/\/www.rtvnoticias.com.ar\/index.php?rest_route=\/wp\/v2\/types\/post"}],"author":[{"embeddable":true,"href":"http:\/\/www.rtvnoticias.com.ar\/index.php?rest_route=\/wp\/v2\/users\/5"}],"replies":[{"embeddable":true,"href":"http:\/\/www.rtvnoticias.com.ar\/index.php?rest_route=%2Fwp%2Fv2%2Fcomments&post=36659"}],"version-history":[{"count":1,"href":"http:\/\/www.rtvnoticias.com.ar\/index.php?rest_route=\/wp\/v2\/posts\/36659\/revisions"}],"predecessor-version":[{"id":36661,"href":"http:\/\/www.rtvnoticias.com.ar\/index.php?rest_route=\/wp\/v2\/posts\/36659\/revisions\/36661"}],"wp:featuredmedia":[{"embeddable":true,"href":"http:\/\/www.rtvnoticias.com.ar\/index.php?rest_route=\/wp\/v2\/media\/36660"}],"wp:attachment":[{"href":"http:\/\/www.rtvnoticias.com.ar\/index.php?rest_route=%2Fwp%2Fv2%2Fmedia&parent=36659"}],"wp:term":[{"taxonomy":"category","embeddable":true,"href":"http:\/\/www.rtvnoticias.com.ar\/index.php?rest_route=%2Fwp%2Fv2%2Fcategories&post=36659"},{"taxonomy":"post_tag","embeddable":true,"href":"http:\/\/www.rtvnoticias.com.ar\/index.php?rest_route=%2Fwp%2Fv2%2Ftags&post=36659"}],"curies":[{"name":"wp","href":"https:\/\/api.w.org\/{rel}","templated":true}]}}