{"id":36669,"date":"2023-05-16T22:57:57","date_gmt":"2023-05-17T01:57:57","guid":{"rendered":"http:\/\/www.rtvnoticias.com.ar\/?p=36669"},"modified":"2023-05-16T22:58:00","modified_gmt":"2023-05-17T01:58:00","slug":"cristina-kirchner-anuncio-que-no-sera-candidata-no-voy-a-ser-mascota-del-poder","status":"publish","type":"post","link":"http:\/\/www.rtvnoticias.com.ar\/?p=36669","title":{"rendered":"Cristina Kirchner anunci\u00f3 que no ser\u00e1 candidata: \u00abNo voy a ser mascota del poder\u00bb"},"content":{"rendered":"\n<p>La vicepresidenta Cristina Kirchner reiter\u00f3 que no ser\u00e1 candidata este a\u00f1o, y se\u00f1al\u00f3 que no tiene intenciones de ser \u00abmascota del poder\u00bb, en medio del operativo clamor que sosten\u00edan sectores del Frente de Todos.<\/p>\n\n\n\n<p>La ex mandataria ratific\u00f3 que no competir\u00e1 en estos comicios tal cual lo hab\u00eda anunciado en diciembre pasado tras haber sido condenada en la causa por irregularidades en la obra p\u00fablica de Santa Cruz.<\/p>\n\n\n\n<p>Cristina Kirchner expuso su decisi\u00f3n en coincidencia con el Congreso Nacional del PJ que tuvo lugar en el estadio de Ferro, donde los participantes arengaron su postulaci\u00f3n y tambi\u00e9n en la previa al acto en la 9 de Julio del 25 de Mayo en donde iban a pedir que confirmara sus candidatura.<\/p>\n\n\n\n<p>En una carta a la militancia, la titular del Senado consider\u00f3 se\u00f1al\u00f3 que \u00abdurante el a\u00f1o 2022 se vio como la violencia verbal y simb\u00f3lica que, desde hace a\u00f1os ven\u00eda siendo implantada en la sociedad por los medios de comunicaci\u00f3n hegem\u00f3nicos, se materializ\u00f3 en la calle a trav\u00e9s del accionar de grupos violentos que agred\u00edan, insultaban y amenazaban de muerte con bolsones mortuorios, guillotinas, antorchas, piedras y escraches\u00bb.<\/p>\n\n\n\n<p>\u00abEl objetivo de estos grupos estaba absolutamente direccionado. No era contra todos los partidos pol\u00edticos o todos los dirigentes, como en la crisis del 2001. Era contra el peronismo o el kirchnerismo, como m\u00e1s te guste\u00bb, indic\u00f3 Cristina Kirchner.<\/p>\n\n\n\n<p>\u00abLa culminaci\u00f3n de este accionar tuvo lugar aquel 1 de septiembre de 2022, frente a mi casa particular cuando, acompa\u00f1ada por Dios y la Virgen y rodeada de compa\u00f1eros y compa\u00f1eras, atentaron contra mi vida. Llamativamente, luego del magnicidio frustrado, esos grupos que organizada y semanalmente fustigaban, escrachaban y amenazaban, desaparecieron como por arte de magia. Esto confirma sin lugar a dudas, el car\u00e1cter premeditado y carente de cualquier viso de espontaneidad de la violencia pol\u00edtica de estos grupos. Eran fogoneados y financiados por la oposici\u00f3n y los medios de comunicaci\u00f3n hegem\u00f3nicos le garantizaban amplia cobertura medi\u00e1tica\u00bb, cuestion\u00f3 la vicepresidenta.<\/p>\n\n\n\n<p>Al hablar de la condena en su contra a 6 a\u00f1os de prisi\u00f3n e inhabilitaci\u00f3n de por vida para ejercer cargos p\u00fablicos, evalu\u00f3 que \u00abtiene una \u00fanica traducci\u00f3n pol\u00edtica y electoral: la proscripci\u00f3n\u00bb.<\/p>\n\n\n\n<p>\u00abComo vengo sosteniendo desde hace mucho tiempo, no se trata s\u00f3lo de la proscripci\u00f3n de una persona, sino del peronismo. Aunque algunos, por mezquindad o mediocridad, lo negaron recurriendo a tecnicismos legales, la realidad una vez m\u00e1s lo confirm\u00f3\u00bb, asegur\u00f3.<\/p>\n\n\n\n<p>La ex presidenta afirm\u00f3 que \u00abla semana pasada, despu\u00e9s de un fin de semana electoralmente adverso para Juntos por el Cambio y objetivamente favorable para el peronismo, la Corte suspendi\u00f3 las elecciones a gobernador de las provincias de Tucum\u00e1n y San Juan, a tan s\u00f3lo 72 horas del comienzo de la veda electoral y con un claro objetivo pol\u00edtico: perjudicar al peronismo y tapar sus propios delitos\u00bb.<\/p>\n\n\n\n<p>\u00abEl mismo d\u00eda y a la misma hora en que dictaban este fallo, en la Comisi\u00f3n de Juicio Pol\u00edtico de la C\u00e1mara de Diputados de la Naci\u00f3n se estaban denunciando tanto el esc\u00e1ndalo de la obra social del Poder Judicial que involucra a uno de los miembros de esta Corte, como el del enriquecimiento il\u00edcito de su Presidente\u00bb, resalt\u00f3.<\/p>\n\n\n\n<p>Y record\u00f3 sus dichos del a\u00f1o pasado tras la condena: \u00abYa lo dije el 6 de diciembre del 2022. No voy a ser mascota del poder por ninguna candidatura. He dado muestras, como nadie, de privilegiar el proyecto colectivo sobre la ubicaci\u00f3n personal. No voy a entrar en el juego perverso que nos imponen con fachada democr\u00e1tica para que esos mismos jueces, encaramados hoy en la Corte, dicten un fallo inhabilit\u00e1ndome o directamente sac\u00e1ndome cualquier candidatura que pueda ostentar, para dejar al Peronismo en absoluta fragilidad y debilidad frente a la contienda electoral\u00bb.<\/p>\n\n\n\n<p>\u00abLos hechos recientes me han dado la raz\u00f3n. No se trat\u00f3 de una decisi\u00f3n apresurada ni producto del momento, sino de una decisi\u00f3n razonada y pensada. Los conozco, s\u00e9 como piensan, como act\u00faan y como van a actuar. Los he visto a lo largo de la historia y experiment\u00e9 su juego en carne propia y de mi familia, con una persecuci\u00f3n atada con precisi\u00f3n quir\u00fargica al calendario electoral\u00bb, agreg\u00f3 Cristina Kirchner.<\/p>\n<div class=\"sharedaddy sd-sharing-enabled\"><div class=\"robots-nocontent sd-block sd-social sd-social-icon sd-sharing\"><h3 class=\"sd-title\">Comparte esto:<\/h3><div class=\"sd-content\"><ul><li class=\"share-twitter\"><a rel=\"nofollow noopener noreferrer\" data-shared=\"sharing-twitter-36669\" class=\"share-twitter sd-button share-icon no-text\" href=\"http:\/\/www.rtvnoticias.com.ar\/?p=36669&amp;share=twitter\" target=\"_blank\" title=\"Haz clic para compartir en Twitter\"><span><\/span><span class=\"sharing-screen-reader-text\">Haz clic para compartir en Twitter (Se abre en una ventana nueva)<\/span><\/a><\/li><li class=\"share-facebook\"><a rel=\"nofollow noopener noreferrer\" data-shared=\"sharing-facebook-36669\" class=\"share-facebook sd-button share-icon no-text\" href=\"http:\/\/www.rtvnoticias.com.ar\/?p=36669&amp;share=facebook\" target=\"_blank\" title=\"Haz clic para compartir en Facebook\"><span><\/span><span class=\"sharing-screen-reader-text\">Haz clic para compartir en Facebook (Se abre en una ventana nueva)<\/span><\/a><\/li><li class=\"share-jetpack-whatsapp\"><a rel=\"nofollow noopener noreferrer\" data-shared=\"\" class=\"share-jetpack-whatsapp sd-button share-icon no-text\" href=\"http:\/\/www.rtvnoticias.com.ar\/?p=36669&amp;share=jetpack-whatsapp\" target=\"_blank\" title=\"Haz clic para compartir en WhatsApp\"><span><\/span><span class=\"sharing-screen-reader-text\">Haz clic para compartir en WhatsApp (Se abre en una ventana nueva)<\/span><\/a><\/li><li class=\"share-telegram\"><a rel=\"nofollow noopener noreferrer\" data-shared=\"\" class=\"share-telegram sd-button share-icon no-text\" href=\"http:\/\/www.rtvnoticias.com.ar\/?p=36669&amp;share=telegram\" target=\"_blank\" title=\"Haz clic para compartir en Telegram\"><span><\/span><span class=\"sharing-screen-reader-text\">Haz clic para compartir en Telegram (Se abre en una ventana nueva)<\/span><\/a><\/li><li class=\"share-end\"><\/li><\/ul><\/div><\/div><\/div>","protected":false},"excerpt":{"rendered":"<p>La vicepresidenta Cristina Kirchner reiter\u00f3 que no ser\u00e1 candidata este a\u00f1o, y se\u00f1al\u00f3 que no tiene intenciones de ser \u00abmascota del poder\u00bb, en medio del<\/p>\n<div class=\"sharedaddy sd-sharing-enabled\"><div class=\"robots-nocontent sd-block sd-social sd-social-icon sd-sharing\"><h3 class=\"sd-title\">Comparte esto:<\/h3><div class=\"sd-content\"><ul><li class=\"share-twitter\"><a rel=\"nofollow noopener noreferrer\" data-shared=\"sharing-twitter-36669\" class=\"share-twitter sd-button share-icon no-text\" href=\"http:\/\/www.rtvnoticias.com.ar\/?p=36669&amp;share=twitter\" target=\"_blank\" title=\"Haz clic para compartir en Twitter\"><span><\/span><span class=\"sharing-screen-reader-text\">Haz clic para compartir en Twitter (Se abre en una ventana nueva)<\/span><\/a><\/li><li class=\"share-facebook\"><a rel=\"nofollow noopener noreferrer\" data-shared=\"sharing-facebook-36669\" class=\"share-facebook sd-button share-icon no-text\" href=\"http:\/\/www.rtvnoticias.com.ar\/?p=36669&amp;share=facebook\" target=\"_blank\" title=\"Haz clic para compartir en Facebook\"><span><\/span><span class=\"sharing-screen-reader-text\">Haz clic para compartir en Facebook (Se abre en una ventana nueva)<\/span><\/a><\/li><li class=\"share-jetpack-whatsapp\"><a rel=\"nofollow noopener noreferrer\" data-shared=\"\" class=\"share-jetpack-whatsapp sd-button share-icon no-text\" href=\"http:\/\/www.rtvnoticias.com.ar\/?p=36669&amp;share=jetpack-whatsapp\" target=\"_blank\" title=\"Haz clic para compartir en WhatsApp\"><span><\/span><span class=\"sharing-screen-reader-text\">Haz clic para compartir en WhatsApp (Se abre en una ventana nueva)<\/span><\/a><\/li><li class=\"share-telegram\"><a rel=\"nofollow noopener noreferrer\" data-shared=\"\" class=\"share-telegram sd-button share-icon no-text\" href=\"http:\/\/www.rtvnoticias.com.ar\/?p=36669&amp;share=telegram\" target=\"_blank\" title=\"Haz clic para compartir en Telegram\"><span><\/span><span class=\"sharing-screen-reader-text\">Haz clic para compartir en Telegram (Se abre en una ventana nueva)<\/span><\/a><\/li><li class=\"share-end\"><\/li><\/ul><\/div><\/div><\/div>","protected":false},"author":7,"featured_media":31848,"comment_status":"closed","ping_status":"closed","sticky":false,"template":"","format":"standard","meta":{"spay_email":"","jetpack_publicize_message":"","jetpack_is_tweetstorm":false,"jetpack_publicize_feature_enabled":true},"categories":[5],"tags":[],"jetpack_featured_media_url":"http:\/\/www.rtvnoticias.com.ar\/wp-content\/uploads\/2022\/05\/cristina.jpg","jetpack_publicize_connections":[],"jetpack_sharing_enabled":true,"_links":{"self":[{"href":"http:\/\/www.rtvnoticias.com.ar\/index.php?rest_route=\/wp\/v2\/posts\/36669"}],"collection":[{"href":"http:\/\/www.rtvnoticias.com.ar\/index.php?rest_route=\/wp\/v2\/posts"}],"about":[{"href":"http:\/\/www.rtvnoticias.com.ar\/index.php?rest_route=\/wp\/v2\/types\/post"}],"author":[{"embeddable":true,"href":"http:\/\/www.rtvnoticias.com.ar\/index.php?rest_route=\/wp\/v2\/users\/7"}],"replies":[{"embeddable":true,"href":"http:\/\/www.rtvnoticias.com.ar\/index.php?rest_route=%2Fwp%2Fv2%2Fcomments&post=36669"}],"version-history":[{"count":1,"href":"http:\/\/www.rtvnoticias.com.ar\/index.php?rest_route=\/wp\/v2\/posts\/36669\/revisions"}],"predecessor-version":[{"id":36670,"href":"http:\/\/www.rtvnoticias.com.ar\/index.php?rest_route=\/wp\/v2\/posts\/36669\/revisions\/36670"}],"wp:featuredmedia":[{"embeddable":true,"href":"http:\/\/www.rtvnoticias.com.ar\/index.php?rest_route=\/wp\/v2\/media\/31848"}],"wp:attachment":[{"href":"http:\/\/www.rtvnoticias.com.ar\/index.php?rest_route=%2Fwp%2Fv2%2Fmedia&parent=36669"}],"wp:term":[{"taxonomy":"category","embeddable":true,"href":"http:\/\/www.rtvnoticias.com.ar\/index.php?rest_route=%2Fwp%2Fv2%2Fcategories&post=36669"},{"taxonomy":"post_tag","embeddable":true,"href":"http:\/\/www.rtvnoticias.com.ar\/index.php?rest_route=%2Fwp%2Fv2%2Ftags&post=36669"}],"curies":[{"name":"wp","href":"https:\/\/api.w.org\/{rel}","templated":true}]}}