{"id":36671,"date":"2023-05-16T23:09:49","date_gmt":"2023-05-17T02:09:49","guid":{"rendered":"http:\/\/www.rtvnoticias.com.ar\/?p=36671"},"modified":"2023-05-16T23:09:55","modified_gmt":"2023-05-17T02:09:55","slug":"la-carta-completa-de-cristina-kirchner-2","status":"publish","type":"post","link":"http:\/\/www.rtvnoticias.com.ar\/?p=36671","title":{"rendered":"La carta completa de Cristina Kirchner"},"content":{"rendered":"\n<p>La vicepresidenta Cristina Kirchner anunci\u00f3 hoy que no ser\u00e1 candidata y asegur\u00f3 \u00abno voy a ser mascota del poder\u00bb. Lo hizo mediante un extensa carta que public\u00f3 en su cuenta de Facebook y que replic\u00f3 en otras redes sociales.<\/p>\n\n\n\n<p>A continuaci\u00f3n, el escrito completo de la ex Presidenta:<br><em>\u00abEn este a\u00f1o 2023, se cumplen 40 a\u00f1os de Democracia ininterrumpida en nuestro pa\u00eds. Sin embargo, una parte importante de la ciudadan\u00eda no se siente representada ni contenidas sus aspiraciones, en una Democracia que se perdi\u00f3 en lo econ\u00f3mico, degrad\u00f3 en lo social y ha comenzado a romperse en lo pol\u00edtico e institucional. Con bronca y desilusi\u00f3n aparece lo que hace tiempo atr\u00e1s denomin\u00e9 como la \u201cinsatisfacci\u00f3n democr\u00e1tica\u201d.<\/em><\/p>\n\n\n\n<p><em>La p\u00e9rdida de la Democracia econ\u00f3mica comienza a partir del a\u00f1o 2016 cuando el gobierno de Cambiemos, reci\u00e9n asumido, daba inicio a un brutal nuevo ciclo de endeudamiento externo que culminar\u00eda con el retorno del Fondo Monetario Internacional a trav\u00e9s de un pr\u00e9stamo ins\u00f3lito, in\u00e9dito y pol\u00edtico, cuyo objetivo no s\u00f3lo era ayudar a ganar las elecciones a ese \u201cgobierno amigo\u201d, sino tambi\u00e9n permitir la retirada en d\u00f3lares de los fondos de inversi\u00f3n especulativos.<\/em><\/p>\n\n\n\n<p><em>La historia que sigui\u00f3 es la misma de siempre con el Fondo en nuestro pa\u00eds: interviene, toma el tim\u00f3n de la econom\u00eda argentina, impone su programa econ\u00f3mico y se dispara otra vez el proceso inflacionario sin control en la Argentina. La casualidad no es una categor\u00eda pol\u00edtica y, por eso, no es casual que ninguno de los dos Presidentes que aceptaron el programa del FMI conserve aptitud electoral. Sin embargo, en pol\u00edtica s\u00ed hay causalidad y la determinante es la econom\u00eda.<\/em><\/p>\n\n\n\n<p><em>En este marco de brutal endeudamiento en d\u00f3lares, el car\u00e1cter bimonetario de la econom\u00eda argentina, que se suma a la ya hist\u00f3rica restricci\u00f3n externa y a la compulsi\u00f3n por la formaci\u00f3n de activos en d\u00f3lares en el exterior, inevitablemente coloca en rojo la cuenta corriente de nuestro pa\u00eds que, ante la escasez de d\u00f3lares, siempre termina con la inflaci\u00f3n descontrolada, corridas cambiarias contra la moneda nacional, devaluaci\u00f3n y m\u00e1s inflaci\u00f3n. As\u00ed resulta imposible para cualquier gobierno administrar razonablemente la natural puja distributiva por el ingreso y convierte a la inflaci\u00f3n en el m\u00e1s fenomenal instrumento de transferencia de recursos de toda la sociedad a los sectores m\u00e1s ricos y concentrados de la econom\u00eda que se apoderan de esa renta extraordinaria en un marco de laxitud tributaria. A la luz de la historia de nuestro pa\u00eds y salvo per\u00edodos de gobierno muy precisos, nada nuevo bajo el sol.<\/em><\/p>\n\n\n\n<p><em>Adem\u00e1s, resulta insoslayable se\u00f1alar las consecuencias catastr\u00f3ficas de la pandemia no s\u00f3lo en lo sanitario y social sino tambi\u00e9n en lo econ\u00f3mico, con la profundizaci\u00f3n de la concentraci\u00f3n del ingreso y el crecimiento de la pobreza. De la pandemia no salimos mejores.<\/em><\/p>\n\n\n\n<p><em>Para los que siguen repitiendo que lo monetario es la \u00fanica causal de la inflaci\u00f3n y a\u00fan conserven alg\u00fan esp\u00edritu cr\u00edtico de investigaci\u00f3n, los invito a ver los gr\u00e1ficos sobre evoluci\u00f3n de la Base Monetaria a precios constantes y como porcentaje del PBI, que publica el Banco Central todos los meses.<\/em><\/p>\n\n\n\n<p><em>Acabada la Democracia econ\u00f3mica se degrada la Democracia social y el paradigma peronista de la movilidad social ascendente. Por primera vez en la Argentina observamos como convive un bajo \u00edndice de desocupaci\u00f3n (6,3%) con un alto nivel pobreza (40%). De esta manera, encontramos trabajadores en relaci\u00f3n de dependencia que son pobres y el surgimiento de una sociedad dual, donde una parte accede a todos los bienes y servicios y la otra, mayoritaria, ve notablemente reducidas sus posibilidades de progreso o, directamente, carece de ellas.<\/em><\/p>\n\n\n\n<p><em>En estos 40 a\u00f1os de democracia ininterrumpidos tambi\u00e9n atravesamos dos crisis econ\u00f3micas y sociales de extrema gravedad: en 1989 con la hiperinflaci\u00f3n y en el 2001 con la ca\u00edda de la convertibilidad. Esta \u00faltima, adem\u00e1s, incluy\u00f3 una crisis institucional en la que se sucedieron 5 Presidentes en una semana, que fue resuelta en el marco de la Constituci\u00f3n Nacional. Sin embargo, en ninguno de estos momentos se puso en duda el Pacto Democr\u00e1tico plebiscitado en octubre de 1983, por el cual ni la violencia pol\u00edtica sobre el adversario ni la proscripci\u00f3n electoral ser\u00edan elementos del accionar pol\u00edtico.<\/em><\/p>\n\n\n\n<p><em>Hoy, los fantasmas del pasado han vuelto a la realidad pol\u00edtica argentina. Durante el a\u00f1o 2022 vimos como la violencia verbal y simb\u00f3lica que, desde hace a\u00f1os ven\u00eda siendo implantada en la sociedad por los medios de comunicaci\u00f3n hegem\u00f3nicos, se materializ\u00f3 en la calle a trav\u00e9s del accionar de grupos violentos que agred\u00edan, insultaban y amenazaban de muerte con bolsones mortuorios, guillotinas, antorchas, piedras y escraches. El objetivo de estos grupos estaba absolutamente direccionado. No era contra todos los partidos pol\u00edticos o todos los dirigentes, como en la crisis del 2001. Era contra el peronismo o el kirchnerismo, como m\u00e1s te guste.<\/em><\/p>\n\n\n\n<p><em>La culminaci\u00f3n de este accionar tuvo lugar aquel 1 de septiembre de 2022, frente a mi casa particular cuando, acompa\u00f1ada por Dios y la Virgen y rodeada de compa\u00f1eros y compa\u00f1eras, atentaron contra mi vida. Llamativamente, luego del magnicidio frustrado, esos grupos que organizada y semanalmente fustigaban, escrachaban y amenazaban, desaparecieron como por arte de magia. Esto confirma sin lugar a dudas, el car\u00e1cter premeditado y carente de cualquier viso de espontaneidad de la violencia pol\u00edtica de estos grupos. Eran fogoneados y financiados por la oposici\u00f3n y los medios de comunicaci\u00f3n hegem\u00f3nicos le garantizaban amplia cobertura medi\u00e1tica.<\/em><\/p>\n\n\n\n<p><em>\u201cLa bala que no sali\u00f3 y el fallo que s\u00ed saldr\u00e1\u201d fue el titular del diario Clar\u00edn, de H\u00e9ctor Magnetto, principal usina de difusi\u00f3n del odio hacia mi persona y mi familia; en una suerte de lamento por el fracaso del asesinato, pero anticipando el fallo que pocos d\u00edas despu\u00e9s exponentes del Partido Judicial dictar\u00edan en mi contra y cuyo resultado condenatorio preanunci\u00e9 p\u00fablicamente tres a\u00f1os antes cuando se inici\u00f3 el juicio conocido como la obra p\u00fablica de Vialidad Nacional. La condena e inhabilitaci\u00f3n en dicha causa tiene una \u00fanica traducci\u00f3n pol\u00edtica y electoral: la proscripci\u00f3n.<\/em><\/p>\n\n\n\n<p><em>Como vengo sosteniendo desde hace mucho tiempo, no se trata s\u00f3lo de la proscripci\u00f3n de una persona, sino del peronismo. Aunque algunos, por mezquindad o mediocridad, lo negaron recurriendo a tecnicismos legales, la realidad una vez m\u00e1s lo confirm\u00f3.<\/em><\/p>\n\n\n\n<p><em>La semana pasada, despu\u00e9s de un fin de semana electoralmente adverso para Juntos por el Cambio y objetivamente favorable para el peronismo, la Corte suspendi\u00f3 las elecciones a gobernador de las provincias de Tucum\u00e1n y San Juan, a tan s\u00f3lo 72hs del comienzo de la veda electoral y con un claro objetivo pol\u00edtico: perjudicar al peronismo y tapar sus propios delitos. El mismo d\u00eda y a la misma hora en que dictaban este fallo, en la Comisi\u00f3n de Juicio Pol\u00edtico de la C\u00e1mara de Diputados de la Naci\u00f3n se estaban denunciando tanto el esc\u00e1ndalo de la obra social del Poder Judicial que involucra a uno de los miembros de esta Corte, como el del enriquecimiento il\u00edcito de su Presidente. Todos y cada uno de estos hechos los mencion\u00e9 el 18 de julio del 2022 en el documento \u201cDe la corte ejemplar a la corte de los cuatro: breve cr\u00f3nica de la decadencia\u201d.<\/em><\/p>\n\n\n\n<p><em>Es que cuando habl\u00e9 de proscripci\u00f3n en diciembre de 2022, no era en ejercicio de artes adivinatorias, sino con la comprensi\u00f3n de la etapa hist\u00f3rica que estamos atravesando. As\u00ed como tres personas lo hicieron con las provincias de Tucum\u00e1n y San Juan, no tengan dudas de que lo har\u00e1n contra mi persona con el fin de evitar que el Peronismo pueda participar del proceso democr\u00e1tico, o bien debilitarlo, conduci\u00e9ndonos a un callej\u00f3n sin salida.<\/em><\/p>\n\n\n\n<p><em>Ya lo dije el 6 de diciembre del 2022. No voy a ser mascota del poder por ninguna candidatura. He dado muestras, como nadie, de privilegiar el proyecto colectivo sobre la ubicaci\u00f3n personal. No voy a entrar en el juego perverso que nos imponen con fachada democr\u00e1tica para que esos mismos jueces, encaramados hoy en la Corte, dicten un fallo inhabilit\u00e1ndome o directamente sac\u00e1ndome cualquier candidatura que pueda ostentar, para dejar al Peronismo en absoluta fragilidad y debilidad frente a la contienda electoral. Los hechos recientes me han dado la raz\u00f3n.<\/em><\/p>\n\n\n\n<p><em>No se trat\u00f3 de una decisi\u00f3n apresurada ni producto del momento, sino de una decisi\u00f3n razonada y pensada. Los conozco, s\u00e9 como piensan, como act\u00faan y como van a actuar. Los he visto a lo largo de la historia y experiment\u00e9 su juego en carne propia y de mi familia, con una persecuci\u00f3n atada con precisi\u00f3n quir\u00fargica al calendario electoral.<\/em><\/p>\n\n\n\n<p><em>Desde el 2016 el Partido Judicial funciona como una Task Force de Juntos por el Cambio y los grupos econ\u00f3micos concentrados para producir la eliminaci\u00f3n de sus adversarios pol\u00edticos. Nos provocan desde esta fachada de justicia y democracia mutilada y pretenden que caigamos en el terreno que ellos quieren: la violencia y la intolerancia. Nos tratan como enemigos y utilizan frases como \u00abeliminarnos\u00bb o \u00abterminar con el Kirchnerismo\u00bb. Nosotros no somos eso y creemos firmemente que en la Democracia hay adversarios, no enemigos.<\/em><\/p>\n\n\n\n<p><em>Debemos ser inteligentes para salir de este laberinto y romper la trampa a la cual nos quieren llevar: que tengamos una candidatura prohibida por el Partido Judicial. Porque, frente a una derecha cuya \u00fanica propuesta es arrebatar derechos, el peronismo sigue siendo el espacio pol\u00edtico que garantiza la defensa de los intereses del pueblo y de la Naci\u00f3n.<\/em><\/p>\n\n\n\n<p><em>Ante esta situaci\u00f3n resulta imprescindible -m\u00e1s que nunca- la construcci\u00f3n de un programa de gobierno que vuelva a enamorar a los argentinos y las argentinas, y convencerlos de que un pa\u00eds mejor no s\u00f3lo es posible sino que, adem\u00e1s, es deseable. Un programa de gobierno que es necesario no s\u00f3lo para el peronismo, sino para sistema democr\u00e1tico en su conjunto.<\/em><\/p>\n\n\n\n<p><em>Y en cuanto a los que exigen la desaparici\u00f3n del peronismo o del kirchnerismo -cual caricatura de la \u201csoluci\u00f3n final\u201d para la Argentina-, a 40 a\u00f1os de Democracia les recomiendo presten atenci\u00f3n a la historia y a la larga lista de \u201cexterminadores vern\u00e1culos\u201d que nunca pudieron convencer a los argentinos que comer bien y cuatro veces al d\u00eda es una cuesti\u00f3n ideol\u00f3gica; que tener un lugar digno para vivir y ver crecer a sus hijos, estudiar y progresar es de populistas; o que trabajo y salarios dignos es una creencia antigua. A ellos les digo: no pudieron ni podr\u00e1n acabar con la memoria ni los sue\u00f1os de millones de argentinos y argentinas a vivir en una naci\u00f3n libre, cuyo pueblo progresa en orden y es feliz.<\/em><\/p>\n\n\n\n<p><em>Los abrazo a todos y a todas desde el coraz\u00f3n, como siempre\u00bb.<\/em><\/p>\n<div class=\"sharedaddy sd-sharing-enabled\"><div class=\"robots-nocontent sd-block sd-social sd-social-icon sd-sharing\"><h3 class=\"sd-title\">Comparte esto:<\/h3><div class=\"sd-content\"><ul><li class=\"share-twitter\"><a rel=\"nofollow noopener noreferrer\" data-shared=\"sharing-twitter-36671\" class=\"share-twitter sd-button share-icon no-text\" href=\"http:\/\/www.rtvnoticias.com.ar\/?p=36671&amp;share=twitter\" target=\"_blank\" title=\"Haz clic para compartir en Twitter\"><span><\/span><span class=\"sharing-screen-reader-text\">Haz clic para compartir en Twitter (Se abre en una ventana nueva)<\/span><\/a><\/li><li class=\"share-facebook\"><a rel=\"nofollow noopener noreferrer\" data-shared=\"sharing-facebook-36671\" class=\"share-facebook sd-button share-icon no-text\" href=\"http:\/\/www.rtvnoticias.com.ar\/?p=36671&amp;share=facebook\" target=\"_blank\" title=\"Haz clic para compartir en Facebook\"><span><\/span><span class=\"sharing-screen-reader-text\">Haz clic para compartir en Facebook (Se abre en una ventana nueva)<\/span><\/a><\/li><li class=\"share-jetpack-whatsapp\"><a rel=\"nofollow noopener noreferrer\" data-shared=\"\" class=\"share-jetpack-whatsapp sd-button share-icon no-text\" href=\"http:\/\/www.rtvnoticias.com.ar\/?p=36671&amp;share=jetpack-whatsapp\" target=\"_blank\" title=\"Haz clic para compartir en WhatsApp\"><span><\/span><span class=\"sharing-screen-reader-text\">Haz clic para compartir en WhatsApp (Se abre en una ventana nueva)<\/span><\/a><\/li><li class=\"share-telegram\"><a rel=\"nofollow noopener noreferrer\" data-shared=\"\" class=\"share-telegram sd-button share-icon no-text\" href=\"http:\/\/www.rtvnoticias.com.ar\/?p=36671&amp;share=telegram\" target=\"_blank\" title=\"Haz clic para compartir en Telegram\"><span><\/span><span class=\"sharing-screen-reader-text\">Haz clic para compartir en Telegram (Se abre en una ventana nueva)<\/span><\/a><\/li><li class=\"share-end\"><\/li><\/ul><\/div><\/div><\/div>","protected":false},"excerpt":{"rendered":"<p>La vicepresidenta Cristina Kirchner anunci\u00f3 hoy que no ser\u00e1 candidata y asegur\u00f3 \u00abno voy a ser mascota del poder\u00bb. Lo hizo mediante un extensa carta<\/p>\n<div class=\"sharedaddy sd-sharing-enabled\"><div class=\"robots-nocontent sd-block sd-social sd-social-icon sd-sharing\"><h3 class=\"sd-title\">Comparte esto:<\/h3><div class=\"sd-content\"><ul><li class=\"share-twitter\"><a rel=\"nofollow noopener noreferrer\" data-shared=\"sharing-twitter-36671\" class=\"share-twitter sd-button share-icon no-text\" href=\"http:\/\/www.rtvnoticias.com.ar\/?p=36671&amp;share=twitter\" target=\"_blank\" title=\"Haz clic para compartir en Twitter\"><span><\/span><span class=\"sharing-screen-reader-text\">Haz clic para compartir en Twitter (Se abre en una ventana nueva)<\/span><\/a><\/li><li class=\"share-facebook\"><a rel=\"nofollow noopener noreferrer\" data-shared=\"sharing-facebook-36671\" class=\"share-facebook sd-button share-icon no-text\" href=\"http:\/\/www.rtvnoticias.com.ar\/?p=36671&amp;share=facebook\" target=\"_blank\" title=\"Haz clic para compartir en Facebook\"><span><\/span><span class=\"sharing-screen-reader-text\">Haz clic para compartir en Facebook (Se abre en una ventana nueva)<\/span><\/a><\/li><li class=\"share-jetpack-whatsapp\"><a rel=\"nofollow noopener noreferrer\" data-shared=\"\" class=\"share-jetpack-whatsapp sd-button share-icon no-text\" href=\"http:\/\/www.rtvnoticias.com.ar\/?p=36671&amp;share=jetpack-whatsapp\" target=\"_blank\" title=\"Haz clic para compartir en WhatsApp\"><span><\/span><span class=\"sharing-screen-reader-text\">Haz clic para compartir en WhatsApp (Se abre en una ventana nueva)<\/span><\/a><\/li><li class=\"share-telegram\"><a rel=\"nofollow noopener noreferrer\" data-shared=\"\" class=\"share-telegram sd-button share-icon no-text\" href=\"http:\/\/www.rtvnoticias.com.ar\/?p=36671&amp;share=telegram\" target=\"_blank\" title=\"Haz clic para compartir en Telegram\"><span><\/span><span class=\"sharing-screen-reader-text\">Haz clic para compartir en Telegram (Se abre en una ventana nueva)<\/span><\/a><\/li><li class=\"share-end\"><\/li><\/ul><\/div><\/div><\/div>","protected":false},"author":7,"featured_media":35883,"comment_status":"closed","ping_status":"closed","sticky":false,"template":"","format":"standard","meta":{"spay_email":"","jetpack_publicize_message":"","jetpack_is_tweetstorm":false,"jetpack_publicize_feature_enabled":true},"categories":[5],"tags":[],"jetpack_featured_media_url":"http:\/\/www.rtvnoticias.com.ar\/wp-content\/uploads\/2023\/03\/cfk.jpg","jetpack_publicize_connections":[],"jetpack_sharing_enabled":true,"_links":{"self":[{"href":"http:\/\/www.rtvnoticias.com.ar\/index.php?rest_route=\/wp\/v2\/posts\/36671"}],"collection":[{"href":"http:\/\/www.rtvnoticias.com.ar\/index.php?rest_route=\/wp\/v2\/posts"}],"about":[{"href":"http:\/\/www.rtvnoticias.com.ar\/index.php?rest_route=\/wp\/v2\/types\/post"}],"author":[{"embeddable":true,"href":"http:\/\/www.rtvnoticias.com.ar\/index.php?rest_route=\/wp\/v2\/users\/7"}],"replies":[{"embeddable":true,"href":"http:\/\/www.rtvnoticias.com.ar\/index.php?rest_route=%2Fwp%2Fv2%2Fcomments&post=36671"}],"version-history":[{"count":1,"href":"http:\/\/www.rtvnoticias.com.ar\/index.php?rest_route=\/wp\/v2\/posts\/36671\/revisions"}],"predecessor-version":[{"id":36672,"href":"http:\/\/www.rtvnoticias.com.ar\/index.php?rest_route=\/wp\/v2\/posts\/36671\/revisions\/36672"}],"wp:featuredmedia":[{"embeddable":true,"href":"http:\/\/www.rtvnoticias.com.ar\/index.php?rest_route=\/wp\/v2\/media\/35883"}],"wp:attachment":[{"href":"http:\/\/www.rtvnoticias.com.ar\/index.php?rest_route=%2Fwp%2Fv2%2Fmedia&parent=36671"}],"wp:term":[{"taxonomy":"category","embeddable":true,"href":"http:\/\/www.rtvnoticias.com.ar\/index.php?rest_route=%2Fwp%2Fv2%2Fcategories&post=36671"},{"taxonomy":"post_tag","embeddable":true,"href":"http:\/\/www.rtvnoticias.com.ar\/index.php?rest_route=%2Fwp%2Fv2%2Ftags&post=36671"}],"curies":[{"name":"wp","href":"https:\/\/api.w.org\/{rel}","templated":true}]}}