{"id":36675,"date":"2023-05-16T23:19:08","date_gmt":"2023-05-17T02:19:08","guid":{"rendered":"http:\/\/www.rtvnoticias.com.ar\/?p=36675"},"modified":"2023-05-16T23:19:11","modified_gmt":"2023-05-17T02:19:11","slug":"el-pj-realizo-un-congreso-sin-definiciones-y-se-entero-por-los-medios-de-la-decision-de-cristina-kirchner","status":"publish","type":"post","link":"http:\/\/www.rtvnoticias.com.ar\/?p=36675","title":{"rendered":"El PJ realiz\u00f3 un Congreso sin definiciones y se enter\u00f3 por los medios de la decisi\u00f3n de Cristina Kirchner"},"content":{"rendered":"\n<p>La carta con el nuevo \u00abrenunciamiento\u00bb de la vicepresidenta Cristina Kirchner, minutos despu\u00e9s de finalizado el Congreso nacional del Partido Justicialista, ahog\u00f3 el clamor de la dirigencia peronista presente en el microestadio de Ferro para pedir por su candidatura.<\/p>\n\n\n\n<p>Posiblemente apenas un pu\u00f1ado de incondicionales de la vicepresidenta conoc\u00eda de antemano la decisi\u00f3n que ella guardaba bajo cuatro llaves (\u00bfEduardo \u00abWado\u00bb de Pedro? \u00bfAxel Kicillof?), pero lo cierto es que el anuncio por Facebook amarg\u00f3 el \u00e1nimo de una tropa dirigente que hab\u00eda ido a expresar el sentimiento general de la militancia peronista, ya sea por deseo o por necesidad pol\u00edtica.<\/p>\n\n\n\n<p>Fue un congreso inusualmente breve, de cerca de una hora, que exhibi\u00f3 la silla vac\u00eda de su titular, el presidente Alberto Fern\u00e1ndez, quien hab\u00eda dejaba abierta la posibilidad de hacerse presente con demora.<\/p>\n\n\n\n<p>El c\u00f3nclave, que empez\u00f3 dos horas y media m\u00e1s tarde de lo programado, dej\u00f3 sabor a poco, si bien no se esperaban grandes definiciones pol\u00edticas, ya que el centro gravitante de la estrategia electoral pasaba y pasar\u00e1 por el Instituto Patria, donde manda la jefa del kirchnerismo.<\/p>\n\n\n\n<p>Apenas se dejaron ver algunos retazos de pol\u00edtica, como por ejemplo la convocatoria que hizo el ex presidente del PJ bonaerense y actual presidente del Banco Provincia Gustavo \u00abTano\u00bb Men\u00e9ndez a plegarse a la movilizaci\u00f3n que el kirchnerismo prepara para el 25 de mayo en la avenida 9 de Julio. En esa marcha la consigna principal iba a ser \u00abCristina presidenta\u00bb, por lo que se ver\u00e1 c\u00f3mo se reperfilar\u00e1 la convocatoria a partir de este renunciamiento.<\/p>\n\n\n\n<p>No fue el \u00abD\u00eda de los Inocentes\u00bb, pero se le pareci\u00f3 bastante, porque con el discurso del ex intendente de Merlo los centenares de congresales reunidos en el microestadio H\u00e9ctor Etchart empezaron a corear \u00abCristina presidenta\u00bb a todo pulm\u00f3n, y desde el escenario los referentes agitaban con arengas.<\/p>\n\n\n\n<p>Tampoco se resolvi\u00f3 si la coalici\u00f3n que tiene el PJ como columna vertebral seguir\u00e1 utilizando el nombre \u00abFrente de Todos\u00bb, una marca que no pudo consolidar una imagen positiva en la sociedad luego de tres a\u00f1os y medio de gobierno de Alberto Fern\u00e1ndez.<\/p>\n\n\n\n<p>La protocolar autorizaci\u00f3n al partido a realizar alianzas pol\u00edticas con otras fuerzas pol\u00edticas fue el \u00fanico saldo concreto de la tarde. Y otro elemento destacable es que la organizaci\u00f3n del Congreso estuvo llamativamente a cargo del ministro de Interior, Wado de Pedro, lo cual permite entrever que la vicepresidenta le reserva al alto funcionario del Gobierno y referente de La C\u00e1mpora un rol importante en la conformaci\u00f3n de las f\u00f3rmulas presidenciales.<\/p>\n\n\n\n<p>Antes de comenzar el evento, la ministra de Desarrollo Social, Victoria Tolosa Paz, fue la \u00fanica que se anim\u00f3 a conjeturar un escenario electoral sin Cristina Kirchner en el mapa de candidaturas. El resto de la dirigencia no quer\u00eda o no pod\u00eda hablar de un plan B.<\/p>\n\n\n\n<p>La platense coloc\u00f3 a Alberto Fern\u00e1ndez (a quien como si se tratara de un fantasma inc\u00f3modo pr\u00e1cticamente nadie nombr\u00f3 durante toda la jornada) como el encargado junto a la vicepresidenta de dise\u00f1ar la estrategia electoral, que seg\u00fan ella desembocar\u00e1 en una PASO con competencia entre distintas f\u00f3rmulas.<\/p>\n\n\n\n<p>En esa l\u00ednea, nombr\u00f3 al dirigente social cristinista Juan Grabois, al embajador argentino en Brasil, Daniel Scioli y al jefe de Gabinete, Agust\u00edn Rossi; los tres referentes del FdT ya dejaron en claro sus intenciones por competir en la interna del oficialismo.<\/p>\n\n\n\n<p>Tolosa Paz resalt\u00f3 que ni De Pedro ni el ministro de Econom\u00eda, Sergio Massa, expresaron sus intenciones p\u00fablicamente, pero afirm\u00f3 que junto a Kicillof ser\u00e1n parte de la estrategia electoral.<\/p>\n\n\n\n<p>\u00ab(Habr\u00e1 que definir) qu\u00e9 equipo va a jugar en la \u00f3rbita nacional; qu\u00e9 equipo va a jugar en la Provincia; qui\u00e9nes vamos a ser part\u00edcipes de ese partido, qui\u00e9nes iremos al banco; qui\u00e9nes iremos de titular o de arqueros\u00bb, sostuvo la platense, una de las pocas dirigentes que interpret\u00f3 correctamente las palabras de Cristina Kirchner del 6 de diciembre del a\u00f1o pasado, cuando hab\u00eda asegurado que no ser\u00eda \u00abcandidata a nada\u00bb porque no iba a someterse a ser \u00abmascota del poder\u00bb ni llevar al peronismo a la injusticia de competir con una candidata \u00abproscripta\u00bb y vilipendiada por la Justicia.<\/p>\n\n\n\n<p>Del acto fueron de la partida el presidente del Congreso partidario, Gildo Insfr\u00e1n, otros gobernadores como el mencionado Kicillof (Buenos Aires), Juan Manzur (Tucum\u00e1n), Sergio Ziliotto (La Pampa), Ricardo Quintela (La Rioja), Ra\u00fal Jalil (Catamarca) y Alicia Kirchner (Santa Cruz); miembros del Gabinete nacional como Agust\u00edn Rossi (Jefe de Gabinete), Santiago Cafiero (canciller), Tolosa Paz (Desarrollo Social), Jorge Taiana (Defensa), Kelly Olmos (Trabajo), Mart\u00edn Soria (Justicia), Daniel Filmus (Ciencia) y Julio Vitobello (secretaria general de la Presidencia).<\/p>\n\n\n\n<p>Tambi\u00e9n dirigentes sindicales como Antonio Cal\u00f3, Ricardo Pignanelli, Andr\u00e9s Rodr\u00edguez, Jos\u00e9 Luis Lingeri y Abel Furl\u00e1n; la directora de ANSES, Fernanda Raverta; la vicegobernadora bonaerense, Ver\u00f3nica Magario; los ministros bonaerenses Cristina \u00c1lvarez Rodr\u00edguez (Gobierno) y Andr\u00e9s Larroque (Desarrollo de la Comunidad); diputados nacionales como Paula Penacca y Jos\u00e9 Luis Gioja; el intendente de La Matanza, Fernando Espinoza; la diputada bonaerense Teresa Garc\u00eda.<\/p>\n\n\n\n<p>\u00abTenemos la posibilidad de llegar a la elecci\u00f3n competitivos porque la oposici\u00f3n hoy no es solamente un partido pol\u00edtico, hoy es la Justicia, son ciertos medios de comunicaci\u00f3n que desinforman y generar odio sobre algunas figuras, en especial sobre Cristina\u00bb, sostuvo \u00c1lvarez Rodr\u00edguez en di\u00e1logo con NA.<\/p>\n\n\n\n<p>Por su parte, Gioja resalt\u00f3 que el peronismo est\u00e1 \u00abtransitando un camino de unidad y cuando hay unidad el \u00e9xito es lo que viene\u00bb.<\/p>\n\n\n\n<p>\u00abVamos a empezar a construir el \u00e9xito y cerrar las puertas a esta derecha cruel, neoliberal que no le interesa la solidaridad. Hay que buscar los mejores candidatos y candidatas\u00bb, sum\u00f3 el sanjuanino, precandidato a gobernador de su provincia, a Noticias Argentinas.<\/p>\n<div class=\"sharedaddy sd-sharing-enabled\"><div class=\"robots-nocontent sd-block sd-social sd-social-icon sd-sharing\"><h3 class=\"sd-title\">Comparte esto:<\/h3><div class=\"sd-content\"><ul><li class=\"share-twitter\"><a rel=\"nofollow noopener noreferrer\" data-shared=\"sharing-twitter-36675\" class=\"share-twitter sd-button share-icon no-text\" href=\"http:\/\/www.rtvnoticias.com.ar\/?p=36675&amp;share=twitter\" target=\"_blank\" title=\"Haz clic para compartir en Twitter\"><span><\/span><span class=\"sharing-screen-reader-text\">Haz clic para compartir en Twitter (Se abre en una ventana nueva)<\/span><\/a><\/li><li class=\"share-facebook\"><a rel=\"nofollow noopener noreferrer\" data-shared=\"sharing-facebook-36675\" class=\"share-facebook sd-button share-icon no-text\" href=\"http:\/\/www.rtvnoticias.com.ar\/?p=36675&amp;share=facebook\" target=\"_blank\" title=\"Haz clic para compartir en Facebook\"><span><\/span><span class=\"sharing-screen-reader-text\">Haz clic para compartir en Facebook (Se abre en una ventana nueva)<\/span><\/a><\/li><li class=\"share-jetpack-whatsapp\"><a rel=\"nofollow noopener noreferrer\" data-shared=\"\" class=\"share-jetpack-whatsapp sd-button share-icon no-text\" href=\"http:\/\/www.rtvnoticias.com.ar\/?p=36675&amp;share=jetpack-whatsapp\" target=\"_blank\" title=\"Haz clic para compartir en WhatsApp\"><span><\/span><span class=\"sharing-screen-reader-text\">Haz clic para compartir en WhatsApp (Se abre en una ventana nueva)<\/span><\/a><\/li><li class=\"share-telegram\"><a rel=\"nofollow noopener noreferrer\" data-shared=\"\" class=\"share-telegram sd-button share-icon no-text\" href=\"http:\/\/www.rtvnoticias.com.ar\/?p=36675&amp;share=telegram\" target=\"_blank\" title=\"Haz clic para compartir en Telegram\"><span><\/span><span class=\"sharing-screen-reader-text\">Haz clic para compartir en Telegram (Se abre en una ventana nueva)<\/span><\/a><\/li><li class=\"share-end\"><\/li><\/ul><\/div><\/div><\/div>","protected":false},"excerpt":{"rendered":"<p>La carta con el nuevo \u00abrenunciamiento\u00bb de la vicepresidenta Cristina Kirchner, minutos despu\u00e9s de finalizado el Congreso nacional del Partido Justicialista, ahog\u00f3 el clamor de<\/p>\n<div class=\"sharedaddy sd-sharing-enabled\"><div class=\"robots-nocontent sd-block sd-social sd-social-icon sd-sharing\"><h3 class=\"sd-title\">Comparte esto:<\/h3><div class=\"sd-content\"><ul><li class=\"share-twitter\"><a rel=\"nofollow noopener noreferrer\" data-shared=\"sharing-twitter-36675\" class=\"share-twitter sd-button share-icon no-text\" href=\"http:\/\/www.rtvnoticias.com.ar\/?p=36675&amp;share=twitter\" target=\"_blank\" title=\"Haz clic para compartir en Twitter\"><span><\/span><span class=\"sharing-screen-reader-text\">Haz clic para compartir en Twitter (Se abre en una ventana nueva)<\/span><\/a><\/li><li class=\"share-facebook\"><a rel=\"nofollow noopener noreferrer\" data-shared=\"sharing-facebook-36675\" class=\"share-facebook sd-button share-icon no-text\" href=\"http:\/\/www.rtvnoticias.com.ar\/?p=36675&amp;share=facebook\" target=\"_blank\" title=\"Haz clic para compartir en Facebook\"><span><\/span><span class=\"sharing-screen-reader-text\">Haz clic para compartir en Facebook (Se abre en una ventana nueva)<\/span><\/a><\/li><li class=\"share-jetpack-whatsapp\"><a rel=\"nofollow noopener noreferrer\" data-shared=\"\" class=\"share-jetpack-whatsapp sd-button share-icon no-text\" href=\"http:\/\/www.rtvnoticias.com.ar\/?p=36675&amp;share=jetpack-whatsapp\" target=\"_blank\" title=\"Haz clic para compartir en WhatsApp\"><span><\/span><span class=\"sharing-screen-reader-text\">Haz clic para compartir en WhatsApp (Se abre en una ventana nueva)<\/span><\/a><\/li><li class=\"share-telegram\"><a rel=\"nofollow noopener noreferrer\" data-shared=\"\" class=\"share-telegram sd-button share-icon no-text\" href=\"http:\/\/www.rtvnoticias.com.ar\/?p=36675&amp;share=telegram\" target=\"_blank\" title=\"Haz clic para compartir en Telegram\"><span><\/span><span class=\"sharing-screen-reader-text\">Haz clic para compartir en Telegram (Se abre en una ventana nueva)<\/span><\/a><\/li><li class=\"share-end\"><\/li><\/ul><\/div><\/div><\/div>","protected":false},"author":7,"featured_media":36676,"comment_status":"closed","ping_status":"closed","sticky":false,"template":"","format":"standard","meta":{"spay_email":"","jetpack_publicize_message":"","jetpack_is_tweetstorm":false,"jetpack_publicize_feature_enabled":true},"categories":[5],"tags":[],"jetpack_featured_media_url":"http:\/\/www.rtvnoticias.com.ar\/wp-content\/uploads\/2023\/05\/congreso-pj.jpg","jetpack_publicize_connections":[],"jetpack_sharing_enabled":true,"_links":{"self":[{"href":"http:\/\/www.rtvnoticias.com.ar\/index.php?rest_route=\/wp\/v2\/posts\/36675"}],"collection":[{"href":"http:\/\/www.rtvnoticias.com.ar\/index.php?rest_route=\/wp\/v2\/posts"}],"about":[{"href":"http:\/\/www.rtvnoticias.com.ar\/index.php?rest_route=\/wp\/v2\/types\/post"}],"author":[{"embeddable":true,"href":"http:\/\/www.rtvnoticias.com.ar\/index.php?rest_route=\/wp\/v2\/users\/7"}],"replies":[{"embeddable":true,"href":"http:\/\/www.rtvnoticias.com.ar\/index.php?rest_route=%2Fwp%2Fv2%2Fcomments&post=36675"}],"version-history":[{"count":1,"href":"http:\/\/www.rtvnoticias.com.ar\/index.php?rest_route=\/wp\/v2\/posts\/36675\/revisions"}],"predecessor-version":[{"id":36677,"href":"http:\/\/www.rtvnoticias.com.ar\/index.php?rest_route=\/wp\/v2\/posts\/36675\/revisions\/36677"}],"wp:featuredmedia":[{"embeddable":true,"href":"http:\/\/www.rtvnoticias.com.ar\/index.php?rest_route=\/wp\/v2\/media\/36676"}],"wp:attachment":[{"href":"http:\/\/www.rtvnoticias.com.ar\/index.php?rest_route=%2Fwp%2Fv2%2Fmedia&parent=36675"}],"wp:term":[{"taxonomy":"category","embeddable":true,"href":"http:\/\/www.rtvnoticias.com.ar\/index.php?rest_route=%2Fwp%2Fv2%2Fcategories&post=36675"},{"taxonomy":"post_tag","embeddable":true,"href":"http:\/\/www.rtvnoticias.com.ar\/index.php?rest_route=%2Fwp%2Fv2%2Ftags&post=36675"}],"curies":[{"name":"wp","href":"https:\/\/api.w.org\/{rel}","templated":true}]}}