{"id":36682,"date":"2023-05-17T20:11:27","date_gmt":"2023-05-17T23:11:27","guid":{"rendered":"http:\/\/www.rtvnoticias.com.ar\/?p=36682"},"modified":"2023-05-17T20:11:30","modified_gmt":"2023-05-17T23:11:30","slug":"plan-mi-casa-1-cuatro-familias-de-monte-nievas-recibieron-sus-viviendas","status":"publish","type":"post","link":"http:\/\/www.rtvnoticias.com.ar\/?p=36682","title":{"rendered":"Plan \u201cMi Casa 1\u201d: cuatro familias de Monte Nievas recibieron sus viviendas"},"content":{"rendered":"\n<p>El titular IPAV, Jorge Lezcano, encabez\u00f3 esta ma\u00f1ana el acto de entrega de cuatro viviendas a familias de Monte Nievas construidas a trav\u00e9s del Plan \u00abMi Casa 1\u00bb, en el cual el Gobierno provincial aporta la totalidad de los fondos y las comunas tienen a su cargo la construcci\u00f3n y adjudicaci\u00f3n de las unidades habitacionales.<\/p>\n\n\n\n<p>El funcionario provincial estuvo acompa\u00f1ado por el intendente local, Germ\u00e1n Wilberger, y la gerenta de Planificaci\u00f3n y Adjudicaciones del organismo, Erica Riboyra. Adem\u00e1s, cada familia recibi\u00f3 una biblioteca del Programa \u201cLibros y Casas\u201d.<\/p>\n\n\n\n<p>Lezcano, habl\u00f3 en nombre del Gobierno provincial y traslad\u00f3 los saludos del gobernador Sergio Ziliotto, \u201cestos momentos son los que representamos al Gobernador y les transmitimos sus sentimientos por este momento tan importante para ustedes\u201d.<\/p>\n\n\n\n<p>Agreg\u00f3 que \u201centregar viviendas es muy grato y es la tercera vez en esta gesti\u00f3n que venimos a Monte Nievas. Vemos como est\u00e1 la localidad y como su intendente se preocupa por las obras. Y ya hay otras cuatro casas en ejecuci\u00f3n. Hoy aqu\u00ed me dec\u00eda la gerenta\u00a0que hay familias que ya recibieron su vivienda y que hoy vienen a acompa\u00f1ar este momento. Eso es el Plan \u00abMi Casa\u00bb y debemos mantenerlo. Como dice el Gobernador\u00a0debemos diversificar: tenemos Programas nacionales, provinciales y los municipios ya comienzan a tener el propio para que cada uno de los estamentos d\u00e9\u00a0soluciones. Este \u201cMi Casa\u201d tiene otros objetivos que hacen a \u00a0la\u00a0pol\u00edtica de Estado como movilizar la econom\u00eda y generar trabajo\u201d.<\/p>\n\n\n\n<p>Remarc\u00f3 adem\u00e1s que \u201cluego viene el recupero de la cuota que queda al municipio y ah\u00ed es donde son ustedes desde la localidad quienes se comprometen. Y esa relaci\u00f3n entre soluciones coordinadas es lo que nos permite darles soluciones a quienes m\u00e1s lo necesitan. Felicitaciones a estas familias, disfruten y ojal\u00e1 podamos volver pronto a Monte Nievas a inaugurar las cuatro que est\u00e1n en marcha porque de eso se trata rendir cuentas\u201d, culmin\u00f3 el presidente\u00a0del IPAV.<\/p>\n\n\n\n<p><strong>CONCEPTOS DEL INTENDENTE<\/strong><\/p>\n\n\n\n<p>El intendente\u00a0agradeci\u00f3 al Gobernador por esta entrega, \u201ces un d\u00eda especial. Con esta vivienda ya van 14 entregadas y tenemos otras cuatro en construcci\u00f3n. Tanto el Gobierno provincial como el IPAV\u00a0 nos dan este mecanismo de construcci\u00f3n que nos lleva la responsabilidad de cumplir en tiempo y forma para poder entregarlas. Ahora viene la obligaci\u00f3n del pago de la cuota para que este plan siga funcionando\u00a0 y seguir construyendo m\u00e1s viviendas para las localidad. Disfrutan las viviendas y convivan en armon\u00eda para lograr el desarrollo de Monte Nievas\u201d, finaliz\u00f3 el jefe comunal.<\/p>\n\n\n\n<p><strong>PALABRAS DE UNA ADJUDICATARIA<\/strong><\/p>\n\n\n\n<p>La adjudicataria Natalia Borghi dijo que se trata de un d\u00eda especial \u00abporque accedemos a la vivienda propia y comenzamos un nuevo proyecto de vida. Tambi\u00e9n estamos dando un techo seguro y digno a nuestros hijos. Agradecemos a todas las autoridades\u00a0y nos comprometemos a cumplir nuestras obligaciones para que m\u00e1s familias puedan vivir este momento en que se cumplen nuestros sue\u00f1os\u201d.<\/p>\n<div class=\"sharedaddy sd-sharing-enabled\"><div class=\"robots-nocontent sd-block sd-social sd-social-icon sd-sharing\"><h3 class=\"sd-title\">Comparte esto:<\/h3><div class=\"sd-content\"><ul><li class=\"share-twitter\"><a rel=\"nofollow noopener noreferrer\" data-shared=\"sharing-twitter-36682\" class=\"share-twitter sd-button share-icon no-text\" href=\"http:\/\/www.rtvnoticias.com.ar\/?p=36682&amp;share=twitter\" target=\"_blank\" title=\"Haz clic para compartir en Twitter\"><span><\/span><span class=\"sharing-screen-reader-text\">Haz clic para compartir en Twitter (Se abre en una ventana nueva)<\/span><\/a><\/li><li class=\"share-facebook\"><a rel=\"nofollow noopener noreferrer\" data-shared=\"sharing-facebook-36682\" class=\"share-facebook sd-button share-icon no-text\" href=\"http:\/\/www.rtvnoticias.com.ar\/?p=36682&amp;share=facebook\" target=\"_blank\" title=\"Haz clic para compartir en Facebook\"><span><\/span><span class=\"sharing-screen-reader-text\">Haz clic para compartir en Facebook (Se abre en una ventana nueva)<\/span><\/a><\/li><li class=\"share-jetpack-whatsapp\"><a rel=\"nofollow noopener noreferrer\" data-shared=\"\" class=\"share-jetpack-whatsapp sd-button share-icon no-text\" href=\"http:\/\/www.rtvnoticias.com.ar\/?p=36682&amp;share=jetpack-whatsapp\" target=\"_blank\" title=\"Haz clic para compartir en WhatsApp\"><span><\/span><span class=\"sharing-screen-reader-text\">Haz clic para compartir en WhatsApp (Se abre en una ventana nueva)<\/span><\/a><\/li><li class=\"share-telegram\"><a rel=\"nofollow noopener noreferrer\" data-shared=\"\" class=\"share-telegram sd-button share-icon no-text\" href=\"http:\/\/www.rtvnoticias.com.ar\/?p=36682&amp;share=telegram\" target=\"_blank\" title=\"Haz clic para compartir en Telegram\"><span><\/span><span class=\"sharing-screen-reader-text\">Haz clic para compartir en Telegram (Se abre en una ventana nueva)<\/span><\/a><\/li><li class=\"share-end\"><\/li><\/ul><\/div><\/div><\/div>","protected":false},"excerpt":{"rendered":"<p>El titular IPAV, Jorge Lezcano, encabez\u00f3 esta ma\u00f1ana el acto de entrega de cuatro viviendas a familias de Monte Nievas construidas a trav\u00e9s del Plan<\/p>\n<div class=\"sharedaddy sd-sharing-enabled\"><div class=\"robots-nocontent sd-block sd-social sd-social-icon sd-sharing\"><h3 class=\"sd-title\">Comparte esto:<\/h3><div class=\"sd-content\"><ul><li class=\"share-twitter\"><a rel=\"nofollow noopener noreferrer\" data-shared=\"sharing-twitter-36682\" class=\"share-twitter sd-button share-icon no-text\" href=\"http:\/\/www.rtvnoticias.com.ar\/?p=36682&amp;share=twitter\" target=\"_blank\" title=\"Haz clic para compartir en Twitter\"><span><\/span><span class=\"sharing-screen-reader-text\">Haz clic para compartir en Twitter (Se abre en una ventana nueva)<\/span><\/a><\/li><li class=\"share-facebook\"><a rel=\"nofollow noopener noreferrer\" data-shared=\"sharing-facebook-36682\" class=\"share-facebook sd-button share-icon no-text\" href=\"http:\/\/www.rtvnoticias.com.ar\/?p=36682&amp;share=facebook\" target=\"_blank\" title=\"Haz clic para compartir en Facebook\"><span><\/span><span class=\"sharing-screen-reader-text\">Haz clic para compartir en Facebook (Se abre en una ventana nueva)<\/span><\/a><\/li><li class=\"share-jetpack-whatsapp\"><a rel=\"nofollow noopener noreferrer\" data-shared=\"\" class=\"share-jetpack-whatsapp sd-button share-icon no-text\" href=\"http:\/\/www.rtvnoticias.com.ar\/?p=36682&amp;share=jetpack-whatsapp\" target=\"_blank\" title=\"Haz clic para compartir en WhatsApp\"><span><\/span><span class=\"sharing-screen-reader-text\">Haz clic para compartir en WhatsApp (Se abre en una ventana nueva)<\/span><\/a><\/li><li class=\"share-telegram\"><a rel=\"nofollow noopener noreferrer\" data-shared=\"\" class=\"share-telegram sd-button share-icon no-text\" href=\"http:\/\/www.rtvnoticias.com.ar\/?p=36682&amp;share=telegram\" target=\"_blank\" title=\"Haz clic para compartir en Telegram\"><span><\/span><span class=\"sharing-screen-reader-text\">Haz clic para compartir en Telegram (Se abre en una ventana nueva)<\/span><\/a><\/li><li class=\"share-end\"><\/li><\/ul><\/div><\/div><\/div>","protected":false},"author":5,"featured_media":36683,"comment_status":"closed","ping_status":"closed","sticky":false,"template":"","format":"standard","meta":{"spay_email":"","jetpack_publicize_message":"","jetpack_is_tweetstorm":false,"jetpack_publicize_feature_enabled":true},"categories":[4],"tags":[4048],"jetpack_featured_media_url":"http:\/\/www.rtvnoticias.com.ar\/wp-content\/uploads\/2023\/05\/casas-montenievas.jpg","jetpack_publicize_connections":[],"jetpack_sharing_enabled":true,"_links":{"self":[{"href":"http:\/\/www.rtvnoticias.com.ar\/index.php?rest_route=\/wp\/v2\/posts\/36682"}],"collection":[{"href":"http:\/\/www.rtvnoticias.com.ar\/index.php?rest_route=\/wp\/v2\/posts"}],"about":[{"href":"http:\/\/www.rtvnoticias.com.ar\/index.php?rest_route=\/wp\/v2\/types\/post"}],"author":[{"embeddable":true,"href":"http:\/\/www.rtvnoticias.com.ar\/index.php?rest_route=\/wp\/v2\/users\/5"}],"replies":[{"embeddable":true,"href":"http:\/\/www.rtvnoticias.com.ar\/index.php?rest_route=%2Fwp%2Fv2%2Fcomments&post=36682"}],"version-history":[{"count":1,"href":"http:\/\/www.rtvnoticias.com.ar\/index.php?rest_route=\/wp\/v2\/posts\/36682\/revisions"}],"predecessor-version":[{"id":36684,"href":"http:\/\/www.rtvnoticias.com.ar\/index.php?rest_route=\/wp\/v2\/posts\/36682\/revisions\/36684"}],"wp:featuredmedia":[{"embeddable":true,"href":"http:\/\/www.rtvnoticias.com.ar\/index.php?rest_route=\/wp\/v2\/media\/36683"}],"wp:attachment":[{"href":"http:\/\/www.rtvnoticias.com.ar\/index.php?rest_route=%2Fwp%2Fv2%2Fmedia&parent=36682"}],"wp:term":[{"taxonomy":"category","embeddable":true,"href":"http:\/\/www.rtvnoticias.com.ar\/index.php?rest_route=%2Fwp%2Fv2%2Fcategories&post=36682"},{"taxonomy":"post_tag","embeddable":true,"href":"http:\/\/www.rtvnoticias.com.ar\/index.php?rest_route=%2Fwp%2Fv2%2Ftags&post=36682"}],"curies":[{"name":"wp","href":"https:\/\/api.w.org\/{rel}","templated":true}]}}